{"id":8952,"date":"2026-04-08T11:06:36","date_gmt":"2026-04-08T15:06:36","guid":{"rendered":"https:\/\/pafso.com\/?p=8952"},"modified":"2026-04-08T11:06:36","modified_gmt":"2026-04-08T15:06:36","slug":"mise-a-jour-de-la-presidente-de-lapase-du-2-avril-2026","status":"publish","type":"post","link":"https:\/\/pafso.com\/fr\/mise-a-jour-de-la-presidente\/mise-a-jour-de-la-presidente-de-lapase-du-2-avril-2026\/","title":{"rendered":"Mise \u00e0 jour de la pr\u00e9sidente de l\u2019APASE du 2 avril 2026"},"content":{"rendered":"\t\t<div data-elementor-type=\"wp-post\" data-elementor-id=\"8952\" class=\"elementor elementor-8952\" data-elementor-post-type=\"post\">\n\t\t\t\t<div class=\"elementor-element elementor-element-b124c14 e-flex e-con-boxed e-con e-parent\" data-id=\"b124c14\" data-element_type=\"container\" data-e-type=\"container\">\n\t\t\t\t\t<div class=\"e-con-inner\">\n\t\t\t\t<div class=\"elementor-element elementor-element-1a6139a elementor-widget elementor-widget-text-editor\" data-id=\"1a6139a\" data-element_type=\"widget\" data-e-type=\"widget\" data-widget_type=\"text-editor.default\">\n\t\t\t\t<div class=\"elementor-widget-container\">\n\t\t\t\t\t\t\t\t\t<p>Chers membres,&nbsp;<\/p>\n<p>Joyeuse premi\u00e8re journ\u00e9e du printemps. J\u2019esp\u00e8re que je ne nous jette pas un mauvais sort en disant cela&nbsp;et que nous pourrons sortir de l\u2019alternance de pluie et de neige, puis encore de la pluie, que nous avons subie \u00e0 Ottawa. Je suis rentr\u00e9e de&nbsp;vacances depuis une semaine, et je suis heureuse de vous donner un compte rendu de tout ce qui s\u2019est pass\u00e9 depuis mon dernier message.&nbsp;<\/p>\n<p><strong>La publication des plans minist\u00e9riels<\/strong><\/p>\n<p>La semaine derni\u00e8re, <a href=\"https:\/\/international.canada.ca\/fr\/affaires-mondiales\/organisation\/rapports\/plan-ministeriel\/affaires-mondiales-2026-2027-plan-ministeriel\"><u>AMC<\/u><\/a> et&nbsp;<a href=\"https:\/\/www.canada.ca\/fr\/immigration-refugies-citoyennete\/organisation\/publications-guides\/plans-ministeriels\/2026-27-plan-ministeriel\/plan-ministeriel-2026-2027-complet.html\"><u>IRCC<\/u><\/a>&nbsp;ont tous les deux d\u00e9pos\u00e9 leurs plans minist\u00e9riels pour 2026-2027, r\u00e9v\u00e9lant un foss\u00e9 entre les ambitions mondiales du gouvernement et sa volont\u00e9 de les financer. \u00c0 AMC, la direction&nbsp;se fixe de grandes priorit\u00e9s, par ex., notre pr\u00e9sidence du G7 et l\u2019expansion de l\u2019Indo-Pacifique, tout en comprimant les d\u00e9penses de fonctionnement de plus de 560 millions de dollars. Ce plan d\u2019aust\u00e9rit\u00e9 comporte l\u2019abolition du bassin de FS-04, rejetant des d\u00e9cennies d\u2019expertise diplomatique sp\u00e9cialis\u00e9e dans des dossiers complexes comme la politique commerciale, la s\u00e9curit\u00e9 internationale, les sanctions et la souverainet\u00e9 de l\u2019Arctique au moment m\u00eame o\u00f9 on aura le plus besoin de profondeur, de m\u00e9moire institutionnelle et d\u2019exp\u00e9rience.<\/p>\n<p>De m\u00eame, IRCC demande \u00e0 ses employ\u00e9s de mettre en \u0153uvre des mesures comme des plafonds stricts de r\u00e9sidents temporaires et de moderniser divers programmes, notamment le programme de visa pour d\u00e9marrage d\u2019entreprise afin de g\u00e9rer des \u00ab&nbsp;volumes durables&nbsp;\u00bb. Parall\u00e8lement, le minist\u00e8re r\u00e9duit le financement de soutien et met de c\u00f4t\u00e9 des paliers de gestion. Pour les membres de l\u2019APASE dans les deux minist\u00e8res, l\u2019impact cumulatif est le m\u00eame : on s\u2019attend \u00e0 ce que vous absorbiez des pressions g\u00e9opolitiques croissantes et des&nbsp;r\u00e9formes d\u2019importants programmes&nbsp;comme partie int\u00e9grante d\u2019effectifs de plus en plus r\u00e9duits, sous pr\u00e9texte de \u00ab&nbsp;transformation&nbsp;\u00bb.<\/p>\n<p>L\u2019APASE s\u2019inscrit en faux contre l\u2019\u00e9limination d\u2019expertise et de fonctions cl\u00e9s du service ext\u00e9rieur \u00e0 ce moment crucial pour le r\u00f4le du Canada dans le monde. Lorsque les n\u00e9gociations collectives s\u2019amorceront, nous viserons \u00e0 r\u00e9gler divers probl\u00e8mes, notamment les niveaux de dotation, l\u2019avancement professionnel et les charges de travail, afin de prot\u00e9ger vos carri\u00e8res et votre sant\u00e9 mentale. Si le gouvernement du Canada veut atteindre&nbsp;des objectifs ambitieux dans des secteurs comme la diversification commerciale, l\u2019ex\u00e9cution de sanctions, la r\u00e9action humanitaire et la qualit\u00e9 de l\u2019aide, il doit fournir des ressources ad\u00e9quates, y compris du personnel comp\u00e9tent, reli\u00e9es \u00e0 ces objectifs.&nbsp;&nbsp;<\/p>\n<p>Nous nous effor\u00e7ons aussi de faire comprendre au public&nbsp;quelles seront les cons\u00e9quences de ces compressions pour&nbsp;lui. Les Canadiens et les Canadiennes m\u00e9ritent de savoir que d\u2019importantes compressions r\u00e9currentes \u00e0 AMC et \u00e0 IRCC signifient de r\u00e9els compromis dans ce que le Canada peut faire \u00e0 l\u2019\u00e9tranger, du soutien consulaire au d\u00e9veloppement aux partenariats de s\u00e9curit\u00e9, en passant par le soutien aux r\u00e9fugi\u00e9s. Notre message est simple : si le Canada doit piloter de grands dossiers mondiaux ou m\u00eame avoir son mot \u00e0 dire \u00e0 leur \u00e9gard, nous ne pouvons pas constamment r\u00e9duire notre coffre \u00e0 outils diplomatique et pr\u00e9tendre que rien ne changera.<\/p>\n<p><strong>Le r\u00e9am\u00e9nagement des effectifs (RE)<\/strong><\/p>\n<p>Il n\u2019y a eu aucun changement important depuis mon dernier message, mais, le 31&nbsp;mars, date limite pour se pr\u00e9valoir du programme de d\u00e9part volontaire \u00e0 AMC, approche \u00e0 grands pas. L\u2019APASE est toujours l\u00e0 pour pr\u00eater mainforte le cas \u00e9ch\u00e9ant, mais vous devez \u00e9galement communiquer avec votre gestionnaire ou votre conseiller ou conseill\u00e8re de fili\u00e8re si vous avez des questions. Nous continuons \u00e0 demander des pr\u00e9cisions concernant les questions que vous posez et nous mettrons \u00e0 jour nos renseignements sur le site web dans les plus brefs d\u00e9lais. Toutefois, c\u2019est \u00e0 l\u2019employeur qu\u2019il incombe de conseiller ses employ\u00e9s de mani\u00e8re qu\u2019ils puissent prendre la meilleure d\u00e9cision pour eux.&nbsp;<\/p>\n<p><strong>L\u2019incitatif \u00e0 la retraite anticip\u00e9e (IRA)<\/strong><\/p>\n<p>Le Parlement n\u2019a toujours pas adopt\u00e9 cette mesure; cependant, elle suit actuellement son cours et une d\u00e9cision pourrait \u00eatre imminente. Si vous \u00eates le moindrement int\u00e9ress\u00e9s, vous pouvez trouver de plus amples renseignements sur le <a href=\"https:\/\/www.canada.ca\/fr\/secretariat-conseil-tresor\/services\/regime-retraite\/nouvelles-annonces-pensions-avantages-sociaux\/programme-propose-incitation-retraite-anticipee.html\"><u>site web du SCT<\/u><\/a>. Rappelez-vous que, m\u00eame si vous remplissez les crit\u00e8res d\u2019admissibilit\u00e9 \u00e0 l\u2019IRA, les administrateurs g\u00e9n\u00e9raux ont toute latitude pour ce qui est d\u2019accepter ou non la demande de d\u00e9part de l\u2019employ\u00e9.e en vertu du programme et qu\u2019il n\u2019y a aucune garantie qu\u2019ils le feront.&nbsp;<\/p>\n<p>Le SCT a \u00e9tabli les crit\u00e8res d\u2019approbation suivants :<\/p>\n<ul>\n<li>La n\u00e9cessit\u00e9 pour l\u2019organisation de r\u00e9duire son effectif;<\/li>\n<li>Les services \u00e0 la population seront maintenus;<\/li>\n<li>Les besoins op\u00e9rationnels et organisationnels actuels et futurs continueront d\u2019\u00eatre satisfaits.<\/li>\n<\/ul><div><br><\/div>\n<p><strong>Le c<\/strong><strong>onflit <\/strong><strong>au Moyen-Orient<\/strong><\/p>\n<p>Nous savons qu\u2019au fur et \u00e0 mesure que le conflit au Moyen-Orient se poursuit, nos membres et leurs familles dans la r\u00e9gion continuent de servir les Canadiens et les Canadiennes m\u00eame s\u2019ils sont soumis \u00e0 beaucoup de stress. Les fermetures de l\u2019espace a\u00e9rien font qu\u2019il est difficile pour quiconque de quitter la r\u00e9gion, mais nous savons que&nbsp;nos \u00e9quipes consulaires \u2013&nbsp;et ceux et celles qui se pr\u00e9sentent pour les aider dans la r\u00e9gion et au Canada \u2013&nbsp;travaillent de longues heures pour les rapatrier. Les Canadiens et les Canadiennes devraient \u00eatre fiers du travail que vous faites pour garantir la s\u00e9curit\u00e9 de tous et toutes dans toute la mesure du possible, et nous avons \u00e9t\u00e9 heureux de constater que ce fait est soulign\u00e9&nbsp;sur la <a href=\"https:\/\/www.facebook.com\/voyageGdC\"><u>page F<\/u><u>acebook<\/u><\/a> de Voyage.gc.ca. La publication comporte d\u2019excellentes photos et des commentaires flatteurs. En voici des exemples&nbsp;:&nbsp;<\/p>\n<blockquote>\n<p>\u00ab&nbsp;We literally crossed the Israel-Egypt border on foot at Taba yesterday, and the stress was absolutely overwhelming.&nbsp;&nbsp; \u2026&nbsp; Having kind, efficient Canadian help on both sides of such a tense crossing was beyond anything we could have hoped for. We still can\u2019t find the words to thank them enough.<\/p>\n<p>To every Canadian consular officer and helper working quietly in these tough places: you are real-life heroes. From the bottom of our hearts \u2014 thank you.&nbsp;&nbsp;\u00bb<\/p>\n<\/blockquote>\n<blockquote>\n<p>\u00ab&nbsp;Only high praise for those folks who were up at all hours planning and executing evacuation plans for stranded Canadians.<\/p>\n<p>Thank you to all our embassy employees who are making this happen with professionalism and compassion.\u00bb<\/p>\n<\/blockquote>\n<p><a href=\"https:\/\/www.facebook.com\/share\/p\/16JzktH3b7\/\"><u>https:\/\/www.facebook.com\/share\/p\/16JzktH3b7\/<\/u><\/a><br>&nbsp;<a href=\"https:\/\/www.facebook.com\/share\/p\/1NX4FRKyJU\/\"><u>https:\/\/www.facebook.com\/share\/p\/1NX4FRKyJU\/<\/u><\/a><br>&nbsp;<a href=\"https:\/\/www.facebook.com\/share\/p\/18HGCuTr8w\/\"><u>https:\/\/www.facebook.com\/share\/p\/18HGCuTr8w\/<\/u><\/a><br>&nbsp;<a href=\"https:\/\/www.facebook.com\/share\/p\/1DZL6gigzG\/\"><u>https:\/\/www.facebook.com\/share\/p\/1DZL6gigzG\/<\/u><\/a><br>&nbsp;<a href=\"https:\/\/www.facebook.com\/share\/p\/1ChQk2Rgme\/\"><u>https:\/\/www.facebook.com\/share\/p\/1ChQk2Rgme\/<\/u><\/a><br>&nbsp;<a href=\"https:\/\/www.facebook.com\/share\/p\/1MsKsEoN9h\/\"><u>https:\/\/www.facebook.com\/share\/p\/1MsKsEoN9h\/<\/u><\/a><\/p>\n<p><strong>Le site web de l\u2019APASE<\/strong><\/p>\n<p>Nous avons apport\u00e9 des modifications au portail de notre site web r\u00e9serv\u00e9 aux membres. Nous avons d\u00e9sormais un <a href=\"https:\/\/pafso.com\/fr\/event\/\"><u>calend<\/u><u>rie<\/u><u>r<\/u><u> d\u2019activit\u00e9s<\/u><\/a>&nbsp;o\u00f9 nous publierons toutes les activit\u00e9s de l\u2019APASE et celles d\u2019autres organisations qui pourraient vous int\u00e9resser. Si vous souhaitez que nous y ajoutions une activit\u00e9, veuillez envoyer un courriel \u00e0 <a href=\"mailto:info@pafso.com\"><u>info@pafso.com<\/u><\/a>&nbsp;contenant les d\u00e9tails, y compris la date et l\u2019heure, le lieu et un lien aux organisateurs, de sorte que les membres puissent y acc\u00e9der directement pour obtenir de plus amples renseignements.&nbsp;<\/p>\n<p>Nous avons aussi r\u00e9organis\u00e9 le site de mani\u00e8re qu\u2019\u00e0 l\u2019ouverture de session, il soit plus facile de trouver ce que vous voulez. Nous esp\u00e9rons que ceux et celles qui ne se sont pas encore <a href=\"https:\/\/pafso.com\/fr\/membres\/ouvrir-une-session\/\"><u>i<\/u><u>nscrits<\/u><\/a>&nbsp;le feront. En outre, si le site vous pose des probl\u00e8mes, n\u2019h\u00e9sitez pas \u00e0 nous envoyer une note \u00e0 <a href=\"mailto:info@pafso.com\"><u>info@pafso.com<\/u><\/a>&nbsp;afin que nous puissions les r\u00e9gler.&nbsp;<\/p>\n<p><strong>R<\/strong><strong>appel <\/strong><strong>: <\/strong><strong>heures suppl\u00e9mentaires et autres dispositions de la convention collective<\/strong><\/p>\n<p>Les membres de l\u2019APASE passent par une p\u00e9riode difficile et occup\u00e9e, en particulier ceux et celles, nombreux, qui doivent composer avec des crises multiples tout en subissant des compressions de personnel comme de budgets de fonctionnement et en devant entendre la rh\u00e9torique de l\u2019employeur d\u2019 \u00ab&nbsp;en faire moins avec moins&nbsp;\u00bb. Le moment semble propice pour rappeler \u00e0 tous et \u00e0 toutes que les dispositions de notre <u>convention collective<\/u>, en particulier celles qui portent sur les heures suppl\u00e9mentaires (article 15) et l\u2019indemnit\u00e9 de disponibilit\u00e9 (article 17), continuent de s\u2019appliquer m\u00eame en situation de crise budg\u00e9taire.<\/p>\n<p>S\u2019il vous est demand\u00e9 de travailler des heures suppl\u00e9mentaires le soir ou le week-end et\/ou de v\u00e9rifier vos courriels ou vos appels et d\u2019y r\u00e9pondre hors des heures de travail, l\u2019employeur est tenu de vous r\u00e9mun\u00e9rer pour votre temps. Nous savons que vous pouvez subir beaucoup de pression pour que vous travailliez sans r\u00e9mun\u00e9ration dans des cas de ce genre, mais je tiens \u00e0 vous rappeler que les membres de l\u2019APASE ont travaill\u00e9 d\u2019arrache-pied pour obtenir ces dispositions. Le fait de ne pas s\u2019en pr\u00e9valoir cr\u00e9e des attentes injustes qui nous nuisent \u00e0 tous et \u00e0 toutes et emp\u00eache la direction de bien comprendre ses besoins en ressources.<\/p>\n<p>Si vous \u00eates aux prises avec des demandes de ce genre, n\u2019h\u00e9sitez pas \u00e0 rappeler \u00e0 votre gestionnaire les co\u00fbts li\u00e9s \u00e0 vos services et \u00e0 lui faire confirmer qu\u2019il vous autorise \u00e0 travailler des heures suppl\u00e9mentaires ou \u00e0 \u00eatre en disponibilit\u00e9. S\u2019il vous dit qu\u2019il n\u2019est pas dispos\u00e9 \u00e0 vous r\u00e9mun\u00e9rer ou en est incapable, mais qu\u2019il s\u2019attend \u00e0 ce que vous ex\u00e9cutiez quand m\u00eame le travail, veuillez communiquer avec notre si\u00e8ge social et parler \u00e0 l\u2019un ou l\u2019une de nos conseillers en relations de travail.<\/p>\n<p><strong>Le petit d\u00e9jeuner de l\u2019APASE avec l\u2019aut<\/strong><strong>eure <\/strong><strong>Christy Climenhage<\/strong><strong>, le 14 avril \u00e0 <\/strong><strong>09<\/strong><strong>h, heure d\u2019<\/strong><strong>Ottawa <\/strong><\/p>\n<p>Joignez-vous \u00e0 moi pour notre prochain petit d\u00e9jeuner virtuel de l\u2019APASE avec notre amie et coll\u00e8gue <a href=\"https:\/\/christyclimenhage.com\"><u>Christy Climenhage<\/u><\/a>, auteure du roman de science-fiction&nbsp;<a href=\"https:\/\/www.indigo.ca\/en-ca\/the-midnight-project\/9781998408184.html\"><u><em>The Midnight Project<\/em><\/u><\/a><em>. <\/em>Christy et moi discuterons des liens entre son \u0153uvre et les carri\u00e8res dans le service ext\u00e9rieur, ainsi que de l\u2019inspiration derri\u00e8re son livre, qui a \u00e9t\u00e9 d\u00e9crit comme \u00e9tant une \u00ab&nbsp;histoire intime qui soul\u00e8ve de grosses questions : ce que signifie \u00eatre humain malgr\u00e9 nos faiblesses, et ce que nous devons au monde et \u00e0 nous-m\u00eames face \u00e0 la d\u00e9vastation&nbsp;\u00bb.&nbsp;<\/p>\n<p>La discussion promet d\u2019\u00eatre enrichissante, et j\u2019esp\u00e8re que vous vous <a href=\"https:\/\/us02web.zoom.us\/webinar\/register\/WN_zZ40SKn3TWC631aI7OF98A\"><u>inscrirez ici<\/u><\/a> pour vous joindre \u00e0 nous.<\/p>\n<p>Nous continuons \u00e0 mettre \u00e0 jour notre information concernant le RE sur&nbsp;<a href=\"https:\/\/pafso.com\/fr\/faq\/leed-et-le-reamenagement-potentiel-des-effectifs\/\"><u>notre site web<\/u><\/a>, y compris dans la&nbsp;<a href=\"https:\/\/pafso.com\/fr\/membres\/bibliotheque-de-lapase\/\"><u>section r\u00e9serv\u00e9e aux membres<\/u><\/a>. Comme toujours, si vous avez des pr\u00e9occupations au travail, n\u2019h\u00e9sitez pas \u00e0 communiquer avec nous. Avez-vous des probl\u00e8mes concernant&nbsp;<u>votre r\u00e9mun\u00e9ration<\/u>&nbsp;? Vous estimez-vous&nbsp;victime de&nbsp;<a href=\"mailto:info@pafso.com\"><u>harc\u00e8lement<\/u><\/a>&nbsp;ou de&nbsp;<a href=\"mailto:info@pafso.com\"><u>discrimination<\/u><\/a>&nbsp;? Avez-vous un&nbsp;<u>grief<\/u>&nbsp;ou&nbsp;<u>une plainte de dotation<\/u>&nbsp;? Ou d\u00e9sirez-vous&nbsp;simplement des pr\u00e9cisions concernant&nbsp;<a href=\"mailto:info@pafso.com\"><u>notre convention collective<\/u><\/a>&nbsp;ou les&nbsp;<a href=\"mailto:info@pafso.com\"><u>DSE<\/u><\/a>&nbsp;? Quel que soit le cas, l\u2019APASE est l\u00e0 pour vous.&nbsp;<a href=\"mailto:info@pafso.com\"><u>Envoyez-nous simplement un courriel<\/u><\/a>&nbsp;d\u00e9taill\u00e9&nbsp;de votre cas, y compris votre nom et votre minist\u00e8re.&nbsp;<a href=\"https:\/\/pafso.com\/fr\/services\/\"><u>Vous pouvez cliquer ici pour en savoir davantage au sujet de tous les services aux membres que l\u2019APASE offre.<\/u><\/a>&nbsp;Pour toute autre question, il suffit d\u2019envoyer un courriel \u00e0&nbsp;<a href=\"mailto:info@pafso.com\"><u>info@pafso-apase.com<\/u><\/a>&nbsp;et quelqu\u2019un communiquera rapidement avec vous.<\/p>\n<p>\u00c0 la prochaine et, d\u2019ici l\u00e0, prenez soin de vous et les uns des autres.<\/p>\n<p>Pamela Isfeld<br>Pr\u00e9sidente de l&rsquo;APASE<\/p>\t\t\t\t\t\t\t\t<\/div>\n\t\t\t\t<\/div>\n\t\t\t\t\t<\/div>\n\t\t\t\t<\/div>\n\t\t\t\t<\/div>\n\t\t","protected":false},"excerpt":{"rendered":"<p>[{\u00ab\u00a0id\u00a0\u00bb:\u00a0\u00bbb124c14&Prime;,\u00a0\u00bbelType\u00a0\u00bb:\u00a0\u00bbcontainer\u00a0\u00bb,\u00a0\u00bbsettings\u00a0\u00bb:{\u00ab\u00a0flex_direction\u00a0\u00bb:\u00a0\u00bbcolumn\u00a0\u00bb,\u00a0\u00bbflex_align_items\u00a0\u00bb:\u00a0\u00bbcenter\u00a0\u00bb},\u00a0\u00bbelements\u00a0\u00bb:[{\u00ab\u00a0id\u00a0\u00bb:\u00a0\u00bb1a6139a\u00a0\u00bb,\u00a0\u00bbelType\u00a0\u00bb:\u00a0\u00bbwidget\u00a0\u00bb,\u00a0\u00bbsettings\u00a0\u00bb:{\u00ab\u00a0editor\u00a0\u00bb:\u00a0\u00bb Chers membres,&nbsp; n Joyeuse premiu00e8re journu00e9e du printemps. Ju2019espu00e8re que je ne nous jette pas un mauvais sort en disant cela&nbsp;et que nous pourrons sortir de lu2019alternance de pluie et de neige, puis encore de la pluie, que nous avons subie u00e0 Ottawa. Je suis rentru00e9e de&nbsp;vacances depuis une semaine, et je suis heureuse [&hellip;]<\/p>\n","protected":false},"author":2,"featured_media":0,"comment_status":"closed","ping_status":"closed","sticky":false,"template":"","format":"standard","meta":{"_acf_changed":false,"_seopress_robots_primary_cat":"none","_seopress_titles_title":"","_seopress_titles_desc":"","_seopress_robots_index":"","footnotes":""},"categories":[41],"tags":[],"class_list":["post-8952","post","type-post","status-publish","format-standard","hentry","category-mise-a-jour-de-la-presidente"],"acf":[],"_links":{"self":[{"href":"https:\/\/pafso.com\/fr\/wp-json\/wp\/v2\/posts\/8952","targetHints":{"allow":["GET"]}}],"collection":[{"href":"https:\/\/pafso.com\/fr\/wp-json\/wp\/v2\/posts"}],"about":[{"href":"https:\/\/pafso.com\/fr\/wp-json\/wp\/v2\/types\/post"}],"author":[{"embeddable":true,"href":"https:\/\/pafso.com\/fr\/wp-json\/wp\/v2\/users\/2"}],"replies":[{"embeddable":true,"href":"https:\/\/pafso.com\/fr\/wp-json\/wp\/v2\/comments?post=8952"}],"version-history":[{"count":1,"href":"https:\/\/pafso.com\/fr\/wp-json\/wp\/v2\/posts\/8952\/revisions"}],"predecessor-version":[{"id":8954,"href":"https:\/\/pafso.com\/fr\/wp-json\/wp\/v2\/posts\/8952\/revisions\/8954"}],"wp:attachment":[{"href":"https:\/\/pafso.com\/fr\/wp-json\/wp\/v2\/media?parent=8952"}],"wp:term":[{"taxonomy":"category","embeddable":true,"href":"https:\/\/pafso.com\/fr\/wp-json\/wp\/v2\/categories?post=8952"},{"taxonomy":"post_tag","embeddable":true,"href":"https:\/\/pafso.com\/fr\/wp-json\/wp\/v2\/tags?post=8952"}],"curies":[{"name":"wp","href":"https:\/\/api.w.org\/{rel}","templated":true}]}}