{"id":7790,"date":"2025-07-04T09:49:03","date_gmt":"2025-07-04T13:49:03","guid":{"rendered":"https:\/\/pafso.com\/?p=7790"},"modified":"2025-07-04T09:51:24","modified_gmt":"2025-07-04T13:51:24","slug":"mise-a-jour-de-la-presidente-de-lapase-pour-le-4-juillet-2025","status":"publish","type":"post","link":"https:\/\/pafso.com\/fr\/mise-a-jour-de-la-presidente\/mise-a-jour-de-la-presidente-de-lapase-pour-le-4-juillet-2025\/","title":{"rendered":"Mise \u00e0 jour de la pr\u00e9sidente de l\u2019APASE pour le 4 juillet 2025"},"content":{"rendered":"\t\t<div data-elementor-type=\"wp-post\" data-elementor-id=\"7790\" class=\"elementor elementor-7790 elementor-7785\" data-elementor-post-type=\"post\">\n\t\t\t\t<div class=\"elementor-element elementor-element-c820f2e e-flex e-con-boxed e-con e-parent\" data-id=\"c820f2e\" data-element_type=\"container\" data-e-type=\"container\">\n\t\t\t\t\t<div class=\"e-con-inner\">\n\t\t\t\t<div class=\"elementor-element elementor-element-437f71b elementor-widget elementor-widget-text-editor\" data-id=\"437f71b\" data-element_type=\"widget\" data-e-type=\"widget\" data-widget_type=\"text-editor.default\">\n\t\t\t\t<div class=\"elementor-widget-container\">\n\t\t\t\t\t\t\t\t\t<p style=\"font-weight: 400;\">Chers membres,<\/p><p style=\"font-weight: 400;\">Autre petite semaine, autre bref message. Mais, tout d\u2019abord, je tiens \u00e0 souhaiter \u00e0 tous et \u00e0 toutes une bonne f\u00eate du Canada en retard. J\u2019esp\u00e8re que vous aurez eu l\u2019occasion de passer quelques jours de r\u00e9pit en famille et avec vos proches. Compte tenu que le cong\u00e9 a fractionn\u00e9 la semaine, j\u2019ai peu de choses \u00e0 vous rendre compte aujourd\u2019hui.<\/p><p style=\"font-weight: 400;\"><strong>Lancement de l\u2019appel de mises en candidature au Prix comm\u00e9moratif Randy-Orr<br \/><\/strong>Je suis heureuse d\u2019annoncer que la p\u00e9riode de mises en candidature au Prix comm\u00e9moratif Randy-Orr, institu\u00e9 en m\u00e9moire de notre coll\u00e8gue du Comit\u00e9 ex\u00e9cutif aux longs \u00e9tats de service d\u00e9c\u00e9d\u00e9 en 2021, est ouverte. Ce prix souligne le b\u00e9n\u00e9volat exceptionnel aupr\u00e8s de notre communaut\u00e9 du service ext\u00e9rieur. Y est admissible quiconque, notamment les membres, leurs familles, les retrait\u00e9s et les autres coll\u00e8gues, a contribu\u00e9 b\u00e9n\u00e9volement \u00e0 am\u00e9liorer la vie de ceux et celles qui sont au service du Canada \u00e0 l\u2019\u00e9tranger. Si vous connaissez quelqu\u2019un ou un groupe qui s\u2019est d\u00e9marqu\u00e9, veuillez envoyer un courriel \u00e0\u00a0<a href=\"mailto:info@pafso.com\">info@pafso.com<\/a>\u00a0en l\u2019identifiant et en exposant sa contribution, d\u2019ici le 31 ao\u00fbt. Chaque candidature doit \u00eatre appuy\u00e9e par au moins trois membres titulaires en r\u00e8gle de l\u2019APASE. Le prix accompagn\u00e9 d\u2019un ch\u00e8que de 1000\u00a0$ sera remis lors d\u2019une r\u00e9ception virtuelle \u00e0 la fin de l\u2019AGA du 20 octobre.<\/p><p style=\"font-weight: 400;\"><strong>L\u2019assembl\u00e9e g\u00e9n\u00e9rale annuelle et les mises en candidature aux postes du Comit\u00e9 ex\u00e9cutif<br \/><\/strong>D\u2019ici quelques semaines, vous recevrez s\u00e9par\u00e9ment un message annon\u00e7ant la tenue de notre assembl\u00e9e g\u00e9n\u00e9rale annuelle. Cette assembl\u00e9e aura de nouveau lieu virtuellement le lundi 20\u00a0octobre \u00e0 16h, heure d\u2019Ottawa.<\/p><p style=\"font-weight: 400;\">De plus amples renseignements suivront, mais je vous signale qu\u2019il y a 10 postes vacants au Comit\u00e9 ex\u00e9cutif, cette ann\u00e9e\u00a0: 1 dans la fili\u00e8re SPED, 1 dans la fili\u00e8re Commerce, 1\u00a0dans la fili\u00e8re AISE, 2 dans la fili\u00e8re Immigration, 2 dans la fili\u00e8re GAC et 2 \u00e0 titre particulier. Si un poste au sein du Comit\u00e9 ex\u00e9cutif vous int\u00e9resse, le moment est venu de poser votre candidature.<\/p><p style=\"font-weight: 400;\">Joindre les rangs du Comit\u00e9 ex\u00e9cutif se veut une excellente occasion d\u2019apporter un vent de fra\u00eecheur pour l\u2019avenir de notre association et d\u2019influer sur les grandes d\u00e9cisions qui vous toucheront directement, vous et vos coll\u00e8gues. Cette ann\u00e9e, comme toujours d\u2019ailleurs, j\u2019ai h\u00e2te de voir de nombreux nouveaux visages autour de la table virtuelle. S\u2019il vous int\u00e9resse de si\u00e9ger au comit\u00e9, mais ne savez pas au juste ce que cela comporterait, nous avons r\u00e9alis\u00e9 <a href=\"https:\/\/www.youtube.com\/watch?v=pbIQPhEcPwg\">cette petite vid\u00e9o didactique<\/a> il y a quelques ann\u00e9es, et vous pourriez y trouver des r\u00e9ponses \u00e0 quelques-unes de vos questions.<\/p><p style=\"font-weight: 400;\">Quoi qu\u2019il en soit, restez \u00e0 l\u2019aff\u00fbt de l\u2019avis d\u2019AGA dans vos bo\u00eetes de r\u00e9ception. Et, d\u2019ici l\u00e0, bloquez la date : <strong>lundi 20 octobre, 16h, heure d\u2019Ottawa<\/strong>.<\/p><p style=\"font-weight: 400;\">Voil\u00e0, c\u2019est tout. Bref et concis, cette semaine. Je vous reviens dans deux semaines.<\/p><p style=\"font-weight: 400;\">Dans l\u2019intervalle, si vous avez des pr\u00e9occupations au travail, n\u2019h\u00e9sitez pas \u00e0 communiquer avec nous. Avez-vous des\u00a0probl\u00e8mes concernant\u00a0<a href=\"mailto:info@pafso.com\">votre r\u00e9mun\u00e9ration<\/a>\u00a0? Vous estimez-vous\u00a0victime de\u00a0<a href=\"mailto:info@pafso.com\">harc\u00e8lement<\/a>\u00a0ou de\u00a0<a href=\"mailto:info@pafso.com\">discrimination<\/a>\u00a0? Avez-vous un\u00a0<a href=\"mailto:info@pafso.com\">grief<\/a>\u00a0ou\u00a0<a href=\"mailto:info@pafso.com\">une plainte de dotation<\/a>\u00a0? Ou d\u00e9sirez-vous simplement des pr\u00e9cisions concernant\u00a0<a href=\"mailto:info@pafso.com\">notre convention collective<\/a>\u00a0ou les\u00a0<a href=\"mailto:info@pafso.com\">DSE<\/a>\u00a0? Quel que soit le cas, l\u2019APASE est l\u00e0 pour vous.\u00a0<a href=\"mailto:info@pafso.com\">Envoyez-nous simplement un courriel<\/a>\u00a0d\u00e9taill\u00e9\u00a0de votre cas, y compris votre nom et votre minist\u00e8re, et nous vous mettrons en contact avec notre \u00e9quipe des relations de travail. Pour toute autre question, il suffit d\u2019envoyer un courriel \u00e0\u00a0<a href=\"mailto:info@pafso.com\">info@pafso-apase.com<\/a>\u00a0et quelqu\u2019un communiquera rapidement avec vous.<\/p><p style=\"font-weight: 400;\">Mon prochain message vous parviendra le 18 juillet. D\u2019ici l\u00e0, prenez soin de vous et les uns des autres.<\/p><p style=\"font-weight: 400;\">Cordialement,<\/p><p style=\"font-weight: 400;\"><strong>Pam Isfeld<br \/><\/strong>Pr\u00e9sidente<br \/><a href=\"https:\/\/twitter.com\/PafsoPresApase\">@PafsoPresApase<\/a>\u00a0<\/p><p style=\"font-weight: 400;\">\u00a0<\/p>\t\t\t\t\t\t\t\t<\/div>\n\t\t\t\t<\/div>\n\t\t\t\t\t<\/div>\n\t\t\t\t<\/div>\n\t\t\t\t<\/div>\n\t\t","protected":false},"excerpt":{"rendered":"<p>Chers membres, Autre petite semaine, autre bref message. Mais, tout d\u2019abord, je tiens \u00e0 souhaiter \u00e0 tous et \u00e0 toutes une bonne f\u00eate du Canada en retard. J\u2019esp\u00e8re que vous aurez eu l\u2019occasion de passer quelques jours de r\u00e9pit en famille et avec vos proches. Compte tenu que le cong\u00e9 a fractionn\u00e9 la semaine, j\u2019ai [&hellip;]<\/p>\n","protected":false},"author":1131,"featured_media":0,"comment_status":"open","ping_status":"closed","sticky":false,"template":"","format":"standard","meta":{"_acf_changed":false,"_seopress_robots_primary_cat":"none","_seopress_titles_title":"","_seopress_titles_desc":"","_seopress_robots_index":"","footnotes":""},"categories":[41],"tags":[54,49],"class_list":["post-7790","post","type-post","status-publish","format-standard","hentry","category-mise-a-jour-de-la-presidente","tag-aga","tag-prix-commemoratif-randy-orr"],"acf":[],"_links":{"self":[{"href":"https:\/\/pafso.com\/fr\/wp-json\/wp\/v2\/posts\/7790","targetHints":{"allow":["GET"]}}],"collection":[{"href":"https:\/\/pafso.com\/fr\/wp-json\/wp\/v2\/posts"}],"about":[{"href":"https:\/\/pafso.com\/fr\/wp-json\/wp\/v2\/types\/post"}],"author":[{"embeddable":true,"href":"https:\/\/pafso.com\/fr\/wp-json\/wp\/v2\/users\/1131"}],"replies":[{"embeddable":true,"href":"https:\/\/pafso.com\/fr\/wp-json\/wp\/v2\/comments?post=7790"}],"version-history":[{"count":4,"href":"https:\/\/pafso.com\/fr\/wp-json\/wp\/v2\/posts\/7790\/revisions"}],"predecessor-version":[{"id":7795,"href":"https:\/\/pafso.com\/fr\/wp-json\/wp\/v2\/posts\/7790\/revisions\/7795"}],"wp:attachment":[{"href":"https:\/\/pafso.com\/fr\/wp-json\/wp\/v2\/media?parent=7790"}],"wp:term":[{"taxonomy":"category","embeddable":true,"href":"https:\/\/pafso.com\/fr\/wp-json\/wp\/v2\/categories?post=7790"},{"taxonomy":"post_tag","embeddable":true,"href":"https:\/\/pafso.com\/fr\/wp-json\/wp\/v2\/tags?post=7790"}],"curies":[{"name":"wp","href":"https:\/\/api.w.org\/{rel}","templated":true}]}}