{"id":7659,"date":"2025-04-17T09:36:18","date_gmt":"2025-04-17T13:36:18","guid":{"rendered":"https:\/\/pafso.com\/?p=7659"},"modified":"2025-04-17T09:38:08","modified_gmt":"2025-04-17T13:38:08","slug":"mise-a-jour-de-la-presidente-de-lapase-pour-le-17-avril-2025","status":"publish","type":"post","link":"https:\/\/pafso.com\/fr\/mise-a-jour-de-la-presidente\/mise-a-jour-de-la-presidente-de-lapase-pour-le-17-avril-2025\/","title":{"rendered":"Mise \u00e0 jour de la pr\u00e9sidente de l\u2019APASE pour le 17 avril 2025"},"content":{"rendered":"\t\t<div data-elementor-type=\"wp-post\" data-elementor-id=\"7659\" class=\"elementor elementor-7659 elementor-7654\" data-elementor-post-type=\"post\">\n\t\t\t\t<div class=\"elementor-element elementor-element-c820f2e e-flex e-con-boxed e-con e-parent\" data-id=\"c820f2e\" data-element_type=\"container\" data-e-type=\"container\">\n\t\t\t\t\t<div class=\"e-con-inner\">\n\t\t\t\t<div class=\"elementor-element elementor-element-437f71b elementor-widget elementor-widget-text-editor\" data-id=\"437f71b\" data-element_type=\"widget\" data-e-type=\"widget\" data-widget_type=\"text-editor.default\">\n\t\t\t\t<div class=\"elementor-widget-container\">\n\t\t\t\t\t\t\t\t\t<p style=\"font-weight: 400;\">Chers membres,<\/p><p style=\"font-weight: 400;\">Apr\u00e8s un mois de faux d\u00e9parts, le printemps s\u2019est enfin install\u00e9 dans la RCN. Les r\u00e9centes p\u00e9riodes d\u2019ensoleillement et de r\u00e9chauffement des temp\u00e9ratures nous inspirent un sentiment de renouveau au terme d\u2019un hiver qui nous a paru interminable. A propos de renouveau, c\u2019est un peu le th\u00e8me qui se d\u00e9gage de la premi\u00e8re nouvelle que j\u2019ai \u00e0 vous annoncer cette semaine.<\/p><p style=\"font-weight: 400;\"><strong>Quelques changements au sein de notre \u00e9quipe des relations de travail<br \/><\/strong>\u00c0 la fin du mois, un de nos conseillers en relations de travail prendra sa retraite. Jake Baizana a joint les rangs de l\u2019\u00e9quipe de l\u2019APASE \u00ab temporairement \u00bb en 2022 en remplacement de Bertrand Myre lorsque celui-ci est devenu directeur g\u00e9n\u00e9ral. Cette nomination temporaire s\u2019est transform\u00e9e en pr\u00e8s de trois ann\u00e9es de travail marqu\u00e9 par l\u2019excellence et l\u2019engagement. Je tiens \u00e0 remercier Jake d\u2019avoir pris la rel\u00e8ve \u00e0 ce moment-l\u00e0 et d\u2019\u00eatre rest\u00e9 aussi longtemps. Je lui offre mes meilleurs v\u0153ux de succ\u00e8s dans toutes ses nouvelles entreprises.<\/p><p style=\"font-weight: 400;\">Ce qui m\u2019am\u00e8ne \u00e0 l\u2019autre nouvelle concernant notre \u00e9quipe de CRT. Je suis heureuse d\u2019accueillir notre plus r\u00e9cente recrue dans l\u2019\u00e9quipe de CRT, Alain Njima Ekombo. Alain poss\u00e8de de solides ant\u00e9c\u00e9dents en mati\u00e8re de r\u00e9solution de diff\u00e9rends, de relations de travail et de ressources humaines. Il a \u00e9t\u00e9 auparavant agent national des relations de travail pour le Syndicat des employ\u00e9es et employ\u00e9s nationaux \u2013 Ontario et conseiller en relations de travail principal pour la partie patronale \u00e0 AMC. Son vaste portefeuille comporte notamment les n\u00e9gociations collectives, les enqu\u00eates en milieu de travail, l\u2019arbitrage, le r\u00e8glement des diff\u00e9rends, les conseils en mati\u00e8re de droit du travail et la promotion de relations patronales-syndicales constructives. Alain est entr\u00e9 en fonction dans l\u2019\u00e9quipe de CRT de l\u2019APASE il y a une couple de semaines, et il est d\u00e9j\u00e0 pr\u00eat \u00e0 prendre la rel\u00e8ve de Jake \u00e0 la fin du mois.<\/p><p style=\"font-weight: 400;\"><strong>Un nouveau guide des services de repr\u00e9sentation de l\u2019APASE<br \/><\/strong>Toujours en relations de travail, il y a aussi lieu de mentionner que notre \u00e9quipe a publi\u00e9 un nouveau <a href=\"https:\/\/pafso.com\/fr\/faq\/guide-des-services-de-representation-de-lapase\/\">guide des services de repr\u00e9sentation<\/a>. Le guide met l\u2019accent sur l\u2019acc\u00e8s \u00e0 nos services, le r\u00f4le de l\u2019APASE et ce \u00e0 quoi vous pouvez vous attendre lorsque vous travaillez de concert avec nos CRT. Nous sommes conscients que la repr\u00e9sentation peut parfois se r\u00e9v\u00e9ler complexe et, afin de garantir que vous ayez la meilleure exp\u00e9rience possible, nous estimons qu\u2019il est important de vous fournir cette information. Il s\u2019agit d\u2019un bref document que vous pouvez lire en 5-10 minutes; n\u2019h\u00e9sitez pas \u00e0 le consulter <a href=\"https:\/\/pafso.com\/fr\/faq\/guide-des-services-de-representation-de-lapase\/\">ici<\/a> quand vous en aurez la chance.<\/p><p style=\"font-weight: 400;\"><strong>Le th\u00e8me du petit d\u00e9jeuner de l\u2019APASE du 29 avril\u00a0: les droits de douane<br \/><\/strong>Notre prochain petit d\u00e9jeuner virtuel sera consacr\u00e9 \u00e0 un sujet de grande actualit\u00e9\u00a0: les droits de douane. \u00c0 09:00, heure d\u2019Ottawa, le mardi 29 avril, j\u2019accueillerai <a href=\"https:\/\/www.blg.com\/en\/people\/b\/behboodi-rambod\">Rambod Behboodi<\/a>, ancien membre de l\u2019APASE et avocat principal de Borden Ladner Gervais LLP. Rambod, qui a connu des affectations \u00e0 GENEV et BREU, animera une discussion sur les enjeux actuels concernant le commerce Canada-\u00c9.-U. <a href=\"https:\/\/us02web.zoom.us\/webinar\/register\/WN_pblTf_1mQLaAOxhCMXMCUg\">Utilisez ce lien<\/a> pour vous inscrire \u00e0 ce qui promet d\u2019\u00eatre une discussion tr\u00e8s int\u00e9ressante et de grande actualit\u00e9.<\/p><p style=\"font-weight: 400;\"><strong>Les billets pour la c\u00e9l\u00e9bration du jubil\u00e9 de diamant, APASE 60, sont en vente<br \/><\/strong>Et, enfin, un simple rappel que les billets pour la c\u00e9l\u00e9bration de notre 60<sup>e<\/sup> anniversaire, APASE 60, sont en vente. L\u2019activit\u00e9 aura lieu le mercredi 4 juin, au Mus\u00e9e des beaux-arts du Canada. Venez vous joindre \u00e0 nous pour une r\u00e9trospective de 60 ans de promotion de notre profession et la pr\u00e9sentation de notre Prix du jubil\u00e9 de diamant soulignant l\u2019excellence du service ext\u00e9rieur. Vous pouvez vous procurer des billets sur notre page Eventbrite : <a href=\"http:\/\/pafso-apase60.eventbrite.ca\/\">http:\/\/pafso-apase60.eventbrite.ca\/<\/a><\/p><p style=\"font-weight: 400;\"><strong><em>Trouver la place du Canada dans un monde d\u00e9sordonn\u00e9<\/em><\/strong><strong>, le lundi 12 mai<br \/><\/strong>Nos amis chez AmbCanada m\u2019ont demand\u00e9 de vous informer de leur prochaine conf\u00e9rence qui se tiendra \u00e0 l\u2019Universit\u00e9 d&rsquo;Ottawa le lundi 12 mai. En collaboration avec le Centre d\u2019\u00e9tudes en politiques internationales de l\u2019Universit\u00e9 d&rsquo;Ottawa, AmbCanada r\u00e9unira d\u2019anciens chefs de mission canadiens et des experts acad\u00e9miques pour discuter des d\u00e9fis sans pr\u00e9c\u00e9dent auxquels sont actuellement confront\u00e9es la prosp\u00e9rit\u00e9, la s\u00e9curit\u00e9 et la souverainet\u00e9 du Canada. Parmi les pan\u00e9listes figurent Rob McRae, ancien ambassadeur du Canada aupr\u00e8s de l\u2019OTAN, Vina Nadjibulla, vice-pr\u00e9sidente de la Fondation Asie-Pacifique du Canada, et Pascale Massot, professeur associ\u00e9e \u00e0 l\u2019\u00c9cole d\u2019\u00e9tudes politiques de l\u2019Universit\u00e9 d\u2019Ottawa.<\/p><p style=\"font-weight: 400;\">La conf\u00e9rence en personne aura lieu de midi \u00e0 17 h le lundi 12 mai \u00e0 la Facult\u00e9 des sciences sociales de l&rsquo;Universit\u00e9 d&rsquo;Ottawa. Pour ceux qui ne pourront y assister en personne, l&rsquo;int\u00e9gralit\u00e9 des d\u00e9bats sera diffus\u00e9e en direct. Les billets sont au prix de 20 $. Les inscriptions d\u00e9buteront demain et se termineront le 30 avril. Cliquez sur <a href=\"https:\/\/ambcanada.member365.ca\/public\/event\/details\/07ad654139edfcbb7a862d8be46ef78fab530df3\/1\">ce lien<\/a> pour vous inscrire.<\/p><p style=\"font-weight: 400;\">Voil\u00e0, c\u2019est tout pour cette semaine. Comme toujours, si vous avez des pr\u00e9occupations au travail, n\u2019h\u00e9sitez pas \u00e0 communiquer avec nous. Nous sommes l\u00e0 pour vous. Avez-vous des\u00a0probl\u00e8mes concernant\u00a0<a href=\"mailto:info@pafso.com\">votre r\u00e9mun\u00e9ration<\/a>\u00a0? Vous estimez-vous\u00a0victime de\u00a0<a href=\"mailto:info@pafso.com\">harc\u00e8lement<\/a>\u00a0ou de\u00a0<a href=\"mailto:info@pafso.com\">discrimination<\/a>\u00a0? Avez-vous un\u00a0<a href=\"mailto:info@pafso.com\">grief<\/a>\u00a0ou\u00a0<a href=\"mailto:info@pafso.com\">une plainte de dotation<\/a>\u00a0? Ou d\u00e9sirez-vous simplement des pr\u00e9cisions concernant\u00a0<a href=\"mailto:info@pafso.com\">notre convention collective<\/a>\u00a0ou les\u00a0<a href=\"mailto:info@pafso.com\">DSE<\/a>\u00a0? Quel que soit le cas, l\u2019APASE est l\u00e0 pour vous.\u00a0<a href=\"mailto:info@pafso.com\">Envoyez-nous simplement un courriel<\/a>\u00a0d\u00e9taill\u00e9\u00a0de votre cas, y compris votre nom et votre minist\u00e8re. Pour toute question, il suffit d\u2019envoyer un courriel \u00e0\u00a0<a href=\"mailto:info@pafso.com\">info@pafso-apase.com<\/a>\u00a0et quelqu\u2019un communiquera rapidement avec vous.<\/p><p style=\"font-weight: 400;\">J\u2019esp\u00e8re que vous pourrez jouir d\u2019un moment de r\u00e9pit au cours du long week-end de P\u00e2ques. Mon prochain message est pr\u00e9vu pour le 2 mai. D\u2019ici l\u00e0, prenez soin de vous et les uns des autres.<\/p><p style=\"font-weight: 400;\">Cordialement,<\/p><p style=\"font-weight: 400;\"><strong>Pam Isfeld<br \/><\/strong>Pr\u00e9sidente<br \/><a href=\"https:\/\/twitter.com\/PafsoPresApase\">@PafsoPresApase<\/a><\/p>\t\t\t\t\t\t\t\t<\/div>\n\t\t\t\t<\/div>\n\t\t\t\t\t<\/div>\n\t\t\t\t<\/div>\n\t\t\t\t<\/div>\n\t\t","protected":false},"excerpt":{"rendered":"<p>Chers membres, Apr\u00e8s un mois de faux d\u00e9parts, le printemps s\u2019est enfin install\u00e9 dans la RCN. Les r\u00e9centes p\u00e9riodes d\u2019ensoleillement et de r\u00e9chauffement des temp\u00e9ratures nous inspirent un sentiment de renouveau au terme d\u2019un hiver qui nous a paru interminable. A propos de renouveau, c\u2019est un peu le th\u00e8me qui se d\u00e9gage de la premi\u00e8re [&hellip;]<\/p>\n","protected":false},"author":1131,"featured_media":0,"comment_status":"open","ping_status":"closed","sticky":false,"template":"","format":"standard","meta":{"_acf_changed":false,"_seopress_robots_primary_cat":"none","_seopress_titles_title":"","_seopress_titles_desc":"","_seopress_robots_index":"","footnotes":""},"categories":[41],"tags":[50],"class_list":["post-7659","post","type-post","status-publish","format-standard","hentry","category-mise-a-jour-de-la-presidente","tag-dejeuners-de-lapase"],"acf":[],"_links":{"self":[{"href":"https:\/\/pafso.com\/fr\/wp-json\/wp\/v2\/posts\/7659","targetHints":{"allow":["GET"]}}],"collection":[{"href":"https:\/\/pafso.com\/fr\/wp-json\/wp\/v2\/posts"}],"about":[{"href":"https:\/\/pafso.com\/fr\/wp-json\/wp\/v2\/types\/post"}],"author":[{"embeddable":true,"href":"https:\/\/pafso.com\/fr\/wp-json\/wp\/v2\/users\/1131"}],"replies":[{"embeddable":true,"href":"https:\/\/pafso.com\/fr\/wp-json\/wp\/v2\/comments?post=7659"}],"version-history":[{"count":4,"href":"https:\/\/pafso.com\/fr\/wp-json\/wp\/v2\/posts\/7659\/revisions"}],"predecessor-version":[{"id":7664,"href":"https:\/\/pafso.com\/fr\/wp-json\/wp\/v2\/posts\/7659\/revisions\/7664"}],"wp:attachment":[{"href":"https:\/\/pafso.com\/fr\/wp-json\/wp\/v2\/media?parent=7659"}],"wp:term":[{"taxonomy":"category","embeddable":true,"href":"https:\/\/pafso.com\/fr\/wp-json\/wp\/v2\/categories?post=7659"},{"taxonomy":"post_tag","embeddable":true,"href":"https:\/\/pafso.com\/fr\/wp-json\/wp\/v2\/tags?post=7659"}],"curies":[{"name":"wp","href":"https:\/\/api.w.org\/{rel}","templated":true}]}}