{"id":7574,"date":"2025-03-21T10:32:31","date_gmt":"2025-03-21T14:32:31","guid":{"rendered":"https:\/\/pafso.com\/?p=7574"},"modified":"2025-03-24T12:30:33","modified_gmt":"2025-03-24T16:30:33","slug":"mise-a-jour-de-la-presidente-de-lapase-pour-le-21-mars-2025","status":"publish","type":"post","link":"https:\/\/pafso.com\/fr\/mise-a-jour-de-la-presidente\/mise-a-jour-de-la-presidente-de-lapase-pour-le-21-mars-2025\/","title":{"rendered":"Mise \u00e0 jour de la pr\u00e9sidente de l\u2019APASE pour le 21 mars 2025"},"content":{"rendered":"\t\t<div data-elementor-type=\"wp-post\" data-elementor-id=\"7574\" class=\"elementor elementor-7574 elementor-7569\" data-elementor-post-type=\"post\">\n\t\t\t\t<div class=\"elementor-element elementor-element-c820f2e e-flex e-con-boxed e-con e-parent\" data-id=\"c820f2e\" data-element_type=\"container\" data-e-type=\"container\">\n\t\t\t\t\t<div class=\"e-con-inner\">\n\t\t\t\t<div class=\"elementor-element elementor-element-437f71b elementor-widget elementor-widget-text-editor\" data-id=\"437f71b\" data-element_type=\"widget\" data-e-type=\"widget\" data-widget_type=\"text-editor.default\">\n\t\t\t\t<div class=\"elementor-widget-container\">\n\t\t\t\t\t\t\t\t\t<p style=\"font-weight: 400;\">Chers membres,<\/p><p style=\"font-weight: 400;\">Je tiens, en tout premier lieu, \u00e0 vous dire combien je suis heureuse de pouvoir poursuivre mon r\u00f4le \u00e0 titre de pr\u00e9sidente de l\u2019APASE.<\/p><p style=\"font-weight: 400;\">Au cours des trois derni\u00e8res ann\u00e9es, j\u2019ai r\u00e9ussi \u00e0 obtenir plusieurs d\u00e9veloppements positifs pour nos membres, notamment de solides conventions collectives et la mise en place d\u2019un programme de d\u00e9fense des int\u00e9r\u00eats et de relations avec les parties prenantes, sans oublier une vision directrice forte pour l\u2019avenir de notre association. Ces r\u00e9alisations nous ont donn\u00e9 une base solide pour traverser la p\u00e9riode d\u2019incertitude politique et \u00e9conomique que nous connaissons \u00e0 l\u2019heure actuelle. Dans mon prochain mandat, je me concentrerai sur la s\u00e9curit\u00e9 d&#8217;emploi et de carri\u00e8re de nos membres, le renforcement du soutien \u00e0 ceux et celles qui sont affect\u00e9s \u00e0 l\u2019\u00e9tranger et le bien-\u00eatre \u00e9conomique et professionnel de notre groupe professionnel.<\/p><p style=\"font-weight: 400;\">Je vous remercie de votre confiance renouvel\u00e9e. Comme vous le savez, depuis 2019, je travaille d\u2019arrache-pied pour m\u2019assurer que l\u2019APASE soit bien plac\u00e9e pour relever les d\u00e9fis de la communaut\u00e9 FS. \u00c0 pr\u00e9sent, il me tarde d\u00e9j\u00e0 de poursuivre ce projet et de d\u00e9fendre, prot\u00e9ger et promouvoir les int\u00e9r\u00eats de notre profession au cours des trois prochaines ann\u00e9es.<\/p><p style=\"font-weight: 400;\">Passons maintenant \u00e0 quelques dossiers sur lesquels je voudrais faire le point avec vous cette semaine.<\/p><p style=\"font-weight: 400;\"><strong>Les nouvelles DSE<br \/><\/strong>Comme vous le savez, le Conseil national mixte (CNM) vient de publier sur son site les nouvelles Directives sur le service ext\u00e9rieur. Les nouvelles dispositions renferment d\u2019importantes am\u00e9liorations, notamment une plus grande souplesse dans les d\u00e9placements, un soutien accru aux enfants handicap\u00e9s et des processus rationalis\u00e9s pour l\u2019\u00e9tablissement du statut de conjoint.e de fait et de personne \u00e0 charge adulte.<\/p><p style=\"font-weight: 400;\">Pour prendre connaissance des modifications aux directives qui entreront en vigueur le 1<sup>er<\/sup> avril, vous pouvez en consulter la liste exhaustive qui figure dans le <a href=\"https:\/\/www.njc-cnm.gc.ca\/communique\/25\/904\/fr\">communiqu\u00e9 du CNM<\/a>. Le CNM a \u00e9galement produit une FAQ concernant les modifications, que vous trouverez <a href=\"https:\/\/www.njc-cnm.gc.ca\/communique\/25\/905\/fr\">ici sur son site<\/a>.<\/p><p style=\"font-weight: 400;\">Pour notre part, nous avons tenu deux s\u00e9ances d\u2019information au cours des deux derni\u00e8res semaines afin de familiariser les membres avec les modifications les plus importantes aux directives et de r\u00e9pondre \u00e0 leurs questions au sujet du processus d\u2019examen. \u00a0\u00c0 l\u2019intention de ceux et celles qui n\u2019ont pu y assister, nous avons affich\u00e9 un enregistrement de la premi\u00e8re s\u00e9ance <a href=\"https:\/\/www.youtube.com\/watch?v=JRg3-9OaFFg\">ici sur notre cha\u00eene YouTube<\/a>. La deuxi\u00e8me s\u00e9ance peut \u00eatre visionn\u00e9e <a href=\"https:\/\/youtu.be\/yyfIItygRYs\">ici<\/a>. Elle comporte une int\u00e9ressante <a href=\"https:\/\/youtu.be\/yyfIItygRYs?si=ZHC7QHIcCMavcHoJ&amp;t=4822\">p\u00e9riode de Q&amp;R \u00e0 compter d\u2019environ la 80<sup>e<\/sup> minute<\/a>. Il y a lieu de noter que, depuis, nous avons pu confirmer le fait que les montants pr\u00e9vus en vertu de la DSE51 continueront \u00e0 \u00eatre calcul\u00e9s en fonction du tarif disponible le plus bas.<\/p><p style=\"font-weight: 400;\"><strong>Nous embauchons<br \/><\/strong>L\u2019APASE envisage actuellement d\u2019\u00e9largir son \u00e9quipe de conseillers et conseill\u00e8res en relations de travail. Nous sommes \u00e0 la recherche d\u2019une personne aguerrie, proactive et autonome, dot\u00e9e de grandes capacit\u00e9s d\u2019analyse et de communications. Nous d\u00e9ployons des efforts concert\u00e9s pour favoriser des effectifs qui sont repr\u00e9sentatifs de la composition diversifi\u00e9e de nos membres. \u00c0 cette fin, nous encourageons en particulier les candidatures des peuples autochtones, des femmes, des personnes handicap\u00e9es ainsi que des personnes de toutes races, ethnies, religions, capacit\u00e9s, orientations sexuelles et identit\u00e9s et expressions de genre. Si vous connaissez quelqu\u2019un dont la candidature conviendrait bien pour ce poste, veuillez lui acheminer cette <a href=\"https:\/\/pafso.com\/fr\/non-classifiee\/nous-embauchons-conseiller-ere-en-relations-de-travail-2025\/\">offre d\u2019emploi<\/a>, et n\u2019h\u00e9sitez pas \u00e0 la partager sur vos r\u00e9seaux sociaux et professionnels. La date limite pour postuler est fix\u00e9e \u00e0 <strong>vendredi prochain, 28 mars, \u00e0 16h, heure d\u2019Ottawa<\/strong>.<strong>\u00a0<\/strong><\/p><p style=\"font-weight: 400;\"><strong>APASE 60<br \/><\/strong>Les billets pour APASE 60, notre cocktail de gala soulignant notre 60<sup>e<\/sup> anniversaire, sont en vente depuis vendredi dernier. Vous pouvez obtenir les v\u00f4tres <a href=\"https:\/\/pafso-apase60.eventbrite.ca\/\">ici sur notre page Eventbrite<\/a>. J\u2019esp\u00e8re que vous pourrez vous joindre \u00e0 nous le 4 juin pour une soir\u00e9e de gourmet en bonne compagnie et une occasion de souligner l\u2019excellence de notre profession. L\u2019espace qui nous est r\u00e9serv\u00e9 au Mus\u00e9e des beaux-arts est restreint; assurez-vous donc d\u2019obtenir vos billets avant qu\u2019ils ne soient \u00e9puis\u00e9s. Bienvenue \u00e0 tous les employ\u00e9s d\u2019IRCC et d\u2019AMC et leurs compagnons ou compagnes !\u00a0<\/p><p style=\"font-weight: 400;\">La soir\u00e9e comprendra aussi la pr\u00e9sentation du Prix du jubil\u00e9 de diamant APASE 60 \u00e0 un.e coll\u00e8gue pour ses r\u00e9alisations exceptionnelles dans une circonstance particuli\u00e8re et\/ou au cours de sa carri\u00e8re. Si vous connaissez quelqu\u2019un poss\u00e9dant ce profil, vous avez jusqu\u2019au 4 avril pour pr\u00e9senter sa candidature. Pour en savoir davantage sur le Prix du jubil\u00e9 de diamant et le processus de mise en candidature, il suffit de cliquer <a href=\"https:\/\/pafso.com\/fr\/programmes\/le-prix-du-jubile-de-diamant-apase60\/\">ici sur notre site<\/a>.<\/p><p style=\"font-weight: 400;\"><strong>Le d\u00e9c\u00e8s de notre ancienne directrice g\u00e9n\u00e9rale, Kim Coles<br \/><\/strong>C\u2019est avec une profonde tristesse que j\u2019ai appris, vendredi dernier, le d\u00e9c\u00e8s de Kim Coles, qui a occup\u00e9 le poste de directrice g\u00e9n\u00e9rale de l\u2019APASE de 2019 \u00e0 2022. Kim constituait une pr\u00e9sence lumineuse tant sur le plan professionnel que personnel. L\u2019h\u00e9ritage de Kim \u00e0 l\u2019APASE restera \u00e0 jamais grav\u00e9 dans nos c\u0153urs \u2013 ceux et celles d\u2019entre nous qui ont travaill\u00e9 directement avec elle comme ceux et celles qu\u2019elle a touch\u00e9s dans son r\u00f4le de directrice g\u00e9n\u00e9rale. L\u2019APASE se porte mieux \u00e0 cause d\u2019elle, et son esprit restera toujours un phare pour notre organisation.<\/p><p style=\"font-weight: 400;\">Nous pr\u00e9sentons nos plus sinc\u00e8res condol\u00e9ances \u00e0 la famille et aux amis de Kim en cette p\u00e9riode difficile. Vous pouvez lire la notice n\u00e9crologique de Kim <a href=\"https:\/\/theguardian.remembering.ca\/obituary\/kimberley-coles-1092754542\">ici<\/a> et obtenir de plus amples renseignements concernant l\u2019envoi de condol\u00e9ances et de dons sur <a href=\"http:\/\/www.peifuneralcoops.com\/Central_Queens.php\">ce site<\/a>.<\/p><p style=\"font-weight: 400;\"><strong>La perte d\u2019une membre de l\u2019APASE, Jessica Mills<br \/><\/strong>La semaine derni\u00e8re, nous avons appris avec tristesse le d\u00e9c\u00e8s d\u2019une membre de l\u2019APASE, Jessica Mills \u2013 de la fili\u00e8re Gestion et affaires consulaires \u2013 et nous offrons nos condol\u00e9ances \u00e0 ses proches. Je ne connaissais pas Jessica personnellement, mais ceux et celles qui la connaissaient se rappelleront d\u2019elle pour son \u00e9nergie, son professionnalisme et son engagement \u00e0 l\u2019\u00e9dification d\u2019un monde meilleur. Sa notice n\u00e9crologique, y compris des renseignements sur la collecte de fonds pour son jeune fils, peut \u00eatre consult\u00e9e <a href=\"https:\/\/pilonfamily.ca\/tribute\/details\/3435\/Jessica-Mills\/obituary.html?fbclid=IwY2xjawJIdI1leHRuA2FlbQIxMQABHYITZAYLJ9sAykgf7zriUg6mspZGHrqLkTEbgi-erSsEAGajLARiMquI4Q_aem_5qqJAZ_t3KX9es5OHznPhQ\">ici<\/a>.<\/p><p style=\"font-weight: 400;\">Voil\u00e0, c\u2019est tout pour mon message de la semaine. Si vous vous trouvez dans la RCN, j\u2019esp\u00e8re que vous profitez autant que moi de cette premi\u00e8re journ\u00e9e officielle du printemps. L\u2019hiver m\u2019a paru long.<\/p><p style=\"font-weight: 400;\">Comme toujours, si vous avez des pr\u00e9occupations au travail, n\u2019h\u00e9sitez pas \u00e0 communiquer avec nous. Nous sommes l\u00e0 pour vous. Avez-vous des\u00a0probl\u00e8mes concernant\u00a0<a href=\"mailto:info@pafso.com\">votre r\u00e9mun\u00e9ration<\/a>\u00a0? Vous estimez-vous\u00a0victime de\u00a0<a href=\"mailto:info@pafso.com\">harc\u00e8lement<\/a>\u00a0ou de\u00a0<a href=\"mailto:info@pafso.com\">discrimination<\/a>\u00a0? Avez-vous un\u00a0<a href=\"mailto:info@pafso.com\">grief<\/a>\u00a0ou\u00a0<a href=\"mailto:info@pafso.com\">une plainte de dotation<\/a>\u00a0? Ou d\u00e9sirez-vous simplement des pr\u00e9cisions concernant\u00a0<a href=\"mailto:info@pafso.com\">notre convention collective<\/a>\u00a0ou\u00a0<a href=\"mailto:info@pafso.com\">les DSE<\/a>\u00a0? Quel que soit le cas, l\u2019APASE est l\u00e0 pour vous.\u00a0<a href=\"mailto:info@pafso.com\">Envoyez-nous simplement un courriel<\/a>\u00a0d\u00e9taill\u00e9\u00a0de votre cas, y compris votre nom et votre minist\u00e8re. Pour toute question, il suffit d\u2019envoyer un courriel \u00e0\u00a0<a href=\"mailto:info@pafso.com\">info@pafso-apase.com<\/a>\u00a0et quelqu\u2019un communiquera rapidement avec vous.<\/p><p style=\"font-weight: 400;\">Mon prochain message vous parviendra le 4 avril. D\u2019ici l\u00e0, prenez soin de vous et les uns des autres.<\/p><p style=\"font-weight: 400;\">Cordialement,<\/p><p style=\"font-weight: 400;\"><strong>Pam Isfeld<br \/><\/strong>Pr\u00e9sidente<br \/><a href=\"https:\/\/twitter.com\/PafsoPresApase\">@PafsoPresApase<\/a><\/p>\t\t\t\t\t\t\t\t<\/div>\n\t\t\t\t<\/div>\n\t\t\t\t\t<\/div>\n\t\t\t\t<\/div>\n\t\t\t\t<\/div>\n\t\t","protected":false},"excerpt":{"rendered":"<p>Chers membres, Je tiens, en tout premier lieu, \u00e0 vous dire combien je suis heureuse de pouvoir poursuivre mon r\u00f4le \u00e0 titre de pr\u00e9sidente de l\u2019APASE. Au cours des trois derni\u00e8res ann\u00e9es, j\u2019ai r\u00e9ussi \u00e0 obtenir plusieurs d\u00e9veloppements positifs pour nos membres, notamment de solides conventions collectives et la mise en place d\u2019un programme de [&hellip;]<\/p>\n","protected":false},"author":1131,"featured_media":0,"comment_status":"closed","ping_status":"closed","sticky":false,"template":"","format":"standard","meta":{"_acf_changed":false,"_seopress_robots_primary_cat":"none","_seopress_titles_title":"","_seopress_titles_desc":"","_seopress_robots_index":"","footnotes":""},"categories":[41],"tags":[55],"class_list":["post-7574","post","type-post","status-publish","format-standard","hentry","category-mise-a-jour-de-la-presidente","tag-dse"],"acf":[],"_links":{"self":[{"href":"https:\/\/pafso.com\/fr\/wp-json\/wp\/v2\/posts\/7574","targetHints":{"allow":["GET"]}}],"collection":[{"href":"https:\/\/pafso.com\/fr\/wp-json\/wp\/v2\/posts"}],"about":[{"href":"https:\/\/pafso.com\/fr\/wp-json\/wp\/v2\/types\/post"}],"author":[{"embeddable":true,"href":"https:\/\/pafso.com\/fr\/wp-json\/wp\/v2\/users\/1131"}],"replies":[{"embeddable":true,"href":"https:\/\/pafso.com\/fr\/wp-json\/wp\/v2\/comments?post=7574"}],"version-history":[{"count":7,"href":"https:\/\/pafso.com\/fr\/wp-json\/wp\/v2\/posts\/7574\/revisions"}],"predecessor-version":[{"id":7585,"href":"https:\/\/pafso.com\/fr\/wp-json\/wp\/v2\/posts\/7574\/revisions\/7585"}],"wp:attachment":[{"href":"https:\/\/pafso.com\/fr\/wp-json\/wp\/v2\/media?parent=7574"}],"wp:term":[{"taxonomy":"category","embeddable":true,"href":"https:\/\/pafso.com\/fr\/wp-json\/wp\/v2\/categories?post=7574"},{"taxonomy":"post_tag","embeddable":true,"href":"https:\/\/pafso.com\/fr\/wp-json\/wp\/v2\/tags?post=7574"}],"curies":[{"name":"wp","href":"https:\/\/api.w.org\/{rel}","templated":true}]}}