{"id":7451,"date":"2025-02-27T07:07:41","date_gmt":"2025-02-27T12:07:41","guid":{"rendered":"https:\/\/pafso.com\/?p=7451"},"modified":"2025-02-27T07:43:02","modified_gmt":"2025-02-27T12:43:02","slug":"notes-dip-nous-avons-besoin-de-votre-aide-pour-notre-projet-de-livre","status":"publish","type":"post","link":"https:\/\/pafso.com\/fr\/non-classifiee\/notes-dip-nous-avons-besoin-de-votre-aide-pour-notre-projet-de-livre\/","title":{"rendered":"\u00ab\u00a0Notes dip.\u00a0\u00bb Nous avons besoin de votre aide pour notre projet de livre."},"content":{"rendered":"\t\t<div data-elementor-type=\"wp-post\" data-elementor-id=\"7451\" class=\"elementor elementor-7451 elementor-7440\" data-elementor-post-type=\"post\">\n\t\t\t\t<div class=\"elementor-element elementor-element-c820f2e e-flex e-con-boxed e-con e-parent\" data-id=\"c820f2e\" data-element_type=\"container\" data-e-type=\"container\">\n\t\t\t\t\t<div class=\"e-con-inner\">\n\t\t\t\t<div class=\"elementor-element elementor-element-437f71b elementor-widget elementor-widget-text-editor\" data-id=\"437f71b\" data-element_type=\"widget\" data-e-type=\"widget\" data-widget_type=\"text-editor.default\">\n\t\t\t\t<div class=\"elementor-widget-container\">\n\t\t\t\t\t\t\t\t\t<h2 style=\"font-weight: 400;\"><strong>Aper\u00e7u<\/strong><\/h2><div><span lang=\"FR-CA\">\u00c0 l\u2019heure actuelle, il n\u2019existe aucun recueil digne de ce nom qui regrouperait des renseignements d\u2019ordre pratique sur les carri\u00e8res au niveau professionnel des agent.e.s du service ext\u00e9rieur du Canada au XXI<sup>e<\/sup> si\u00e8cle, les incidences de leur travail sur leur vie et celle de leur famille ou la valeur qu\u2019ils.elles apportent aux Canadiens et aux Canadiennes. Il n\u2019existe pas, non plus, d\u2019histoires du service ext\u00e9rieur du Canada du point de vue de la communaut\u00e9 FS m\u00eame. Le 60<sup>e<\/sup>anniversaire de l\u2019APASE offre une occasion de combler ces lacunes et de justifier pourquoi la population du Canada devrait se soucier de nous et de notre travail. Le livre nous permettra \u00e9galement d\u2019exposer au public, de m\u00eame qu\u2019aux \u00e9ventuelles recrues, les choses que nous voulons qu\u2019ils.elles sachent au sujet des r\u00e9alit\u00e9s du travail dans le service ext\u00e9rieur. <\/span><\/div><h2 style=\"font-weight: 400;\"><strong>Approche<\/strong><\/h2><div><span lang=\"FR-CA\">Regrouper un \u00e9ventail d\u2019essais, d\u2019interviews et d\u2019articles publi\u00e9s dans <strong>bout de papier<\/strong> afin d\u2019illustrer les moments charni\u00e8res dans l\u2019histoire du groupe Service ext\u00e9rieur. Le ton adopt\u00e9 est \u00e0 la fois franc et optimiste et souligne le d\u00e9vouement des membres et les d\u00e9fis qu\u2019ils.elles sont appel\u00e9.e.s \u00e0 relever.<\/span><\/div><h2 style=\"font-weight: 400;\"><strong>Notre t\u00e2che<\/strong><\/h2><p style=\"font-weight: 400;\">Nous invitons les r\u00e9dacteurs.trices \u00e0 contribuer leurs anecdotes, leurs introspections et leurs r\u00e9flexions sur la vie dans le service ext\u00e9rieur du Canada. S\u2019il vous int\u00e9resse de participer \u00e0 ce projet comm\u00e9morant l\u2019APASE et le service ext\u00e9rieur du Canada, <a href=\"mailto:adam.beauchemin@pafso-apase.com\">veuillez nous le faire savoir par \u00e9crit<\/a>.<\/p><p style=\"font-weight: 400;\">Peu importe que vous soyez des n\u00f4tres depuis des d\u00e9cennies ou que vous n\u2019en soyez qu\u2019\u00e0 vos tout premiers pas au sein de l\u2019APASE, votre perspective nous tient \u00e0 c\u0153ur. Nous sommes \u00e0 la recherche de toute une gamme de voix diverses souhaitant aborder les th\u00e8mes suivants\u00a0:<\/p><ul><li>des \u00e9v\u00e9nements historiques \u00e0 travers les yeux du service ext\u00e9rieur du Canada;<\/li><li>des aspects int\u00e9ressants ou m\u00e9sestim\u00e9s d\u2019une carri\u00e8re dans le service ext\u00e9rieur du Canada;<\/li><li>des moments importants dans l\u2019histoire de l\u2019APASE;<\/li><li>des anecdotes, des jalons, des accomplissements et des d\u00e9fis \u00e0 relever sur le plan personnel.<\/li><\/ul><h2 style=\"font-weight: 400;\"><strong><br \/>Comment participer<\/strong><\/h2><ul><li><strong>Lignes directrices concernant votre projet <\/strong>: Veuillez soumettre un bref boniment exposant votre article, d\u2019ici le 15 mars 2025. Les versions d\u00e9finitives devront nous parvenir vers la fin du printemps.<\/li><li><strong>Contact<\/strong>: <a href=\"mailto:Adam.Beauchemin@PAFSO.com\">Beauchemin@PAFSO.com<\/a><\/li><li><strong>Longueur du projet <\/strong>: Environ 1000 \u00e0 1500 mots.<\/li><li><strong>Langue : <\/strong>Anglais et fran\u00e7ais.<\/li><\/ul><p><span style=\"font-weight: 400;\">Nous avons h\u00e2te de prendre connaissance de vos id\u00e9es d\u2019articles !<\/span><\/p><h2 style=\"font-weight: 400;\"><strong><br \/>Plan de travail<\/strong><\/h2><h4 style=\"font-weight: 400;\"><strong>Avant l&rsquo;APASE<\/strong><\/h4><ul><li>Mackenzie King and the Onset of War, 1937-1941 par James A. Gibson (6.01) <strong>1988<\/strong><\/li><li>1957: Les femmes font leur entr\u00e9e au service ext\u00e9rieur de l&rsquo;Immigration du Canada par Sheena Trimble (30.1) <strong>2017<\/strong><\/li><li>First Days in the Foreign Service, 1952 par Michael Shenstone (24.02) <strong>2009<\/strong><\/li><li>The Sporting Life par Sidney A. Freifeld (5.03<strong>) 1987<\/strong><\/li><\/ul><h4 style=\"font-weight: 400;\"><strong><br \/>1960<\/strong><\/h4><ul><li>Cockroaches and Caviar par Mary Taylor (14.3) <strong>1997<\/strong><\/li><\/ul><h4 style=\"font-weight: 400;\"><strong><br \/>1970<\/strong><\/h4><ul><li>The War&rsquo;s Aftermath and Canada&rsquo;s Compassionate Response par Peter Duschinksy (28.4) <strong>2015<\/strong><\/li><li>Je me souviens par George L\u00e9ger (2.2) <strong>1984<\/strong><\/li><li>Living on Adrenalin par Kurt F. Jensen (28.4) <strong>2015<\/strong><\/li><\/ul><h4 style=\"font-weight: 400;\"><strong>\u00a0<br \/><\/strong><strong>1980<\/strong><\/h4><ul><li>Containment: Forty Years Later par George Grande, John Halstead, John Holmes and George Ignatieff (5.03) <strong>1987<\/strong><\/li><li>Baghdad Then and Now par Eric Wang (21.3) <strong>2005<\/strong><\/li><\/ul><p style=\"font-weight: 400;\"><strong>\u00a0<\/strong><\/p><h4 style=\"font-weight: 400;\"><strong>1990<\/strong><\/h4><ul><li>Women in the Foreign Service: Do They Have Legitimate Career Complaints? par Margaret Ford (7.03) <strong>1990<\/strong><\/li><li>Si j&rsquo;avais \u00e9cout\u00e9 mon p\u00e8re&#8230; ou ma m\u00e8re! par Marcelle Dumoulin (8.2) <strong>1991<\/strong><\/li><li>Coming Dear\u2026 Twenty-five years as a Foreign Service Wife par Laurel Pardy (10.4) <strong>1993<\/strong><\/li><li>A Road in Sri Lanka par Adrian Norfolk (11.2) <strong>1994<\/strong><\/li><li>Somalia: Movin Around in a Country of Nomads par Chris Cooter and Chris Liebich (12.2) <strong>1995<\/strong><\/li><li>Sarajevo Days: 1995-96 par Geoff Garshore (14.2) <strong>1997<\/strong><\/li><li>The 1990 Iraqi Invasion and Annexation of Kuwait: A Rooftop View par Gary Luton (29.2) <strong>2016<\/strong><\/li><li>Sexual Orientation and the Public Service: The Changing Workplace par Liza Linklater (15.2) <strong>1998<\/strong><\/li><li>Towards a New World Order par Ross Campbell (10.1) <strong>1993<\/strong><\/li><li>Une promenade au march\u00e9 de Pultusk par Anne Leahy (10.3) <strong>1993<\/strong><\/li><\/ul><h4 style=\"font-weight: 400;\"><strong><br \/>2000<\/strong><\/h4><ul><li>The Ghosts of Afghanistan par Pam Isfeld (32.1) <strong>2022<\/strong><\/li><li>Lorsque la mort se joint \u00e0 l&rsquo;\u00e9loignement par Jean Gauthier (17.3) <strong>2000<\/strong><\/li><li>Aventures dans les mantagnes de l&rsquo;Elbourz par \u00c9lise Racicot (23.3) <strong>2008<\/strong><\/li><li>Bubble, Bubble, Toil and Trouble: Thoughts on Canada\u2019s World in 2003 par Daryl Copeland (20.1) <strong>2003<\/strong><\/li><li>A 21st Century Foreign Service Career par David Malone (19.4) <strong>2003<\/strong><\/li><\/ul><p style=\"font-weight: 400;\"><strong>\u00a0<\/strong><\/p><h4 style=\"font-weight: 400;\"><strong>2010<\/strong><\/h4><ul><li>We Believed: How Canada Resettled 25,000 Syrian Refugees in Three Months par Zal Karkaria (30.1) <strong>2017<\/strong><\/li><li>The Foreign Service Strikes for Equal Pay par Tim Edwards (27.2) <strong>2013<\/strong><\/li><li>Le remarquable programme d&rsquo;\u00e9change entre le MDN et le MAECD: Diplomacy Meets the Chain of Command par S\u00e9bastien Bouchard et Suneeta Millington (28.1) 2014<\/li><li>\u201cPost-Mortem\u201d Interview with PAFSO President Tim Edwards (28.4) <strong>2015<\/strong><\/li><li>\u00c9vacuation des Canadiens au N\u00e9pal: mission accompli par Frank Asi Talatini (29.2) <strong>2016<\/strong><\/li><li>Twenty-Five Years On, Some Ghosts Are Still With Us par Mark Allen (30.2) <strong>2017<\/strong><\/li><li>Ripples in the Pond: Reflections of a Diplobrat par Jade Puddington (30.3) <strong>2018<\/strong><\/li><\/ul><p style=\"font-weight: 400;\"><strong>\u00a0<\/strong><\/p><h4 style=\"font-weight: 400;\"><strong>2020<\/strong><\/h4><ul><li>Cancer on Three Continents par Nadia Stuewer (32.2) <strong>2022<\/strong><\/li><li>En Tha\u00eflande \u00e0 l&rsquo;heure de la COVID-19 par Gr\u00e9goire-Fran\u00e7ois Legault (31.2) <strong>2021<\/strong><\/li><li>Hockey Sock Diplomacy: Striking Gold in the Philippines par Ian McGrath (32.3)<strong> 2023<\/strong><\/li><li>Teamwork Takes Flight par Tammy Ames (31.2) <strong>2021<\/strong><\/li><li>Trans-mission par Holly Jacobs (33.2) <strong>2024<\/strong><\/li><\/ul><h2 style=\"font-weight: 400;\"><strong><br \/>Quelques sujets que nous aimerions voir aborder\u00a0<\/strong><\/h2><ul><li>La naissance de l\u2019APASE<\/li><li>L\u2019accord de libre-\u00e9change Canada-\u00c9tats-Unis<\/li><li>Les n\u00e9gociations de l\u2019AL\u00c9NA<\/li><li>L\u2019\u00e9tablissement de la Cour p\u00e9nale internationale<\/li><li>Les n\u00e9gociations menant \u00e0 la Convention sur le droit de la mer<\/li><li>Les agent.e.s c\u00e9libataires \/ non accompagn\u00e9.e.s<\/li><li>9\/11<\/li><li>Le bien-\u00eatre psychologique<\/li><li>Le MAECI (retrait de la fili\u00e8re Migration du MAECI et fusion ACDI\/MAECI)<\/li><li>La fusion de la fili\u00e8re Commerce<\/li><li>Les conditions d\u2019emploi (DSE, soins de sant\u00e9)<\/li><li>Le d\u00e9veloppement international<\/li><li>Qui est l\u2019agent.e du service ext\u00e9rieur de l\u2019avenir ?<\/li><\/ul><p style=\"font-weight: 400;\">\u00a0<\/p>\t\t\t\t\t\t\t\t<\/div>\n\t\t\t\t<\/div>\n\t\t\t\t\t<\/div>\n\t\t\t\t<\/div>\n\t\t\t\t<\/div>\n\t\t","protected":false},"excerpt":{"rendered":"<p>Aper\u00e7u \u00c0 l\u2019heure actuelle, il n\u2019existe aucun recueil digne de ce nom qui regrouperait des renseignements d\u2019ordre pratique sur les carri\u00e8res au niveau professionnel des agent.e.s du service ext\u00e9rieur du Canada au XXIe si\u00e8cle, les incidences de leur travail sur leur vie et celle de leur famille ou la valeur qu\u2019ils.elles apportent aux Canadiens et [&hellip;]<\/p>\n","protected":false},"author":1131,"featured_media":0,"comment_status":"open","ping_status":"closed","sticky":false,"template":"","format":"standard","meta":{"_acf_changed":false,"_seopress_robots_primary_cat":"none","_seopress_titles_title":"","_seopress_titles_desc":"","_seopress_robots_index":"","footnotes":""},"categories":[],"tags":[],"class_list":["post-7451","post","type-post","status-publish","format-standard","hentry"],"acf":[],"_links":{"self":[{"href":"https:\/\/pafso.com\/fr\/wp-json\/wp\/v2\/posts\/7451","targetHints":{"allow":["GET"]}}],"collection":[{"href":"https:\/\/pafso.com\/fr\/wp-json\/wp\/v2\/posts"}],"about":[{"href":"https:\/\/pafso.com\/fr\/wp-json\/wp\/v2\/types\/post"}],"author":[{"embeddable":true,"href":"https:\/\/pafso.com\/fr\/wp-json\/wp\/v2\/users\/1131"}],"replies":[{"embeddable":true,"href":"https:\/\/pafso.com\/fr\/wp-json\/wp\/v2\/comments?post=7451"}],"version-history":[{"count":5,"href":"https:\/\/pafso.com\/fr\/wp-json\/wp\/v2\/posts\/7451\/revisions"}],"predecessor-version":[{"id":7460,"href":"https:\/\/pafso.com\/fr\/wp-json\/wp\/v2\/posts\/7451\/revisions\/7460"}],"wp:attachment":[{"href":"https:\/\/pafso.com\/fr\/wp-json\/wp\/v2\/media?parent=7451"}],"wp:term":[{"taxonomy":"category","embeddable":true,"href":"https:\/\/pafso.com\/fr\/wp-json\/wp\/v2\/categories?post=7451"},{"taxonomy":"post_tag","embeddable":true,"href":"https:\/\/pafso.com\/fr\/wp-json\/wp\/v2\/tags?post=7451"}],"curies":[{"name":"wp","href":"https:\/\/api.w.org\/{rel}","templated":true}]}}