{"id":7149,"date":"2024-11-01T09:27:33","date_gmt":"2024-11-01T13:27:33","guid":{"rendered":"https:\/\/pafso.com\/?p=7149"},"modified":"2024-11-01T09:27:41","modified_gmt":"2024-11-01T13:27:41","slug":"mise-a-jour-de-la-presidente-de-lapase-pour-le-1er-novembre-2024","status":"publish","type":"post","link":"https:\/\/pafso.com\/fr\/mise-a-jour-de-la-presidente\/mise-a-jour-de-la-presidente-de-lapase-pour-le-1er-novembre-2024\/","title":{"rendered":"Mise \u00e0 jour de la pr\u00e9sidente de l\u2019APASE pour le 1er novembre 2024"},"content":{"rendered":"\t\t<div data-elementor-type=\"wp-post\" data-elementor-id=\"7149\" class=\"elementor elementor-7149 elementor-7141\" data-elementor-post-type=\"post\">\n\t\t\t\t<div class=\"elementor-element elementor-element-c820f2e e-flex e-con-boxed e-con e-parent\" data-id=\"c820f2e\" data-element_type=\"container\" data-e-type=\"container\">\n\t\t\t\t\t<div class=\"e-con-inner\">\n\t\t\t\t<div class=\"elementor-element elementor-element-437f71b elementor-widget elementor-widget-text-editor\" data-id=\"437f71b\" data-element_type=\"widget\" data-e-type=\"widget\" data-widget_type=\"text-editor.default\">\n\t\t\t\t<div class=\"elementor-widget-container\">\n\t\t\t\t\t\t\t\t\t<p style=\"font-weight: 400;\">Chers membres,<\/p><p style=\"font-weight: 400;\">Les deux derni\u00e8res semaines ont \u00e9t\u00e9 fort occup\u00e9es, et il y a beaucoup de choses dont je veux vous tenir au courant. Allons-y donc sans plus tarder.<\/p><p style=\"font-weight: 400;\"><strong>La 59<sup>e<\/sup> assembl\u00e9e g\u00e9n\u00e9rale annuelle de l\u2019APASE<\/strong><br \/>Il y a deux semaines, l\u2019APASE a tenu sa 59<sup>e<\/sup> assembl\u00e9e g\u00e9n\u00e9rale annuelle. Cette ann\u00e9e encore, l\u2019assembl\u00e9e s\u2019est d\u00e9roul\u00e9e en virtuel afin d\u2019encourager la participation des membres de l\u2019ext\u00e9rieur de la RCN. Et, encore une fois, nous avons \u00e9t\u00e9 agr\u00e9ablement surpris du grand nombre de membres qui y ont particip\u00e9\u00a0: d\u2019apr\u00e8s nos estimations, il y a eu 55 membres de partout dans le monde. Vous pouvez visionner un enregistrement de la s\u00e9ance <a href=\"https:\/\/www.youtube.com\/watch?v=RxfNOn6t4fA\">ici<\/a>\u00a0sur notre cha\u00eene YouTube.<\/p><p style=\"font-weight: 400;\">J\u2019ai eu le plaisir d\u2019accueillir quatre nouveaux membres au Comit\u00e9 ex\u00e9cutif\u00a0: Ashley Durec, Marc-Andr\u00e9 Desmarais, Zachary Campbell et Trish Chang, dont la candidature a \u00e9t\u00e9 pr\u00e9sent\u00e9e par les participants. Ils se joindront aux membres reconduits, Liam Kirkpatrick, Tam Ames, John Gosal, Gabriel Bastien, Meagan Dalby, William Dunlop, Logann McNamara, Alison Poff, Andr\u00e9 Marquis et Michael Creighton. Je tiens \u00e0 remercier Kristin Jansen, Naomi Gilker, Ana\u00efs Desjardins-Charbonneau et Sarah Tayyem dont le mandat au comit\u00e9 est achev\u00e9. \u00a0<\/p><p style=\"font-weight: 400;\">2024 a \u00e9t\u00e9 une autre ann\u00e9e affair\u00e9e pour notre association. J\u2019ai \u00e9t\u00e9 t\u00e9moin de l\u2019accroissement de nos efforts de d\u00e9fense des int\u00e9r\u00eats gr\u00e2ce au lancement de notre tout premier sondage d\u2019opinion publique et \u00e0 la cr\u00e9ation du R\u00e9seau des familles diplomatiques du Canada. L\u2019ann\u00e9e a \u00e9galement \u00e9t\u00e9 importante pour l\u2019engagement des membres, car nous avons tenu notre sondage triennal et d\u2019autres sondages et questionnaires qui nous aideront \u00e0 \u00e9clairer nos d\u00e9cisions au cours des prochaines ann\u00e9es. 2024 a aussi \u00e9t\u00e9 marqu\u00e9e par l\u2019\u00e9tablissement de notre deuxi\u00e8me plan strat\u00e9gique. Sur la base du plan pr\u00e9c\u00e9dent, il trace la voie pour les trois prochaines ann\u00e9es et met l\u2019accent sur l\u2019\u00e9volution de notre culture organisationnelle d\u2019un mod\u00e8le ax\u00e9 sur les services fond\u00e9s en droit \u00e0 un mod\u00e8le centr\u00e9 sur les int\u00e9r\u00eats et la d\u00e9fense de ces derniers. En outre, comme vous le savez, nos efforts cette ann\u00e9e ont port\u00e9 en grande partie sur l\u2019examen cyclique des DSE, qui est en cours, et les r\u00e9percussions de la transition du R\u00e9gime de soins de sant\u00e9 de la fonction publique \u00e0 la Canada Vie et \u00e0 la MSH International.<\/p><p style=\"font-weight: 400;\">L\u2019ann\u00e9e prochaine sera marquante pour l\u2019APASE, car nous c\u00e9l\u00e9brerons notre 60<sup>e<\/sup> anniversaire de fondation \u00e0 titre d\u2019association professionnelle. Je suis heureuse d\u2019annoncer que nous soulignerons ce jalon par une activit\u00e9 sp\u00e9ciale : APASE 60. Le 4 juin 2025, nous serons les h\u00f4tes d\u2019une r\u00e9ception sp\u00e9ciale au Mus\u00e9e des beaux-arts du Canada pour c\u00e9l\u00e9brer le pass\u00e9, le pr\u00e9sent et l\u2019avenir de notre organisation et de notre profession. Nous y d\u00e9cernerons un prix sp\u00e9cial APASE 60 \u00e0 un.e coll\u00e8gue m\u00e9ritant.e et y lancerons un livre comm\u00e9moratif sp\u00e9cial retra\u00e7ant les 60 ans de notre histoire. Veillez donc \u00e0 bloquer cette date pour cette activit\u00e9 toute sp\u00e9ciale.<\/p><p style=\"font-weight: 400;\"><strong>Le Prix comm\u00e9moratif Randy-Orr<\/strong><br \/>Je suis heureuse d\u2019annoncer que Meagan Dalby est la laur\u00e9ate du Prix comm\u00e9moratif Randy-Orr pour 2024. Comme beaucoup d\u2019entre vous le savent, Meagan a jou\u00e9 un r\u00f4le central dans la cr\u00e9ation du R\u00e9seau des familles diplomatiques du Canada (RFDC). Le RFDC est une nouvelle organisation \u00e0 but non lucratif compos\u00e9e de partenaires, de conjoints et de personnes \u00e0 charge d\u2019employ\u00e9s canadiens ou d\u2019agents du Service ext\u00e9rieur et a pour mission de relier les familles des repr\u00e9sentants du Canada en affectation dans les missions diplomatiques partout dans le monde. Vous pouvez en apprendre davantage au sujet du travail de soutien de Meagan aux familles diplomatiques du Canada dans ce <a href=\"https:\/\/pafso.com\/fr\/non-classifiee\/lapase-annonce-la-laureate-du-prix-commemoratif-randy-orr-2024\/\">communiqu\u00e9 de presse<\/a>.<\/p><p style=\"font-weight: 400;\">Joignez-vous \u00e0 moi pour f\u00e9liciter Meagan et lui exprimer nos plus vifs remerciements pour son grand engagement d\u00e9sint\u00e9ress\u00e9 envers ses coll\u00e8gues et la grande collectivit\u00e9 du service ext\u00e9rieur.<\/p><p style=\"font-weight: 400;\"><strong>La requ\u00eate en ordonnance de mandamus de l\u2019APASE visant \u00e0 obliger le gouvernement \u00e0 offrir une protection fonctionnelle en mati\u00e8re de soins de sant\u00e9<br \/><\/strong>Nous allons de l\u2019avant avec notre requ\u00eate en ordonnance de mandamus visant \u00e0 obliger l\u2019employeur \u00e0 remplir son obligation juridique de fournir \u00e0 nos membres un r\u00e9gime de soins de sant\u00e9 fonctionnel. De fait, mardi dernier, nous avons d\u00e9pos\u00e9 un avis de requ\u00eate en ordonnance de mandamus en Cour f\u00e9d\u00e9rale. Comme tout recours devant les tribunaux, la proc\u00e9dure sera longue et \u00e9reintante, mais, je le r\u00e9p\u00e8te, nous lutterons jusqu\u2019au bout. Cette affaire est symptomatique d\u2019un probl\u00e8me d\u2019ordre plus g\u00e9n\u00e9ral qui fait que le gouvernement a de plus en plus recours \u00e0 la sous-traitance pour la prestation de services et qu\u2019il s\u2019en lave ensuite les mains lorsque les choses vont mal. Comme toujours, je ne manquerai pas de vous tenir au courant \u00e0 chaque \u00e9tape de cette proc\u00e9dure.<\/p><p style=\"font-weight: 400;\"><strong>Le groupe de travail de d\u00e9fense des int\u00e9r\u00eats en mati\u00e8re de soins de sant\u00e9 \u00e0 l\u2019\u00e9tranger<br \/><\/strong>Outre son soutien sur le plan de l\u2019intercession juridique et des relations de travail, l\u2019APASE compte amener cette question dans le d\u00e9bat public. Nous sommes reconnaissants \u00e0 deux de nos membres qui ont formul\u00e9 des commentaires dans le cadre de <a href=\"https:\/\/nationalpost.com\/news\/politics\/diplomats-union-significant-medical-insurance-issues\">cet excellent article paru dans The National Post<\/a>, mais nous aimerions qu\u2019un plus grand nombre de vos histoires soient rendues publiques. S\u2019il vous int\u00e9resse de contribuer \u00e0 ces efforts, peut-\u00eatre notamment en cherchant \u00e0 entamer le dialogue avec le public dans les m\u00e9dias sociaux, en r\u00e9digeant des articles ou en communiquant avec les m\u00e9dias traditionnels, veuillez <a href=\"mailto:Daniel.Pollak@Pafso.com\">communiquer avec Daniel Pollak<\/a>, notre agent de la d\u00e9fense des int\u00e9r\u00eats et des relations avec les intervenants.<\/p><p style=\"font-weight: 400;\"><strong>APASE 60 : appel de volontaires<br \/><\/strong>Comme vous le savez, une activit\u00e9 de l\u2019envergure de celle que nous planifions pour l\u2019ann\u00e9e prochaine exige beaucoup de travail. C\u2019est pourquoi nous esp\u00e9rons que quelques-uns d\u2019entre vous disposeraient du temps et des contacts voulus pour nous pr\u00eater mainforte avec la logistique d\u2019un tel \u00e9v\u00e9nement. Si la chose vous int\u00e9resse, ou souhaitez en savoir davantage avant de vous engager, veuillez envoyer un courriel \u00e0 <a href=\"mailto:marty.johnston@pafso.com\">Marty Johnston<\/a>.<\/p><p style=\"font-weight: 400;\"><strong>D\u00e9jeuner et webinaire des \u00e9crivains d\u2019AmbCanada : le mercredi 13 novembre, 11h30-14h, HNE<br \/><\/strong>Nos bons amis d\u2019AmbCanada m\u2019ont demand\u00e9 de vous transmettre une invitation \u00e0 leur d\u00e9jeuner et webinaire des \u00e9crivains le mercredi 13 novembre, \u00e0 11h30. L\u2019activit\u00e9 mettra en vedette plusieurs \u00e9crivains de renom, notamment deux anciens membres de l\u2019APASE\u00a0: Bodil Jensen et Rhonda Gossen. Pour ceux et celles qui sont int\u00e9ress\u00e9s \u00e0 assister en personne au d\u00e9jeuner au Royal Ottawa Golf Club, les portes ouvriront \u00e0 11h30 et le lunch sera servi \u00e0 12h15, puis les conf\u00e9renciers pendront la parole \u00e0 13h. Vous pouvez vous inscrire en envoyant un courriel \u00e0 <a href=\"mailto:info@ambcanafa.ca\">info@ambcanafa.ca<\/a>; veillez \u00e0 inclure toute restriction alimentaire que vous pourriez avoir. On peut se procurer des billets au co\u00fbt de 47\u00a0$ \u00e0 l\u2019avance par virement \u00e9lectronique via \u00a0<a href=\"mailto:finance@ambcanada.ca\">finance@ambcanada.ca<\/a>. La p\u00e9riode d\u2019inscription \u00e0 l\u2019activit\u00e9 prend fin le jeudi 7 novembre. Pour ceux et celles qui d\u00e9sirent participer au webinaire, il faut l\u00e0 aussi s\u2019inscrire, apr\u00e8s quoi vous recevrez un lien Zoom.<\/p><p style=\"font-weight: 400;\"><strong>Le petit d\u00e9jeuner de l\u2019APASE sur l\u2019avenir du groupe FS \u00e0 AMC<br \/><\/strong>La semaine derni\u00e8re, j\u2019ai eu le plaisir d\u2019animer notre plus r\u00e9cent petit d\u00e9jeuner virtuel de l\u2019APASE sur l\u2019avenir du groupe Service ext\u00e9rieur \u00e0 AMC. J\u2019y ai accueilli Anne Flanagan Whelan, directrice g\u00e9n\u00e9rale des Affectations, Gestion du rendement et des talents, et JP Lemieux, conseiller de direction, Initiatives relatives aux postes permutants, qui ont discut\u00e9 des plans pour l\u2019avenir du groupe FS \u00e0 Affaires mondiales Canada. La discussion s\u2019est r\u00e9v\u00e9l\u00e9e enrichissante et a port\u00e9 sur toute une gamme de sujets, notamment\u00a0: la Section du soutien aux familles, la vision \u00e0 long terme pour la gestion des carri\u00e8res, le renforcement de la gouvernance des bassins de personnel et le prochain examen de la classification. Comme je sais qu\u2019il s\u2019agit d\u2019un sujet fort int\u00e9ressant pour bon nombre d\u2019entre vous, si vous n\u2019avez pu vous joindre \u00e0 nous, nous avons <a href=\"https:\/\/youtu.be\/aHpM-jWAeuc\">un enregistrement de la s\u00e9ance<\/a> que vous pouvez visionner sur notre cha\u00eene YouTube.<\/p><p style=\"font-weight: 400;\"><strong>La Bourse d\u2019\u00e9tudes Sumita-Dixit pour des voix diverses<br \/><\/strong>Notre communaut\u00e9 de l\u2019APASE a subi une lourde perte l\u2019ann\u00e9e derni\u00e8re avec le d\u00e9c\u00e8s de Sumita Dixit, un v\u00e9ritable rayon de soleil qui luttait pour l\u2019inclusion de voix f\u00e9minines dans les tribunes humanitaires et diplomatiques. J\u2019ai \u00e9t\u00e9 tr\u00e8s heureuse d\u2019apprendre que sa famille avait constitu\u00e9 une bourse d\u2019\u00e9tudes en sa m\u00e9moire afin de poursuivre son pr\u00e9cieux travail. Si vous d\u00e9sirez contribuer \u00e0 son important legs, <a href=\"https:\/\/futurefunder.carleton.ca\/giving-fund\/sumita-dixit-scholarship-for-diverse-voices\/\">veuillez consulter ce lien<\/a>.<\/p><p style=\"font-weight: 400;\"><strong>La transition au R\u00e9gime de soins dentaires de la fonction publique<\/strong><br \/>C\u2019est aujourd\u2019hui que se fait la transition du R\u00e9gime de soins dentaires de la fonction publique \u00e0 la Canada Vie. L\u2019employeur nous a demand\u00e9 de rappeler aux membres que, tout comme dans le cas de la transition du r\u00e9gime de soins de sant\u00e9, le nouveau contrat exige l\u2019inscription pr\u00e9alable. En date de la semaine derni\u00e8re, la Canada Vie avait compl\u00e9t\u00e9 l\u2019inscription pr\u00e9alable de 99\u00a0% des participants au r\u00e9gime.<\/p><p style=\"font-weight: 400;\">Si vous avez re\u00e7u un avis de confirmation d\u2019inscription pr\u00e9alable de la Canada Vie, votre inscription a \u00e9t\u00e9 compl\u00e9t\u00e9e pour vous. Il n\u2019en reste pas moins important de valider les renseignements au dossier et de les mettre \u00e0 jour, le cas \u00e9ch\u00e9ant. Si vous n\u2019avez pas encore valid\u00e9 vos renseignements, la Canada Vie vous enverra directement un rappel d\u2019ici quelques semaines. Si la Canada Vie n\u2019a pas communiqu\u00e9 avec vous, cela signifie que votre inscription pr\u00e9alable n\u2019a pas \u00e9t\u00e9 compl\u00e9t\u00e9e et que vous devez vous en charger vous-m\u00eame. Cela s\u2019appliquera surtout aux nouveaux employ\u00e9s qui ont r\u00e9cemment joint les rangs de la fonction publique f\u00e9d\u00e9rale. Cependant, v\u00e9rifiez d\u2019abord votre bo\u00eete de pourriels au cas o\u00f9 la Canada Vie vous aurait envoy\u00e9 un avis de confirmation d\u2019inscription pr\u00e9alable par courriel. Si vous n\u2019avez pas re\u00e7u d\u2019avis par courriel ou par la poste, vous pouvez\u00a0<a href=\"https:\/\/bienvenue.canadavie.com\/rsdfp\/adhesion-prealable.html\">compl\u00e9ter votre inscription pr\u00e9alable en ligne<\/a>\u00a0ou appeler le <a href=\"https:\/\/bienvenue.canadavie.com\/rsdfp\/pour-nous-joindre.html\">Centre des services aux membres du RSDFP<\/a> de la Canada Vie.<\/p><p style=\"font-weight: 400;\">J\u2019esp\u00e8re vraiment que la Canada Vie a tir\u00e9 des le\u00e7ons du fiasco de l\u2019ann\u00e9e derni\u00e8re et que la pr\u00e9sente transition sera fluide et harmonieuse.<\/p><p style=\"font-weight: 400;\">Comme je l\u2019ai dit, les deux derni\u00e8res semaines ont \u00e9t\u00e9 tr\u00e8s affair\u00e9es pour nous \u00e0 l\u2019APASE. Mais, \u00e0 pr\u00e9sent, vous \u00eates \u00e0 jour. \u00a0Et comme toujours, si vous \u00e9prouvez des probl\u00e8mes au travail, n\u2019h\u00e9sitez pas \u00e0 communiquer avec nous. Avez-vous des\u00a0probl\u00e8mes concernant\u00a0<a href=\"mailto:info@pafso.com\">votre r\u00e9mun\u00e9ration<\/a>\u00a0? Vous estimez-vous\u00a0victime de\u00a0<a href=\"mailto:info@pafso.com\">harc\u00e8lement<\/a>\u00a0ou de\u00a0<a href=\"mailto:info@pafso.com\">discrimination<\/a>\u00a0? Avez-vous un\u00a0<a href=\"mailto:info@pafso.com\">grief<\/a>\u00a0ou\u00a0<a href=\"mailto:info@pafso.com\">une plainte de dotation<\/a>\u00a0? Ou d\u00e9sirez-vous simplement des pr\u00e9cisions concernant\u00a0<a href=\"mailto:info@pafso.com\">notre convention collective<\/a>\u00a0ou\u00a0<a href=\"mailto:info@pafso.com\">les DSE<\/a>\u00a0? Quel que soit le cas, l\u2019APASE est l\u00e0 pour vous.\u00a0<a href=\"mailto:info@pafso.com\">Envoyez-nous simplement un courriel<\/a>\u00a0d\u00e9taill\u00e9\u00a0de votre cas, y compris votre nom et votre minist\u00e8re. Pour toute autre question, il suffit d\u2019envoyer un courriel \u00e0\u00a0<a href=\"mailto:info@pafso.com\">info@pafso-apase.com<\/a>\u00a0et quelqu\u2019un communiquera rapidement avec vous.<\/p><p style=\"font-weight: 400;\">\u00c0 la prochaine et, d\u2019ici l\u00e0, prenez soin de vous et les uns des autres.<\/p><p style=\"font-weight: 400;\">Cordialement,<\/p><p style=\"font-weight: 400;\"><strong>Pam Isfeld<br \/><\/strong>Pr\u00e9sidente<br \/><a href=\"https:\/\/twitter.com\/PafsoPresApase\">@PafsoPresApase<\/a><\/p><p style=\"font-weight: 400;\">\u00a0<\/p>\t\t\t\t\t\t\t\t<\/div>\n\t\t\t\t<\/div>\n\t\t\t\t\t<\/div>\n\t\t\t\t<\/div>\n\t\t\t\t<\/div>\n\t\t","protected":false},"excerpt":{"rendered":"<p>Chers membres, Les deux derni\u00e8res semaines ont \u00e9t\u00e9 fort occup\u00e9es, et il y a beaucoup de choses dont je veux vous tenir au courant. Allons-y donc sans plus tarder. La 59e assembl\u00e9e g\u00e9n\u00e9rale annuelle de l\u2019APASEIl y a deux semaines, l\u2019APASE a tenu sa 59e assembl\u00e9e g\u00e9n\u00e9rale annuelle. Cette ann\u00e9e encore, l\u2019assembl\u00e9e s\u2019est d\u00e9roul\u00e9e en [&hellip;]<\/p>\n","protected":false},"author":1131,"featured_media":0,"comment_status":"open","ping_status":"closed","sticky":false,"template":"","format":"standard","meta":{"_acf_changed":false,"_seopress_robots_primary_cat":"none","_seopress_titles_title":"","_seopress_titles_desc":"","_seopress_robots_index":"","footnotes":""},"categories":[41],"tags":[54,50,49,57],"class_list":["post-7149","post","type-post","status-publish","format-standard","hentry","category-mise-a-jour-de-la-presidente","tag-aga","tag-dejeuners-de-lapase","tag-prix-commemoratif-randy-orr","tag-rssfp"],"acf":[],"_links":{"self":[{"href":"https:\/\/pafso.com\/fr\/wp-json\/wp\/v2\/posts\/7149","targetHints":{"allow":["GET"]}}],"collection":[{"href":"https:\/\/pafso.com\/fr\/wp-json\/wp\/v2\/posts"}],"about":[{"href":"https:\/\/pafso.com\/fr\/wp-json\/wp\/v2\/types\/post"}],"author":[{"embeddable":true,"href":"https:\/\/pafso.com\/fr\/wp-json\/wp\/v2\/users\/1131"}],"replies":[{"embeddable":true,"href":"https:\/\/pafso.com\/fr\/wp-json\/wp\/v2\/comments?post=7149"}],"version-history":[{"count":7,"href":"https:\/\/pafso.com\/fr\/wp-json\/wp\/v2\/posts\/7149\/revisions"}],"predecessor-version":[{"id":7163,"href":"https:\/\/pafso.com\/fr\/wp-json\/wp\/v2\/posts\/7149\/revisions\/7163"}],"wp:attachment":[{"href":"https:\/\/pafso.com\/fr\/wp-json\/wp\/v2\/media?parent=7149"}],"wp:term":[{"taxonomy":"category","embeddable":true,"href":"https:\/\/pafso.com\/fr\/wp-json\/wp\/v2\/categories?post=7149"},{"taxonomy":"post_tag","embeddable":true,"href":"https:\/\/pafso.com\/fr\/wp-json\/wp\/v2\/tags?post=7149"}],"curies":[{"name":"wp","href":"https:\/\/api.w.org\/{rel}","templated":true}]}}