{"id":7086,"date":"2024-10-22T09:05:45","date_gmt":"2024-10-22T13:05:45","guid":{"rendered":"https:\/\/pafso.com\/?p=7086"},"modified":"2024-10-22T09:07:30","modified_gmt":"2024-10-22T13:07:30","slug":"lapase-annonce-la-laureate-du-prix-commemoratif-randy-orr-2024","status":"publish","type":"post","link":"https:\/\/pafso.com\/fr\/non-classifiee\/lapase-annonce-la-laureate-du-prix-commemoratif-randy-orr-2024\/","title":{"rendered":"L\u2019APASE annonce la laur\u00e9ate du Prix comm\u00e9moratif Randy-Orr 2024"},"content":{"rendered":"\t\t<div data-elementor-type=\"wp-post\" data-elementor-id=\"7086\" class=\"elementor elementor-7086 elementor-7081\" data-elementor-post-type=\"post\">\n\t\t\t\t<div class=\"elementor-element elementor-element-5bffd755 e-flex e-con-boxed e-con e-parent\" data-id=\"5bffd755\" data-element_type=\"container\" data-e-type=\"container\">\n\t\t\t\t\t<div class=\"e-con-inner\">\n\t\t\t\t<div class=\"elementor-element elementor-element-5f1f8bcf elementor-widget elementor-widget-text-editor\" data-id=\"5f1f8bcf\" data-element_type=\"widget\" data-e-type=\"widget\" data-widget_type=\"text-editor.default\">\n\t\t\t\t<div class=\"elementor-widget-container\">\n\t\t\t\t\t\t\t\t\t<p style=\"font-weight: 400;\">L\u2019Association professionnelle des agents du Service ext\u00e9rieur (l\u2019APASE) est heureuse de d\u00e9voiler le nom de la laur\u00e9ate du troisi\u00e8me Prix comm\u00e9moratif Randy-Orr annuel. Cr\u00e9\u00e9 en 2022 pour honorer la m\u00e9moire de notre comit\u00e9 ex\u00e9cutif de longue date, ce prix souligne le service b\u00e9n\u00e9vole et le d\u00e9vouement exceptionnel de nos membres, de leurs familles ou d\u2019autres coll\u00e8gues, qui ont contribu\u00e9 \u00e0 am\u00e9liorer la vie de ceux qui sont au service du Canada \u00e0 l\u2019\u00e9tranger.<\/p><p style=\"font-weight: 400;\">La p\u00e9riode de mise en candidature a d\u00e9but\u00e9 \u00e0 la fin de juillet. Au cours des mois qui ont suivi, le Comit\u00e9 des candidatures a re\u00e7u plusieurs candidatures exceptionnelles. Apr\u00e8s des d\u00e9lib\u00e9rations minutieuses et difficiles, le comit\u00e9 a maintenant fait sa s\u00e9lection.<\/p><p style=\"font-weight: 400;\">Le Prix comm\u00e9moratif Randy Orr 2024 est d\u00e9cern\u00e9 \u00e0 Meagan Dalby pour son r\u00f4le central dans la cr\u00e9ation du R\u00e9seau des familles diplomatiques du Canada (RFDC). Le RFDC est une nouvelle organisation \u00e0 but non lucratif compos\u00e9e de partenaires, de conjoints et de personnes \u00e0 charge d\u2019employ\u00e9s canadiens ou d\u2019agents du Service ext\u00e9rieur et a pour mission de relier les familles des repr\u00e9sentants du Canada en affectation \u00e0 l\u2019\u00e9tranger. En plus de son role dans la cr\u00e9ation du RCDFC, Meagan a \u00e9galement servi d\u2019agent de liaison entre le r\u00e9seau, l\u2019APASE et les minist\u00e8res, veillant \u00e0 ce que les besoins, les priorit\u00e9s et les int\u00e9r\u00eats de la communaut\u00e9 du service ext\u00e9rieur dans son ensemble soient bien repr\u00e9sent\u00e9s.<\/p><p style=\"font-weight: 400;\">Le travail inlassable de Meagan au sein du RDFC a contribu\u00e9 \u00e0 soutenir les int\u00e9r\u00eats de la communaut\u00e9 des familles diplomatiques dans son ensemble et a r\u00e9ussi \u00e0 faire conna\u00eetre des enjeux sous-repr\u00e9sent\u00e9s qui affectent directement le bien-\u00eatre des diplomates canadiens et de leurs familles. C\u2019est pour tout son d\u00e9vouement d\u00e9sint\u00e9ress\u00e9 envers ses coll\u00e8gues et la communaut\u00e9 du service ext\u00e9rieur dans son ensemble que Meagan re\u00e7oit le Prix comm\u00e9moratif Randy-Orr 2024. Le prix, dot\u00e9 d\u2019une somme de 1 000 $, a \u00e9t\u00e9 remis lors de la 59e assembl\u00e9e g\u00e9n\u00e9rale annuelle de l\u2019APASE, le 21 octobre 2024.<\/p><p style=\"font-weight: 400;\"><span style=\"font-weight: 400;\">Le comit\u00e9 aimerait remercier tous ceux qui ont pris le temps de proposer la candidature d\u2019un coll\u00e8gue ou de pr\u00eater leur nom pour appuyer une candidature. Ils ne pourraient \u00eatre plus satisfaits de l\u2019enthousiasme et de l\u2019int\u00e9r\u00eat que le Prix comm\u00e9moratif Randy-Orr continue de susciter, et ils attendent avec impatience l\u2019ann\u00e9e 2025.<\/span><\/p>\t\t\t\t\t\t\t\t<\/div>\n\t\t\t\t<\/div>\n\t\t\t\t\t<\/div>\n\t\t\t\t<\/div>\n\t\t\t\t<\/div>\n\t\t","protected":false},"excerpt":{"rendered":"<p>L\u2019Association professionnelle des agents du Service ext\u00e9rieur (l\u2019APASE) est heureuse de d\u00e9voiler le nom de la laur\u00e9ate du troisi\u00e8me Prix comm\u00e9moratif Randy-Orr annuel. Cr\u00e9\u00e9 en 2022 pour honorer la m\u00e9moire de notre comit\u00e9 ex\u00e9cutif de longue date, ce prix souligne le service b\u00e9n\u00e9vole et le d\u00e9vouement exceptionnel de nos membres, de leurs familles ou d\u2019autres [&hellip;]<\/p>\n","protected":false},"author":1131,"featured_media":0,"comment_status":"closed","ping_status":"closed","sticky":false,"template":"","format":"standard","meta":{"_acf_changed":false,"_seopress_robots_primary_cat":"none","_seopress_titles_title":"","_seopress_titles_desc":"","_seopress_robots_index":"","footnotes":""},"categories":[],"tags":[49],"class_list":["post-7086","post","type-post","status-publish","format-standard","hentry","tag-prix-commemoratif-randy-orr"],"acf":[],"_links":{"self":[{"href":"https:\/\/pafso.com\/fr\/wp-json\/wp\/v2\/posts\/7086","targetHints":{"allow":["GET"]}}],"collection":[{"href":"https:\/\/pafso.com\/fr\/wp-json\/wp\/v2\/posts"}],"about":[{"href":"https:\/\/pafso.com\/fr\/wp-json\/wp\/v2\/types\/post"}],"author":[{"embeddable":true,"href":"https:\/\/pafso.com\/fr\/wp-json\/wp\/v2\/users\/1131"}],"replies":[{"embeddable":true,"href":"https:\/\/pafso.com\/fr\/wp-json\/wp\/v2\/comments?post=7086"}],"version-history":[{"count":4,"href":"https:\/\/pafso.com\/fr\/wp-json\/wp\/v2\/posts\/7086\/revisions"}],"predecessor-version":[{"id":7091,"href":"https:\/\/pafso.com\/fr\/wp-json\/wp\/v2\/posts\/7086\/revisions\/7091"}],"wp:attachment":[{"href":"https:\/\/pafso.com\/fr\/wp-json\/wp\/v2\/media?parent=7086"}],"wp:term":[{"taxonomy":"category","embeddable":true,"href":"https:\/\/pafso.com\/fr\/wp-json\/wp\/v2\/categories?post=7086"},{"taxonomy":"post_tag","embeddable":true,"href":"https:\/\/pafso.com\/fr\/wp-json\/wp\/v2\/tags?post=7086"}],"curies":[{"name":"wp","href":"https:\/\/api.w.org\/{rel}","templated":true}]}}