{"id":7073,"date":"2024-10-18T10:42:14","date_gmt":"2024-10-18T14:42:14","guid":{"rendered":"https:\/\/pafso.com\/?p=7073"},"modified":"2024-10-18T10:51:34","modified_gmt":"2024-10-18T14:51:34","slug":"mise-a-jour-de-la-presidente-de-lapase-pour-le-18-octobre-2024","status":"publish","type":"post","link":"https:\/\/pafso.com\/fr\/mise-a-jour-de-la-presidente\/mise-a-jour-de-la-presidente-de-lapase-pour-le-18-octobre-2024\/","title":{"rendered":"Mise \u00e0 jour de la pr\u00e9sidente de l\u2019APASE pour le 18 octobre 2024"},"content":{"rendered":"\t\t<div data-elementor-type=\"wp-post\" data-elementor-id=\"7073\" class=\"elementor elementor-7073 elementor-7068\" data-elementor-post-type=\"post\">\n\t\t\t\t<div class=\"elementor-element elementor-element-c820f2e e-flex e-con-boxed e-con e-parent\" data-id=\"c820f2e\" data-element_type=\"container\" data-e-type=\"container\">\n\t\t\t\t\t<div class=\"e-con-inner\">\n\t\t\t\t<div class=\"elementor-element elementor-element-437f71b elementor-widget elementor-widget-text-editor\" data-id=\"437f71b\" data-element_type=\"widget\" data-e-type=\"widget\" data-widget_type=\"text-editor.default\">\n\t\t\t\t<div class=\"elementor-widget-container\">\n\t\t\t\t\t\t\t\t\t<p style=\"font-weight: 400;\">Chers membres,<\/p><p style=\"font-weight: 400;\">J\u2019esp\u00e8re que vous avez tous et toutes eu l\u2019occasion de profiter du long week-end de l\u2019Action de gr\u00e2ces. Ici, dans la RCN, le mercure descend, mais les couleurs s\u2019affichent dans toute leur splendeur.<\/p><p style=\"font-weight: 400;\">Mon message sera tr\u00e8s bref car, pour le moment, il va sans dire que nous consacrons nos \u00e9nergies \u00e0 l\u2019assembl\u00e9e g\u00e9n\u00e9rale annuelle de lundi prochain.<\/p><p style=\"font-weight: 400;\"><strong>La 59<sup>e<\/sup> assembl\u00e9e g\u00e9n\u00e9rale annuelle<br \/><\/strong>N\u2019oubliez pas que notre\u00a0<a href=\"https:\/\/pafso.com\/fr\/non-classifiee\/assemblee-generale-annuelle-le-lundi-21-octobre-2024\/\">assembl\u00e9e g\u00e9n\u00e9rale annuelle<\/a>\u00a0aura lieu virtuellement lundi prochain, le 21 octobre, \u00e0 16h, heure d\u2019Ottawa. L\u2019AGA se veut l\u2019occasion id\u00e9ale pour en apprendre davantage sur votre association. On y pr\u00e9sentera les rapports de la pr\u00e9sidente, du directeur g\u00e9n\u00e9ral et des divers comit\u00e9s sur leurs activit\u00e9s de la derni\u00e8re ann\u00e9e, de m\u00eame qu\u2019un aper\u00e7u de nos plans pour 2025 et au-del\u00e0 \u2013 notamment une annonce sp\u00e9ciale concernant la fa\u00e7on dont nous comptons marquer l\u2019imminent 60<sup>e<\/sup> anniversaire de l\u2019APASE.<\/p><p style=\"font-weight: 400;\">De m\u00eame, nous viserons \u00e0 pourvoir deux postes de notre Comit\u00e9 ex\u00e9cutif\u00a0: un poste de repr\u00e9sentant.e de la fili\u00e8re Commerce et un poste de repr\u00e9sentant.e de la fili\u00e8re AISE. Nous accueillerons des mises en candidature pour ces deux postes par des participants \u00e0 l\u2019AGA. Si vous souhaitez d\u2019abord en savoir un peu plus avant d\u2019annoncer votre candidature, vous pouvez\u00a0<a href=\"https:\/\/www.youtube.com\/watch?v=M4UskQ7-MGQ\">visionner le webinaire de l\u2019ann\u00e9e derni\u00e8re<\/a>\u00a0sur les rouages du Comit\u00e9 ex\u00e9cutif.<\/p><p style=\"font-weight: 400;\">Pour participer \u00e0 l\u2019assembl\u00e9e de lundi, vous devez envoyer un courriel \u00e0\u00a0<a href=\"mailto:agm-aga@pafso-apase.com\">agm-aga@pafso-apase.com<\/a>\u00a0en donnant votre nom et votre minist\u00e8re, <strong>avant 15h, heure d\u2019Ottawa, le lundi 21\u00a0octobre<\/strong>. Vous serez inscrits \u00e0 la liste de participants et recevrez toute l\u2019information voulue pour acc\u00e9der \u00e0 la s\u00e9ance sur Teams. En pr\u00e9vision de l\u2019assembl\u00e9e, nous avons pr\u00e9par\u00e9 un dossier de tous les documents pertinents, y compris les \u00e9tats financiers audit\u00e9s, le budget de 2025 et les rapports des divers comit\u00e9s. Vous pouvez les consulter <a href=\"https:\/\/pafso.com\/fr\/aga2024\/\">ici sur notre site web<\/a>.<\/p><p style=\"font-weight: 400;\">En outre, imm\u00e9diatement apr\u00e8s l\u2019AGA, nous annoncerons le nom du laur\u00e9at ou de la laur\u00e9ate 2024 du Prix comm\u00e9moratif Randy-Orr pour services b\u00e9n\u00e9voles rendus \u00e0 la communaut\u00e9 du service ext\u00e9rieur. Restez avec nous pour c\u00e9l\u00e9brer le travail inspirant des membres de notre communaut\u00e9. Le d\u00e9but de la c\u00e9r\u00e9monie sans caract\u00e8re officiel est pr\u00e9vu pour 17h45.<\/p><p style=\"font-weight: 400;\">2025 s\u2019annonce comme une grosse ann\u00e9e. J\u2019esp\u00e8re que vous pourrez vous joindre \u00e0 nous lundi pour en conna\u00eetre tous les d\u00e9tails.<\/p><p style=\"font-weight: 400;\"><strong>Le petit d\u00e9jeuner de l\u2019APASE sur l\u2019avenir du groupe FS \u00e0 AMC, le 22 octobre, \u00e0 09h HAE<br \/><\/strong>Le lendemain de l\u2019AGA, nous tiendrons un petit d\u00e9jeuner virtuel de l\u2019APASE avec Anne Flanagan Whelan, directrice g\u00e9n\u00e9rale des Affectations, Gestion du rendement et des talents, et JP Lemieux, conseiller de direction, Initiatives relatives aux postes permutants, afin de discuter des plans pour l\u2019avenir du groupe FS \u00e0 Affaires mondiales Canada. On y parlera notamment de la Section du soutien aux familles, de la vision \u00e0 long terme pour la gestion des carri\u00e8res, du renforcement de la gouvernance des bassins de personnel et du prochain examen de la classification.<\/p><p style=\"font-weight: 400;\">Vous pouvez vous inscrire au webinaire en <a href=\"https:\/\/us02web.zoom.us\/webinar\/register\/WN_aFG27BTRT6SgaXa0COVIfA\">cliquant ici<\/a>.<\/p><p style=\"font-weight: 400;\">Si vous avez des questions que vous aimeriez poser au cours de la discussion, vous pouvez les envoyer \u00e0 <a href=\"mailto:info@pafso.com\">info@pafso.com<\/a> avant midi, le lundi 21 octobre.<\/p><p style=\"font-weight: 400;\">C\u2019est tout pour cette semaine. Comme toujours, si vous \u00e9prouvez des probl\u00e8mes au travail, n\u2019h\u00e9sitez pas \u00e0 communiquer avec nous. Avez-vous des\u00a0probl\u00e8mes concernant\u00a0<a href=\"mailto:info@pafso.com\">votre r\u00e9mun\u00e9ration<\/a>\u00a0? Vous estimez-vous\u00a0victime de\u00a0<a href=\"mailto:info@pafso.com\">harc\u00e8lement<\/a>\u00a0ou de\u00a0<a href=\"mailto:info@pafso.com\">discrimination<\/a>\u00a0? Avez-vous un\u00a0<a href=\"mailto:info@pafso.com\">grief<\/a>\u00a0ou\u00a0<a href=\"mailto:info@pafso.com\">une plainte de dotation<\/a>\u00a0? Ou d\u00e9sirez-vous simplement des pr\u00e9cisions concernant\u00a0<a href=\"mailto:info@pafso.com\">notre convention collective<\/a>\u00a0ou\u00a0<a href=\"mailto:info@pafso.com\">les DSE<\/a>\u00a0? Quel que soit le cas, l\u2019APASE est l\u00e0 pour vous.\u00a0<a href=\"mailto:info@pafso.com\">Envoyez-nous simplement un courriel<\/a>\u00a0d\u00e9taill\u00e9\u00a0de votre cas, y compris votre nom et votre minist\u00e8re. Pour toute autre question, il suffit d\u2019envoyer un courriel \u00e0\u00a0<a href=\"mailto:info@pafso.com\">info@pafso-apase.com<\/a>\u00a0et quelqu\u2019un communiquera rapidement avec vous.<\/p><p style=\"font-weight: 400;\">J\u2019esp\u00e8re que vous serez nombreux et nombreuses \u00e0 l\u2019AGA, lundi. Mon prochain message vous parviendra au d\u00e9but de novembre. D\u2019ici l\u00e0, prenez soin de vous et les uns des autres.<\/p><p style=\"font-weight: 400;\">Cordialement,<\/p><p style=\"font-weight: 400;\"><strong>Pam Isfeld<br \/><\/strong>Pr\u00e9sidente<br \/><a href=\"https:\/\/twitter.com\/PafsoPresApase\">@PafsoPresApase<\/a><\/p>\t\t\t\t\t\t\t\t<\/div>\n\t\t\t\t<\/div>\n\t\t\t\t\t<\/div>\n\t\t\t\t<\/div>\n\t\t\t\t<\/div>\n\t\t","protected":false},"excerpt":{"rendered":"<p>Chers membres, J\u2019esp\u00e8re que vous avez tous et toutes eu l\u2019occasion de profiter du long week-end de l\u2019Action de gr\u00e2ces. Ici, dans la RCN, le mercure descend, mais les couleurs s\u2019affichent dans toute leur splendeur. Mon message sera tr\u00e8s bref car, pour le moment, il va sans dire que nous consacrons nos \u00e9nergies \u00e0 l\u2019assembl\u00e9e [&hellip;]<\/p>\n","protected":false},"author":1131,"featured_media":0,"comment_status":"open","ping_status":"closed","sticky":false,"template":"","format":"standard","meta":{"_acf_changed":false,"_seopress_robots_primary_cat":"none","_seopress_titles_title":"","_seopress_titles_desc":"","_seopress_robots_index":"","footnotes":""},"categories":[41],"tags":[54,50,49],"class_list":["post-7073","post","type-post","status-publish","format-standard","hentry","category-mise-a-jour-de-la-presidente","tag-aga","tag-dejeuners-de-lapase","tag-prix-commemoratif-randy-orr"],"acf":[],"_links":{"self":[{"href":"https:\/\/pafso.com\/fr\/wp-json\/wp\/v2\/posts\/7073","targetHints":{"allow":["GET"]}}],"collection":[{"href":"https:\/\/pafso.com\/fr\/wp-json\/wp\/v2\/posts"}],"about":[{"href":"https:\/\/pafso.com\/fr\/wp-json\/wp\/v2\/types\/post"}],"author":[{"embeddable":true,"href":"https:\/\/pafso.com\/fr\/wp-json\/wp\/v2\/users\/1131"}],"replies":[{"embeddable":true,"href":"https:\/\/pafso.com\/fr\/wp-json\/wp\/v2\/comments?post=7073"}],"version-history":[{"count":4,"href":"https:\/\/pafso.com\/fr\/wp-json\/wp\/v2\/posts\/7073\/revisions"}],"predecessor-version":[{"id":7078,"href":"https:\/\/pafso.com\/fr\/wp-json\/wp\/v2\/posts\/7073\/revisions\/7078"}],"wp:attachment":[{"href":"https:\/\/pafso.com\/fr\/wp-json\/wp\/v2\/media?parent=7073"}],"wp:term":[{"taxonomy":"category","embeddable":true,"href":"https:\/\/pafso.com\/fr\/wp-json\/wp\/v2\/categories?post=7073"},{"taxonomy":"post_tag","embeddable":true,"href":"https:\/\/pafso.com\/fr\/wp-json\/wp\/v2\/tags?post=7073"}],"curies":[{"name":"wp","href":"https:\/\/api.w.org\/{rel}","templated":true}]}}