{"id":6997,"date":"2024-10-04T11:37:24","date_gmt":"2024-10-04T15:37:24","guid":{"rendered":"https:\/\/pafso.com\/?p=6997"},"modified":"2024-10-04T11:38:46","modified_gmt":"2024-10-04T15:38:46","slug":"mise-a-jour-de-la-presidente-de-lapase-pour-le-4-octobre-2024","status":"publish","type":"post","link":"https:\/\/pafso.com\/fr\/mise-a-jour-de-la-presidente\/mise-a-jour-de-la-presidente-de-lapase-pour-le-4-octobre-2024\/","title":{"rendered":"Mise \u00e0 jour de la pr\u00e9sidente de l\u2019APASE pour le 4 octobre 2024"},"content":{"rendered":"\t\t<div data-elementor-type=\"wp-post\" data-elementor-id=\"6997\" class=\"elementor elementor-6997 elementor-6992\" data-elementor-post-type=\"post\">\n\t\t\t\t<div class=\"elementor-element elementor-element-c820f2e e-flex e-con-boxed e-con e-parent\" data-id=\"c820f2e\" data-element_type=\"container\" data-e-type=\"container\">\n\t\t\t\t\t<div class=\"e-con-inner\">\n\t\t\t\t<div class=\"elementor-element elementor-element-437f71b elementor-widget elementor-widget-text-editor\" data-id=\"437f71b\" data-element_type=\"widget\" data-e-type=\"widget\" data-widget_type=\"text-editor.default\">\n\t\t\t\t<div class=\"elementor-widget-container\">\n\t\t\t\t\t\t\t\t\t<p style=\"font-weight: 400;\">Chers membres,<\/p><p style=\"font-weight: 400;\">Difficile \u00e0 croire, mais octobre est d\u00e9j\u00e0 l\u00e0. Le temps semble passer si rapidement lorsqu\u2019on est tr\u00e8s occup\u00e9. Et c\u2019est exactement ce qui nous arrive ici, au si\u00e8ge social. Voici une br\u00e8ve mise \u00e0 jour des dossiers auxquels nous travaillons.<\/p><p style=\"font-weight: 400;\"><strong>L\u2019ordonnance de mandamus de l\u2019APASE visant \u00e0 obliger le gouvernement \u00e0 offrir une protection de soins de sant\u00e9 fonctionnelle<br \/><\/strong>Comme je l\u2019ai mentionn\u00e9 dans mon dernier message, nous allons de l\u2019avant avec la pr\u00e9sentation de notre requ\u00eate en ordonnance de mandamus obligeant le gouvernement \u00e0 respecter son obligation juridique et \u00e0 offrir \u00e0 nos membres un r\u00e9gime de soins de sant\u00e9 fonctionnel. \u00c0 cette fin, nous devons notamment compiler un registre exhaustif de la fa\u00e7on dont les lacunes du gouvernement ont touch\u00e9 \u2013 et continuent de toucher \u2013 nos membres, en particulier ceux et celles qui sont affect\u00e9s \u00e0 l\u2019\u00e9tranger.<\/p><p style=\"font-weight: 400;\">Au cours des derni\u00e8res semaines, plusieurs d\u2019entre vous ont communiqu\u00e9 avec nous pour nous exposer les rapports qu\u2019ils ont eus avec la MSH International et leurs cons\u00e9quences pour eux et les membres de leur famille. Nous tenons \u00e0 remercier tous ceux et celles qui nous ont fait part de leurs difficult\u00e9s, car cela contribuera pour beaucoup \u00e0 donner du poids \u00e0 nos arguments devant les tribunaux. Toutefois, nous pourrions en utiliser encore plus. Ainsi, si vous ou des membres de votre famille \u00e9prouvez actuellement, ou avez d\u00e9j\u00e0 \u00e9prouv\u00e9, des difficult\u00e9s concernant le traitement de vos demandes de r\u00e8glement, la r\u00e9ception de remboursements, l\u2019acc\u00e8s au soutien \u00e0 la client\u00e8le, etc.,\u00a0<a href=\"mailto:info@pafso.com?subject=Probl%C3%A8mes%20avec%20le%20RSSFP\">veuillez en faire part sans tarder \u00e0 notre si\u00e8ge social<\/a>. C\u2019est l\u00e0 une \u00e9tape cruciale pour b\u00e2tir le dossier le plus solide possible, et tout renseignement que vous pourrez nous fournir nous aidera grandement \u00e0 obtenir le r\u00e9gime de soins de sant\u00e9 fonctionnel, fiable et exhaustif auquel nous avons droit.<strong>\u00a0<\/strong><\/p><p style=\"font-weight: 400;\"><strong>ANNUL\u00c9\u00a0: le d\u00e9jeuner et webinaire d\u2019AmbCanada, le 9 octobre<br \/><\/strong>Malheureusement, nos amis d\u2019AmbCanada viennent tout juste de nous aviser qu\u2019ils ont d\u00fb annuler leur d\u00e9jeuner du 9 octobre avec Rhonda Gossen comme t\u00eate d\u2019affiche. On me dit que ceux et celles qui s\u2019\u00e9taient d\u00e9j\u00e0 inscrits \u00e0 cette activit\u00e9 seront rembours\u00e9s. Le d\u00e9jeuner du 13\u00a0novembre est toujours \u00e0 l\u2019horaire, et Rhonda y parlera de son livre, <em>The Twelfth of February<\/em>. J\u2019aurai plus de d\u00e9tails concernant cette activit\u00e9 \u00e0 vous donner dans un prochain message.<\/p><p style=\"font-weight: 400;\"><strong>L\u2019AGA 2024 et la remise du Prix comm\u00e9moratif Randy-Orr, le lundi 21 octobre<br \/><\/strong>La 59<sup>e<\/sup>\u00a0<a href=\"https:\/\/pafso.com\/fr\/non-classifiee\/assemblee-generale-annuelle-le-lundi-21-octobre-2024\/\">assembl\u00e9e g\u00e9n\u00e9rale annuelle<\/a>\u00a0de l\u2019APASE aura lieu le lundi 21 octobre, \u00e0 16h, heure d\u2019Ottawa. Encore une fois, tous nos membres de la RCN et de partout dans le monde sont invit\u00e9s \u00e0 participer \u00e0 cette assembl\u00e9e virtuelle via Microsoft Teams. Ceux et celles qui sont int\u00e9ress\u00e9s \u00e0 y participer doivent envoyer un courriel \u00e0\u00a0<a href=\"mailto:agm-aga@pafso-apase.com\">agm-aga@pafso-apase.com<\/a>\u00a0en donnant leur nom et leur minist\u00e8re. Les participants inscrits recevront une convocation officielle \u00e0 l\u2019assembl\u00e9e via Teams, ainsi que des liens \u00e0 tous les documents pertinents. <strong>Veuillez noter que vous devrez vous inscrire au moins une heure avant le d\u00e9but de l\u2019assembl\u00e9e<\/strong> pour vous garantir d\u2019avoir acc\u00e8s \u00e0 la s\u00e9ance.<\/p><p style=\"font-weight: 400;\">Il y a toujours deux postes de notre Comit\u00e9 ex\u00e9cutif \u00e0 pourvoir : un poste de repr\u00e9sentant.e de la fili\u00e8re Commerce et un pose de repr\u00e9sentant.e de la fili\u00e8re AISE. Nous accueillerons des mises en candidature pour ces deux postes par des participants \u00e0 l\u2019AGA. Si vous souhaitez d\u2019abord en savoir un peu plus avant d\u2019annoncer votre candidature, vous pouvez <a href=\"https:\/\/www.youtube.com\/watch?v=M4UskQ7-MGQ\">visionner le webinaire de l\u2019ann\u00e9e derni\u00e8re<\/a> sur les rouages du Comit\u00e9 ex\u00e9cutif.<\/p><p style=\"font-weight: 400;\">L\u2019AGA constitue l\u2019occasion id\u00e9ale de discuter de tout e que nous avons accompli en 2024 et de se faire une id\u00e9e de ce qui nous attend pour 2025 et au-del\u00e0. En pr\u00e9vision de l\u2019assembl\u00e9e, nous avons publi\u00e9\u00a0<a href=\"https:\/\/pafso.com\/fr\/aga2024\/\">ici sur notre site<\/a> les divers rapports pertinents concernant nos initiatives et nos programmes, nos \u00e9tat financiers audit\u00e9s, ainsi que le budget de 2025 et notre plan strat\u00e9gique pour les trois prochaines ann\u00e9es.\u00a0 Au plaisir de vous y accueillir!<\/p><p style=\"font-weight: 400;\">Il y a \u00e9galement lieu de noter qu\u2019imm\u00e9diatement apr\u00e8s l\u2019assembl\u00e9e, nous annoncerons le nom du laur\u00e9at ou de la laur\u00e9ate de notre troisi\u00e8me remise annuelle du Prix comm\u00e9moratif Randy-Orr pour services b\u00e9n\u00e9voles rendus \u00e0 la communaut\u00e9 du service ext\u00e9rieur. Le d\u00e9but de la c\u00e9r\u00e9monie sans caract\u00e8re officiel est pr\u00e9vu pour 17h45; restez avec nous pour c\u00e9l\u00e9brer le travail inspirant des membres de notre communaut\u00e9.<\/p><p style=\"font-weight: 400;\">C\u2019est tout pour cette semaine. J\u2019aurai un autre message \u00e0 vous faire parvenir avant notre AGA. N\u2019oubliez pas, si vous d\u00e9sirez y participer, de nous envoyer un courriel \u00e0 <a href=\"mailto:agm-aga@pafso-apase.com\">agm-aga@pafso-apase.com<\/a>. Dans l\u2019intervalle, si vous \u00e9prouvez des probl\u00e8mes au travail, n\u2019h\u00e9sitez pas \u00e0 communiquer avec nous. Avez-vous des\u00a0probl\u00e8mes concernant\u00a0<a href=\"mailto:info@pafso.com\">votre r\u00e9mun\u00e9ration<\/a>\u00a0? Vous estimez-vous\u00a0victime de\u00a0<a href=\"mailto:info@pafso.com\">harc\u00e8lement<\/a>\u00a0ou de\u00a0<a href=\"mailto:info@pafso.com\">discrimination<\/a>\u00a0? Avez-vous un\u00a0<a href=\"mailto:info@pafso.com\">grief<\/a>\u00a0ou\u00a0<a href=\"mailto:info@pafso.com\">une plainte de dotation<\/a>\u00a0? Ou d\u00e9sirez-vous simplement des pr\u00e9cisions concernant\u00a0<a href=\"mailto:info@pafso.com\">notre convention collective<\/a>\u00a0ou\u00a0<a href=\"mailto:info@pafso.com\">les DSE<\/a>\u00a0? Quel que soit le cas, l\u2019APASE est l\u00e0 pour vous.\u00a0<a href=\"mailto:info@pafso.com\">Envoyez-nous simplement un courriel<\/a>\u00a0d\u00e9taill\u00e9\u00a0de votre cas, y compris votre nom et votre minist\u00e8re. Pour toute autre question, il suffit d\u2019envoyer un courriel \u00e0\u00a0<a href=\"mailto:info@pafso.com\">info@pafso-apase.com<\/a>\u00a0et quelqu\u2019un communiquera rapidement avec vous.<\/p><p style=\"font-weight: 400;\">D\u2019ici l\u00e0, prenez soin de vous et les uns des autres.<\/p><p style=\"font-weight: 400;\">Cordialement,<\/p><p style=\"font-weight: 400;\"><strong>Pam Isfeld<br \/><\/strong>Pr\u00e9sidente<\/p><p style=\"font-weight: 400;\"><a href=\"https:\/\/twitter.com\/PafsoPresApase\">@PafsoPresApase<\/a><\/p><p style=\"font-weight: 400;\">\u00a0<\/p>\t\t\t\t\t\t\t\t<\/div>\n\t\t\t\t<\/div>\n\t\t\t\t\t<\/div>\n\t\t\t\t<\/div>\n\t\t\t\t<\/div>\n\t\t","protected":false},"excerpt":{"rendered":"<p>Chers membres, Difficile \u00e0 croire, mais octobre est d\u00e9j\u00e0 l\u00e0. Le temps semble passer si rapidement lorsqu\u2019on est tr\u00e8s occup\u00e9. Et c\u2019est exactement ce qui nous arrive ici, au si\u00e8ge social. Voici une br\u00e8ve mise \u00e0 jour des dossiers auxquels nous travaillons. L\u2019ordonnance de mandamus de l\u2019APASE visant \u00e0 obliger le gouvernement \u00e0 offrir une [&hellip;]<\/p>\n","protected":false},"author":1131,"featured_media":0,"comment_status":"open","ping_status":"closed","sticky":false,"template":"","format":"standard","meta":{"_acf_changed":false,"_seopress_robots_primary_cat":"none","_seopress_titles_title":"","_seopress_titles_desc":"","_seopress_robots_index":"","footnotes":""},"categories":[41],"tags":[54,49],"class_list":["post-6997","post","type-post","status-publish","format-standard","hentry","category-mise-a-jour-de-la-presidente","tag-aga","tag-prix-commemoratif-randy-orr"],"acf":[],"_links":{"self":[{"href":"https:\/\/pafso.com\/fr\/wp-json\/wp\/v2\/posts\/6997","targetHints":{"allow":["GET"]}}],"collection":[{"href":"https:\/\/pafso.com\/fr\/wp-json\/wp\/v2\/posts"}],"about":[{"href":"https:\/\/pafso.com\/fr\/wp-json\/wp\/v2\/types\/post"}],"author":[{"embeddable":true,"href":"https:\/\/pafso.com\/fr\/wp-json\/wp\/v2\/users\/1131"}],"replies":[{"embeddable":true,"href":"https:\/\/pafso.com\/fr\/wp-json\/wp\/v2\/comments?post=6997"}],"version-history":[{"count":4,"href":"https:\/\/pafso.com\/fr\/wp-json\/wp\/v2\/posts\/6997\/revisions"}],"predecessor-version":[{"id":7002,"href":"https:\/\/pafso.com\/fr\/wp-json\/wp\/v2\/posts\/6997\/revisions\/7002"}],"wp:attachment":[{"href":"https:\/\/pafso.com\/fr\/wp-json\/wp\/v2\/media?parent=6997"}],"wp:term":[{"taxonomy":"category","embeddable":true,"href":"https:\/\/pafso.com\/fr\/wp-json\/wp\/v2\/categories?post=6997"},{"taxonomy":"post_tag","embeddable":true,"href":"https:\/\/pafso.com\/fr\/wp-json\/wp\/v2\/tags?post=6997"}],"curies":[{"name":"wp","href":"https:\/\/api.w.org\/{rel}","templated":true}]}}