{"id":6934,"date":"2024-09-20T11:35:57","date_gmt":"2024-09-20T15:35:57","guid":{"rendered":"https:\/\/pafso.com\/?p=6934"},"modified":"2024-09-20T11:40:00","modified_gmt":"2024-09-20T15:40:00","slug":"mise-a-jour-de-la-presidente-de-lapase-pour-le-20-septembre-2024","status":"publish","type":"post","link":"https:\/\/pafso.com\/fr\/mise-a-jour-de-la-presidente\/mise-a-jour-de-la-presidente-de-lapase-pour-le-20-septembre-2024\/","title":{"rendered":"Mise \u00e0 jour de la pr\u00e9sidente de l\u2019APASE pour le 20 septembre 2024"},"content":{"rendered":"\t\t<div data-elementor-type=\"wp-post\" data-elementor-id=\"6934\" class=\"elementor elementor-6934 elementor-6927\" data-elementor-post-type=\"post\">\n\t\t\t\t<div class=\"elementor-element elementor-element-c820f2e e-flex e-con-boxed e-con e-parent\" data-id=\"c820f2e\" data-element_type=\"container\" data-e-type=\"container\">\n\t\t\t\t\t<div class=\"e-con-inner\">\n\t\t\t\t<div class=\"elementor-element elementor-element-437f71b elementor-widget elementor-widget-text-editor\" data-id=\"437f71b\" data-element_type=\"widget\" data-e-type=\"widget\" data-widget_type=\"text-editor.default\">\n\t\t\t\t<div class=\"elementor-widget-container\">\n\t\t\t\t\t\t\t\t\t<p style=\"font-weight: 400;\">Chers membres,<\/p><p style=\"font-weight: 400;\">La r\u00e9gion de la capitale nationale jouit d\u2019un temps agr\u00e9ablement chaud et ensoleill\u00e9 depuis quelques semaines \u2013 un dernier sursaut glorieux de l\u2019\u00e9t\u00e9 avant la transition \u00e0 l\u2019automne. Il en va de m\u00eame de nous, ici, au si\u00e8ge social \u2013 nous sommes occup\u00e9s \u00e0 tout pr\u00e9parer pour notre AGA du 21\u00a0octobre. J\u2019y reviendrai un peu plus loin, mais, d\u2019abord, je tiens \u00e0 faire le point sur quelques dossiers.<\/p><p style=\"font-weight: 400;\"><strong>Notre ordonnance de mandamus visant \u00e0 obliger le gouvernement \u00e0 offrir un r\u00e9gime de soins de sant\u00e9 fonctionnel<br \/><\/strong>Comme je l\u2019ai mentionn\u00e9 dans mon dernier message, le Conseil du Tr\u00e9sor n\u2019a, dans la r\u00e9ponse qu\u2019il nous a fait parvenir, abord\u00e9 aucune de nos pr\u00e9occupations relatives aux lacunes du R\u00e9gime de soins de sant\u00e9 de la fonction publique (RSSFP) depuis la transition de son administration \u00e0 la Canada Vie et \u00e0 la MSH International en juillet 2023. En outre, il ne reconna\u00eet aucune part de responsabilit\u00e9 pour la situation, mais bl\u00e2me plut\u00f4t les assureurs.<\/p><p style=\"font-weight: 400;\">Il est devenu manifeste que, pour obtenir un r\u00e9gime de soins de sant\u00e9 fonctionnel \u2013 offrant un traitement fiable et constant des demandes de r\u00e8glement exact et en temps opportun \u00e0 nos membres et \u00e0 leur famille, tant au pays qu\u2019\u00e0 l\u2019\u00e9tranger \u2013, nous n\u2019avons d\u2019autre choix que de pr\u00e9senter une requ\u00eate en ordonnance de mandamus obligeant le gouvernement \u00e0 respecter son obligation juridique. Il s\u2019agit d\u2019une t\u00e2che \u00e9norme \u00e0 laquelle nous devrons consacrer beaucoup de temps et de ressources, mais, nous estimons, tout comme nos conseillers juridiques, que c\u2019est le meilleur recours qui s\u2019offre \u00e0 nous.<\/p><p style=\"font-weight: 400;\">La semaine derni\u00e8re, nous avons rencontr\u00e9 nos conseillers juridiques pour discuter du travail pr\u00e9paratoire \u00e0 faire avant d\u2019aller de l\u2019avant avec la requ\u00eate en ordonnance de mandamus. \u00c0 cette fin, nous devrons notamment compiler un registre exhaustif de la fa\u00e7on dont les lacunes du RSSFP ont touch\u00e9 \u2013 et continuent de toucher \u2013 nos membres, en particulier ceux et celles qui sont affect\u00e9s \u00e0 l\u2019\u00e9tranger. On nous a demand\u00e9 d\u2019obtenir de nos membres le plus grand nombre possible de cas o\u00f9 la Canada Vie et la MSH International leur ont occasionn\u00e9 des probl\u00e8mes.<\/p><p style=\"font-weight: 400;\">Ainsi, si vous ou des membres de votre famille \u00e9prouvez actuellement, ou avez d\u00e9j\u00e0 \u00e9prouv\u00e9, des difficult\u00e9s concernant le traitement de vos demandes de r\u00e8glement, la r\u00e9ception de remboursements, l\u2019acc\u00e8s au soutien \u00e0 la client\u00e8le, etc., <a href=\"mailto:info@pafso.com?subject=Probl%C3%A8mes%20avec%20le%20RSSFP\">veuillez en faire part sans tarder \u00e0 notre si\u00e8ge social<\/a>. C\u2019est l\u00e0 une \u00e9tape cruciale pour b\u00e2tir le dossier le plus solide possible, et tout renseignement que vous pourrez nous fournir nous aidera grandement \u00e0 obtenir le r\u00e9gime de soins de sant\u00e9 fonctionnel, fiable et exhaustif auquel nous avons droit.<\/p><p style=\"font-weight: 400;\">Voil\u00e0 l\u2019un des plus importants enjeux auxquels nous sommes confront\u00e9s. Je ne manquerai pas de vous tenir au courant des d\u00e9veloppements au fur et \u00e0 mesure que la situation \u00e9voluera.<\/p><p style=\"font-weight: 400;\"><strong>Le nouveau R\u00e9seau des familles diplomatiques du Canada<br \/><\/strong>Mardi dernier, nous avons lanc\u00e9 la nouvelle saison de nos petits d\u00e9jeuners de l\u2019APASE. Pour l\u2019occasion, j\u2019ai eu l\u2019immense plaisir d\u2019accueillir la repr\u00e9sentante d\u2019IRCC au Comit\u00e9 ex\u00e9cutif, Meagan Dalby, qui assure la liaison entre nous et le nouveau R\u00e9seau des familles diplomatiques du Canada (RFDC). Le RFDC, cr\u00e9\u00e9 plus t\u00f4t cette ann\u00e9e avec l\u2019appui et l\u2019encouragement de l\u2019APASE, est un groupe b\u00e9n\u00e9vole sans but lucratif de conjoints du gouvernement du Canada qui travaillent ensemble pour mettre en relation les conjoints et les personnes \u00e0 charge des repr\u00e9sentants du gouvernement du Canada \u00e0 tous les postes diplomatiques et d\u00e9fendre leurs int\u00e9r\u00eats. Si vous n\u2019avez pas eu la chance de participer \u00e0 la causerie de mardi, vous pouvez <a href=\"https:\/\/youtu.be\/-a0yuOfd7o0\">visionner un enregistrement de la s\u00e9ance ici sur notre cha\u00eene YouTube<\/a>. Pour en savoir davantage au sujet du RFDC et de sa mission, il suffit de <a href=\"https:\/\/cdfn-rfdc.com\/fr\/\">consulter son site web<\/a>.<\/p><p style=\"font-weight: 400;\"><strong>Assembl\u00e9e du R\u00e9seau des familles diplomatiques du Canada le 23 septembre \u00e0 12 h 00<br \/><\/strong>Le RFDC nous a \u00e9galement fait savoir qu\u2019ils organisent une assembl\u00e9e publique ce lundi 23 septembre \u00e0 midi, heure d\u2019Ottawa. Utilisez le lien Zoom ci-dessous si vous souhaitez en savoir plus sur les probl\u00e8mes auxquels est confront\u00e9 ce segment important de la communaut\u00e9 du service ext\u00e9rieur\u00a0:<\/p><p style=\"font-weight: 400;\">Sujet : CDFN-RFDC Town Halll \/ Assembl\u00e9e<br \/>Heure : 23 septembre 2024, 12 h 00 heure de l\u2019est (\u00c9.-U. et Canada)<br \/>Rejoindre la r\u00e9union Zoom<\/p><p style=\"font-weight: 400;\"><a href=\"https:\/\/ca01web.zoom.us\/j\/82232676616?fbclid=IwZXh0bgNhZW0CMTAAAR2DOaRwD19gJLWu6EWT4qEc8wJGJaHx7Kr7sHa1QI9tA_NLxdA1JM9V6Rk_aem_QMwwyxNpocYsRcpFJv-GXA\">https:\/\/ca01web.zoom.us\/j\/82232676616?fbclid=IwZXh0bgNhZW0CMTAAAR2DOaRwD19gJLWu6EWT4qEc8wJGJaHx7Kr7sHa1QI9tA_NLxdA1JM9V6Rk_aem_QMwwyxNpocYsRcpFJv-GXA<\/a><\/p><p style=\"font-weight: 400;\">ID de la reunion : 822 3267 6616<br \/>Code d\u2019acc\u00e8s : 0<\/p><p style=\"font-weight: 400;\"><strong>L\u2019AGA 2024, le lundi 21 octobre<br \/><\/strong>Si vous souhaitez en apprendre davantage sur les buts et les objectifs de l\u2019APASE pour l\u2019ann\u00e9e qui vient, ne manquez pas de vous joindre \u00e0 nous le 21 octobre, \u00e0 16h, heure d\u2019Ottawa, pour notre <a href=\"https:\/\/pafso.com\/fr\/non-classifiee\/assemblee-generale-annuelle-le-lundi-21-octobre-2024\/\">assembl\u00e9e g\u00e9n\u00e9rale annuelle 2024<\/a>. Un certain nombre de rapports sur nos activit\u00e9s de l\u2019ann\u00e9e derni\u00e8re y seront pr\u00e9sent\u00e9s, de m\u00eame qu\u2019un aper\u00e7u de ce qui s\u2019annonce dans le cadre d\u2019une discussion portant sur nos plans pour 2025 et au-del\u00e0.<\/p><p style=\"font-weight: 400;\">Il y a actuellement deux postes de notre Comit\u00e9 ex\u00e9cutif \u00e0 pourvoir : un pour la fili\u00e8re Commerce et un pour la fili\u00e8re AISE. Nous accueillerons des mises en candidature pour ces deux postes par des participants \u00e0 l\u2019AGA. S\u2019il vous int\u00e9resse d\u2019\u00eatre un peu plus actif.ve au sein de votre association et de participer \u00e0 la prise des grandes d\u00e9cisions qui nous toucheront directement, tous et toutes, mais souhaitez d\u2019abord en savoir un peu plus avant d\u2019annoncer votre candidature, vous pouvez visionner le webinaire de l\u2019ann\u00e9e derni\u00e8re sur les rouages du comit\u00e9\u00a0<a href=\"https:\/\/www.youtube.com\/watch?v=M4UskQ7-MGQ\">ici sur notre cha\u00eene YouTube<\/a>.<\/p><p style=\"font-weight: 400;\">Ceux et celles qui sont int\u00e9ress\u00e9s \u00e0 participer \u00e0 l\u2019assembl\u00e9e de cette ann\u00e9e doivent envoyer un courriel \u00e0\u00a0<a href=\"mailto:agm-aga@pafso-apase.com\">agm-aga@pafso-apase.com<\/a>\u00a0en donnant leur nom et leur minist\u00e8re. Les participants inscrits recevront une convocation officielle \u00e0 l\u2019assembl\u00e9e accompagn\u00e9e de l\u2019ordre du jour complet et de tous les documents connexes, \u00e0 une date ult\u00e9rieure.<\/p><p style=\"font-weight: 400;\"><strong>D\u00e9jeuner et webinaire d\u2019AmbCanada le 9 octobre<br \/><\/strong>Nos bons amis d\u2019AmbCanada m&rsquo;ont demand\u00e9 de vous informer d\u2019un autre \u00e9v\u00e9nement int\u00e9ressant qui aura lieu au d\u00e9but du mois prochain. Vous \u00eates invit\u00e9s \u00e0 venir \u00e9couter Rhonda Gossen, ancienne diplomate, gestionnaire de l\u2019ACDI et consultante aupr\u00e8s de l\u2019ONU, parler de son nouveau livre, <em>The Twelfth of February<\/em>. Elle y raconte l\u2019histoire du travail novateur du Canada dans la promotion de l\u2019\u00e9galit\u00e9 des sexes au Pakistan \u00e0 une \u00e9poque o\u00f9 l\u2019extr\u00e9misme religieux est en pleine croissance. Rhonda sera accompagn\u00e9e par des invit\u00e9es sp\u00e9ciales, Louise Ouimet et Heather Cruden, qui partageront leur propre exp\u00e9rience au Pakistan et dans la r\u00e9gion afin de tirer d\u2019importantes le\u00e7ons g\u00e9opolitiques pour le Canada sur l\u2019autonomisation des femmes \u00e0 la crois\u00e9e de la s\u00e9curit\u00e9, du d\u00e9veloppement et du soutien aux processus d\u00e9mocratiques.<\/p><p style=\"font-weight: 400;\">L&rsquo;\u00e9v\u00e9nement aura lieu en personne au Royal Ottawa Golf Club et virtuellement via Zoom. Pour les participants virtuels, vous pouvez r\u00e9server votre place en utilisant <a href=\"https:\/\/us02web.zoom.us\/webinar\/register\/WN_IuMBdV4zRwqEU2QOH3Gvhw#\/registration\">ce lien<\/a>. Pour vous inscrire \u00e0 l\u2019\u00e9v\u00e9nement en personne, veuillez envoyer un courriel \u00e0 <a href=\"mailto:info@ambcanada.ca\">info@ambcanada.ca<\/a>. Les portes ouvriront \u00e0 12 h, le d\u00e9jeuner sera servi \u00e0 12 h 15 et les conf\u00e9renciers monteront sur sc\u00e8ne \u00e0 13 h. Les inscriptions se terminent le 3 octobre.<\/p><p style=\"font-weight: 400;\">Voil\u00e0, c\u2019est tout pour le message de cette semaine. Si vous \u00e9prouvez des probl\u00e8mes au travail, n\u2019h\u00e9sitez pas \u00e0 communiquer avec nous. Avez-vous des\u00a0probl\u00e8mes concernant\u00a0<a href=\"mailto:info@pafso.com\">votre r\u00e9mun\u00e9ration<\/a>\u00a0? Vous estimez-vous\u00a0victime de\u00a0<a href=\"mailto:info@pafso.com\">harc\u00e8lement<\/a>\u00a0ou de\u00a0<a href=\"mailto:info@pafso.com\">discrimination<\/a>\u00a0? Avez-vous un\u00a0<a href=\"mailto:info@pafso.com\">grief<\/a>\u00a0ou\u00a0<a href=\"mailto:info@pafso.com\">une plainte de dotation<\/a>\u00a0? Ou d\u00e9sirez-vous simplement des pr\u00e9cisions concernant\u00a0<a href=\"mailto:info@pafso.com\">notre convention collective<\/a>\u00a0ou\u00a0<a href=\"mailto:info@pafso.com\">les DSE<\/a>\u00a0? Quel que soit le cas, l\u2019APASE est l\u00e0 pour vous.\u00a0<a href=\"mailto:info@pafso.com\">Envoyez-nous simplement un courriel<\/a>\u00a0d\u00e9taill\u00e9\u00a0de votre cas, y compris votre nom et votre minist\u00e8re. Pour toute autre question, il suffit d\u2019envoyer un courriel \u00e0\u00a0<a href=\"mailto:info@pafso.com\">info@pafso-apase.com<\/a>\u00a0et quelqu\u2019un communiquera rapidement avec vous.<\/p><p style=\"font-weight: 400;\">D\u2019ici l\u00e0, prenez soin de vous et les uns des autres.<\/p><p style=\"font-weight: 400;\">Cordialement,<\/p><p style=\"font-weight: 400;\"><strong>Pam Isfeld<br \/><\/strong>Pr\u00e9sidente<br \/><a href=\"https:\/\/twitter.com\/PafsoPresApase\">@PafsoPresApase<\/a><\/p>\t\t\t\t\t\t\t\t<\/div>\n\t\t\t\t<\/div>\n\t\t\t\t\t<\/div>\n\t\t\t\t<\/div>\n\t\t\t\t<\/div>\n\t\t","protected":false},"excerpt":{"rendered":"<p>Chers membres, La r\u00e9gion de la capitale nationale jouit d\u2019un temps agr\u00e9ablement chaud et ensoleill\u00e9 depuis quelques semaines \u2013 un dernier sursaut glorieux de l\u2019\u00e9t\u00e9 avant la transition \u00e0 l\u2019automne. Il en va de m\u00eame de nous, ici, au si\u00e8ge social \u2013 nous sommes occup\u00e9s \u00e0 tout pr\u00e9parer pour notre AGA du 21\u00a0octobre. J\u2019y reviendrai [&hellip;]<\/p>\n","protected":false},"author":1131,"featured_media":0,"comment_status":"open","ping_status":"closed","sticky":false,"template":"","format":"standard","meta":{"_acf_changed":false,"_seopress_robots_primary_cat":"none","_seopress_titles_title":"","_seopress_titles_desc":"","_seopress_robots_index":"","footnotes":""},"categories":[41],"tags":[54,48],"class_list":["post-6934","post","type-post","status-publish","format-standard","hentry","category-mise-a-jour-de-la-presidente","tag-aga","tag-amc"],"acf":[],"_links":{"self":[{"href":"https:\/\/pafso.com\/fr\/wp-json\/wp\/v2\/posts\/6934","targetHints":{"allow":["GET"]}}],"collection":[{"href":"https:\/\/pafso.com\/fr\/wp-json\/wp\/v2\/posts"}],"about":[{"href":"https:\/\/pafso.com\/fr\/wp-json\/wp\/v2\/types\/post"}],"author":[{"embeddable":true,"href":"https:\/\/pafso.com\/fr\/wp-json\/wp\/v2\/users\/1131"}],"replies":[{"embeddable":true,"href":"https:\/\/pafso.com\/fr\/wp-json\/wp\/v2\/comments?post=6934"}],"version-history":[{"count":4,"href":"https:\/\/pafso.com\/fr\/wp-json\/wp\/v2\/posts\/6934\/revisions"}],"predecessor-version":[{"id":6939,"href":"https:\/\/pafso.com\/fr\/wp-json\/wp\/v2\/posts\/6934\/revisions\/6939"}],"wp:attachment":[{"href":"https:\/\/pafso.com\/fr\/wp-json\/wp\/v2\/media?parent=6934"}],"wp:term":[{"taxonomy":"category","embeddable":true,"href":"https:\/\/pafso.com\/fr\/wp-json\/wp\/v2\/categories?post=6934"},{"taxonomy":"post_tag","embeddable":true,"href":"https:\/\/pafso.com\/fr\/wp-json\/wp\/v2\/tags?post=6934"}],"curies":[{"name":"wp","href":"https:\/\/api.w.org\/{rel}","templated":true}]}}