{"id":6807,"date":"2024-07-22T14:29:28","date_gmt":"2024-07-22T18:29:28","guid":{"rendered":"https:\/\/pafso.com\/?p=6807"},"modified":"2024-08-09T14:34:45","modified_gmt":"2024-08-09T18:34:45","slug":"assemblee-generale-annuelle-le-lundi-21-octobre-2024","status":"publish","type":"post","link":"https:\/\/pafso.com\/fr\/non-classifiee\/assemblee-generale-annuelle-le-lundi-21-octobre-2024\/","title":{"rendered":"Assembl\u00e9e g\u00e9n\u00e9rale annuelle, le lundi 21 octobre 2024"},"content":{"rendered":"\t\t<div data-elementor-type=\"wp-post\" data-elementor-id=\"6807\" class=\"elementor elementor-6807 elementor-6799\" data-elementor-post-type=\"post\">\n\t\t\t\t<div class=\"elementor-element elementor-element-13ffaf75 e-flex e-con-boxed e-con e-parent\" data-id=\"13ffaf75\" data-element_type=\"container\" data-e-type=\"container\">\n\t\t\t\t\t<div class=\"e-con-inner\">\n\t\t\t\t<div class=\"elementor-element elementor-element-1235613e elementor-widget elementor-widget-text-editor\" data-id=\"1235613e\" data-element_type=\"widget\" data-e-type=\"widget\" data-widget_type=\"text-editor.default\">\n\t\t\t\t<div class=\"elementor-widget-container\">\n\t\t\t\t\t\t\t\t\t<h1>AVIS<\/h1><h3>ASSEMBL\u00c9E G\u00c9N\u00c9RALE ANNUELLE<br \/>LE LUNDI 21 OCTOBRE 2024, 16\u00a0h<\/h3><h3>\u00a0<\/h3><p>Une Assembl\u00e9e g\u00e9n\u00e9rale annuelle de l\u2019Association professionnelle des agents du Service ext\u00e9rieur se tiendra \u00e0 Ottawa\u00a0<strong>le lundi 21 octobre 2024<\/strong>\u00a0conform\u00e9ment \u00e0 l\u2019article 11 de la Constitution de l\u2019APASE. Encore une fois, afin de\u00a0promouvoir\u00a0la participation des members \u00e0 l\u2019\u00e9tranger, l\u2019assembl\u00e9e sera virtuelle et diffus\u00e9e en ligne. De plus amples d\u00e9tails sur comment y participer, incluant les dispositions concernant le vote \u00e9lectronique, seront fournis plus pr\u00e8s de la date de l\u2019assembl\u00e9e.<\/p><p>Quelques postes au Comit\u00e9 ex\u00e9cutif sont \u00e0 pourvoir cette ann\u00e9e dans les fili\u00e8res suivantes :\u00a0<strong>Commerce<\/strong>\u00a0\u2013 1 poste vacant;\u00a0<strong>Politique<\/strong>\u00a0\u2013 1 poste vacant;\u00a0<strong>Membres \u00e0 titre particulier<\/strong>\u00a0\u2013 1 poste vacant. Les \u00e9lections \u00e0 ces postes se tiendront en conformit\u00e9 avec l\u2019article 7 des <a href=\"https:\/\/pafso.com\/fr\/a-propos\/nos-statuts\/\" target=\"_blank\" rel=\"noopener\">Statuts de l\u2019APASE<\/a>.<\/p><p>Toute mise en candidature \u00e0 l\u2019\u00e9lection au Comit\u00e9 ex\u00e9cutif devra \u00eatre soumise par \u00e9crit et appuy\u00e9e par au moins trois membres titulaires et devra parvenir au Secr\u00e9taire <strong>avant<\/strong> <strong>17h (heure d&rsquo;Ottawa)\u00a0le<\/strong>\u00a0<strong>31 ao\u00fbt 2024.<\/strong>\u00a0Les candidats doivent aussi faire parvenir au Secr\u00e9taire le\/ou avant la m\u00eame date, un bref descriptif,\u00a0<u>150 mots maximum<\/u>, d\u2019eux\u2011m\u00eames ainsi que de leurs buts et objectifs en tant que membres du Comit\u00e9 ex\u00e9cutif. Une fois le Comit\u00e9 ex\u00e9cutif assur\u00e9 que les candidats ainsi propos\u00e9s sont \u00e9ligibles et acceptent de faire partie du Comit\u00e9, un bulletin de vote \u00e9lectronique sera envoy\u00e9 \u00e0 tous les membres de l\u2019Association avant l\u2019Assembl\u00e9e.<\/p><p>Les membres sont aussi pri\u00e9s de noter que, tel que stipul\u00e9 \u00e0 l\u2019article 6(c) de la Constitution\u00a0:<\/p><p><em>Dans la composition du Comit\u00e9 ex\u00e9cutif, on tiendra compte des fili\u00e8res professionnelles et des niveaux du groupe FS. Le Comit\u00e9 ex\u00e9cutif comptera pas moins de deux (2) membres de chaque fili\u00e8re professionnelle, sous r\u00e9serve du sous alin\u00e9a 7 (b) (vi).<\/em><\/p><p><strong>LE COMIT\u00c9 EX\u00c9CUTIF DE L\u2019APASE<\/strong><br \/><a href=\"mailto:info@pafso-apase.com\" target=\"_blank\" rel=\"noopener\">info@pafso-apase.com<\/a><br \/>Le 22 juillet 2024<\/p><p><em><strong>Veuillez noter :<\/strong>\u00a0Tous les documents pertinents seront distribu\u00e9s aux membres sous forme \u00e9lectronique.<\/em><\/p><p><a href=\"https:\/\/pafso.com\/wp-content\/uploads\/2024\/07\/NominationForm2024_F.pdf\"><b>T\u00c9L\u00c9CHARGER LE FORMULAIRE DE MISE EN CANDIDATURE<\/b><\/a><\/p>\t\t\t\t\t\t\t\t<\/div>\n\t\t\t\t<\/div>\n\t\t\t\t\t<\/div>\n\t\t\t\t<\/div>\n\t\t\t\t<\/div>\n\t\t","protected":false},"excerpt":{"rendered":"<p>AVIS ASSEMBL\u00c9E G\u00c9N\u00c9RALE ANNUELLELE LUNDI 21 OCTOBRE 2024, 16\u00a0h \u00a0 Une Assembl\u00e9e g\u00e9n\u00e9rale annuelle de l\u2019Association professionnelle des agents du Service ext\u00e9rieur se tiendra \u00e0 Ottawa\u00a0le lundi 21 octobre 2024\u00a0conform\u00e9ment \u00e0 l\u2019article 11 de la Constitution de l\u2019APASE. Encore une fois, afin de\u00a0promouvoir\u00a0la participation des members \u00e0 l\u2019\u00e9tranger, l\u2019assembl\u00e9e sera virtuelle et diffus\u00e9e en ligne. [&hellip;]<\/p>\n","protected":false},"author":1131,"featured_media":0,"comment_status":"closed","ping_status":"closed","sticky":false,"template":"","format":"standard","meta":{"_acf_changed":false,"_seopress_robots_primary_cat":"none","_seopress_titles_title":"","_seopress_titles_desc":"","_seopress_robots_index":"","footnotes":""},"categories":[],"tags":[54],"class_list":["post-6807","post","type-post","status-publish","format-standard","hentry","tag-aga"],"acf":[],"_links":{"self":[{"href":"https:\/\/pafso.com\/fr\/wp-json\/wp\/v2\/posts\/6807","targetHints":{"allow":["GET"]}}],"collection":[{"href":"https:\/\/pafso.com\/fr\/wp-json\/wp\/v2\/posts"}],"about":[{"href":"https:\/\/pafso.com\/fr\/wp-json\/wp\/v2\/types\/post"}],"author":[{"embeddable":true,"href":"https:\/\/pafso.com\/fr\/wp-json\/wp\/v2\/users\/1131"}],"replies":[{"embeddable":true,"href":"https:\/\/pafso.com\/fr\/wp-json\/wp\/v2\/comments?post=6807"}],"version-history":[{"count":7,"href":"https:\/\/pafso.com\/fr\/wp-json\/wp\/v2\/posts\/6807\/revisions"}],"predecessor-version":[{"id":6815,"href":"https:\/\/pafso.com\/fr\/wp-json\/wp\/v2\/posts\/6807\/revisions\/6815"}],"wp:attachment":[{"href":"https:\/\/pafso.com\/fr\/wp-json\/wp\/v2\/media?parent=6807"}],"wp:term":[{"taxonomy":"category","embeddable":true,"href":"https:\/\/pafso.com\/fr\/wp-json\/wp\/v2\/categories?post=6807"},{"taxonomy":"post_tag","embeddable":true,"href":"https:\/\/pafso.com\/fr\/wp-json\/wp\/v2\/tags?post=6807"}],"curies":[{"name":"wp","href":"https:\/\/api.w.org\/{rel}","templated":true}]}}