{"id":6706,"date":"2024-07-03T12:03:34","date_gmt":"2024-07-03T16:03:34","guid":{"rendered":"https:\/\/pafso.com\/?p=6706"},"modified":"2024-07-03T14:12:09","modified_gmt":"2024-07-03T18:12:09","slug":"lapase-depose-des-plaintes-relatives-aux-droits-de-la-personne-pour-le-compte-des-agents-du-service-exterieur-prives-de-protection-pour-leurs-soins-de-sante","status":"publish","type":"post","link":"https:\/\/pafso.com\/fr\/non-classifiee\/lapase-depose-des-plaintes-relatives-aux-droits-de-la-personne-pour-le-compte-des-agents-du-service-exterieur-prives-de-protection-pour-leurs-soins-de-sante\/","title":{"rendered":"L\u2019APASE d\u00e9pose des plaintes relatives aux droits de la personne pour le compte des agents du service ext\u00e9rieur priv\u00e9s de protection pour leurs soins de sant\u00e9"},"content":{"rendered":"\t\t<div data-elementor-type=\"wp-post\" data-elementor-id=\"6706\" class=\"elementor elementor-6706 elementor-6691\" data-elementor-post-type=\"post\">\n\t\t\t\t<div class=\"elementor-element elementor-element-a44cd83 e-flex e-con-boxed e-con e-parent\" data-id=\"a44cd83\" data-element_type=\"container\" data-e-type=\"container\">\n\t\t\t\t\t<div class=\"e-con-inner\">\n\t\t\t\t<div class=\"elementor-element elementor-element-1526d4d5 elementor-widget elementor-widget-text-editor\" data-id=\"1526d4d5\" data-element_type=\"widget\" data-e-type=\"widget\" data-widget_type=\"text-editor.default\">\n\t\t\t\t<div class=\"elementor-widget-container\">\n\t\t\t\t\t\t\t\t\t<p style=\"font-weight: 400;\">OTTAWA (ONTARIO) \u2013 L\u2019Association professionnelle des agents du Service ext\u00e9rieur (l\u2019APASE) a d\u00e9pos\u00e9 des plaintes relatives aux droits de la personne contre le gouvernement du Canada et la MSH International pour le compte de ses membres priv\u00e9s de protection ad\u00e9quate pour leurs soins de sant\u00e9 \u00e0 l\u2019\u00e9tranger.<\/p><p style=\"font-weight: 400;\">Depuis la transition, le 1<sup>er <\/sup>juillet 2023, du R\u00e9gime de soins de sant\u00e9 de la fonction publique \u00e0 son nouvel administrateur, la Canada Vie et sa sous-traitante, la MSH international, beaucoup trop d\u2019agents du service ext\u00e9rieur, d\u2019autres fonctionnaires au service du Canada \u00e0 l\u2019\u00e9tranger et de membres de leur famille sont priv\u00e9s de protection fiable pour leurs soins de sant\u00e9.<\/p><p style=\"font-weight: 400;\">Pendant qu\u2019ils sont en affectation \u00e0 l\u2019\u00e9tranger comme condition d\u2019emploi, les agents FS et les membres de leur famille n\u2019ont pas acc\u00e8s aux r\u00e9gimes provinciaux de soins de sant\u00e9 et doivent s\u2019en remettre exclusivement au R\u00e9gime de soins de sant\u00e9 de la fonction publique comme assurance de premi\u00e8re ligne. Il incombe au gouvernement de veiller \u00e0 ce que les professionnels d\u00e9vou\u00e9s qui doivent faire bien des sacrifices et se d\u00e9raciner r\u00e9guli\u00e8rement pour servir le Canada puissent jouir d\u2019une protection ad\u00e9quate.<\/p><p style=\"font-weight: 400;\">L\u2019incapacit\u00e9 tant du gouvernement du Canada que de la MSH International de remplir leurs obligations \u00e0 l\u2019\u00e9gard des fonctionnaires est grave de cons\u00e9quences, en particulier pour les personnes handicap\u00e9es et les autres groupes prot\u00e9g\u00e9s.<\/p><p style=\"font-weight: 400;\">Par cons\u00e9quent, l\u2019APASE appuiera aussi les plaintes individuelles de membres touch\u00e9s. Ceux et celles qui souhaitent pr\u00e9senter une plainte de ce genre doivent <a href=\"mailto:info@pafso-apase.com\">communiquer avec notre si\u00e8ge social<\/a> pour fins de conseil et d\u2019assistance.<\/p><h4>\u00a0<\/h4><h4>CITATIONS<\/h4><p style=\"font-weight: 400;\">\u00ab\u00a0Apr\u00e8s de nombreux efforts visant \u00e0 entamer le dialogue avec l\u2019employeur, c\u2019est \u00e0 regret que nous devons prendre ce recours. Au lieu de solutions concr\u00e8tes, on s\u2019est content\u00e9 de prendre des mesures symboliques et de d\u00e9signer la MSH International comme bouc \u00e9missaire. Nous avons bien l\u2019intention d\u2019exiger des comptes des deux parties, mais il n\u2019en reste pas moins que la responsabilit\u00e9 ultime de veiller \u00e0 la sant\u00e9 et \u00e0 la s\u00e9curit\u00e9 des fonctionnaires et des membres de leur famille revient au gouvernement du Canada. Nous allons poursuivre nos pressions jusqu\u2019\u00e0 ce que ces obligations soient remplies.\u00a0\u00bb<\/p><p style=\"font-weight: 400;\"><strong>\u2013 Pamela Isfeld, pr\u00e9sidente de l\u2019Association professionnelle des agents du Service ext\u00e9rieur <\/strong><\/p><p style=\"font-weight: 400;\">\u00ab\u00a0Les membres du r\u00e9gime comptent sur celui-ci pour acc\u00e9der \u00e0 tout l\u2019\u00e9ventail de soins de sant\u00e9 pendant qu\u2019ils sont en affectation \u00e0 l\u2019\u00e9tranger. Les probl\u00e8mes li\u00e9s \u00e0 l&rsquo;administration du R\u00e9gime ont des cons\u00e9quences particuli\u00e8rement graves sur les personnes qui d\u00e9pendent le plus du R\u00e9gime, notamment pour des raisons li\u00e9es aux droits de la personne, comme le handicap. En plus des risques m\u00e9dicaux \u00e9vidents d\u2019un r\u00e9gime dysfonctionnel, la situation entra\u00eene un stress mental et financier unique pour ces participants.\u00a0\u00bb<\/p><p style=\"font-weight: 400;\"><strong>\u2013 Morgan Rowe, RavenLaw<\/strong><\/p><p style=\"font-weight: 400;\"><strong>-30-<\/strong><\/p><p style=\"font-weight: 400;\"><strong>\u00a0<\/strong><\/p><h4>DOCUMENTS CONNEXES<\/h4><p style=\"font-weight: 400;\"><a href=\"https:\/\/pafso.com\/wp-content\/uploads\/2024\/07\/PolicyGrievance-PSHCP-signedcopy.pdf\">Grief de principe de l&rsquo;APASE<\/a><br \/><a href=\"https:\/\/pafso.com\/wp-content\/uploads\/2024\/07\/MSH_Letter_Sent-signed2Nov23.pdf\">Lettre de l&rsquo;APASE et l&rsquo;AFPC au SCT<\/a><\/p><h4>\u00a0<\/h4><h4>CONTACT<\/h4><p style=\"font-weight: 400;\"><strong>Daniel Pollak<\/strong><br \/>Agent de la d\u00e9fense des int\u00e9r\u00eats et des relations avec les intervenants<br \/>APASE <br \/><a href=\"mailto:Daniel.Pollak@pafso-apase.com\">Daniel.Pollak@pafso-apase.com<\/a><\/p><p style=\"font-weight: 400;\"><strong>Relations de l\u2019APASE avec les m\u00e9dias <\/strong>\u00a0<br \/><a href=\"mailto:media@pafso-apase.com\">media@pafso-apase.com<\/a><\/p>\t\t\t\t\t\t\t\t<\/div>\n\t\t\t\t<\/div>\n\t\t\t\t\t<\/div>\n\t\t\t\t<\/div>\n\t\t\t\t<\/div>\n\t\t","protected":false},"excerpt":{"rendered":"<p>OTTAWA (ONTARIO) \u2013 L\u2019Association professionnelle des agents du Service ext\u00e9rieur (l\u2019APASE) a d\u00e9pos\u00e9 des plaintes relatives aux droits de la personne contre le gouvernement du Canada et la MSH International pour le compte de ses membres priv\u00e9s de protection ad\u00e9quate pour leurs soins de sant\u00e9 \u00e0 l\u2019\u00e9tranger. Depuis la transition, le 1er juillet 2023, du [&hellip;]<\/p>\n","protected":false},"author":1131,"featured_media":0,"comment_status":"closed","ping_status":"closed","sticky":false,"template":"","format":"standard","meta":{"_acf_changed":false,"_seopress_robots_primary_cat":"none","_seopress_titles_title":"","_seopress_titles_desc":"","_seopress_robots_index":"","footnotes":""},"categories":[],"tags":[57],"class_list":["post-6706","post","type-post","status-publish","format-standard","hentry","tag-rssfp"],"acf":[],"_links":{"self":[{"href":"https:\/\/pafso.com\/fr\/wp-json\/wp\/v2\/posts\/6706","targetHints":{"allow":["GET"]}}],"collection":[{"href":"https:\/\/pafso.com\/fr\/wp-json\/wp\/v2\/posts"}],"about":[{"href":"https:\/\/pafso.com\/fr\/wp-json\/wp\/v2\/types\/post"}],"author":[{"embeddable":true,"href":"https:\/\/pafso.com\/fr\/wp-json\/wp\/v2\/users\/1131"}],"replies":[{"embeddable":true,"href":"https:\/\/pafso.com\/fr\/wp-json\/wp\/v2\/comments?post=6706"}],"version-history":[{"count":13,"href":"https:\/\/pafso.com\/fr\/wp-json\/wp\/v2\/posts\/6706\/revisions"}],"predecessor-version":[{"id":6729,"href":"https:\/\/pafso.com\/fr\/wp-json\/wp\/v2\/posts\/6706\/revisions\/6729"}],"wp:attachment":[{"href":"https:\/\/pafso.com\/fr\/wp-json\/wp\/v2\/media?parent=6706"}],"wp:term":[{"taxonomy":"category","embeddable":true,"href":"https:\/\/pafso.com\/fr\/wp-json\/wp\/v2\/categories?post=6706"},{"taxonomy":"post_tag","embeddable":true,"href":"https:\/\/pafso.com\/fr\/wp-json\/wp\/v2\/tags?post=6706"}],"curies":[{"name":"wp","href":"https:\/\/api.w.org\/{rel}","templated":true}]}}