{"id":6652,"date":"2024-06-07T11:12:43","date_gmt":"2024-06-07T15:12:43","guid":{"rendered":"https:\/\/pafso.com\/?p=6652"},"modified":"2024-06-07T11:15:09","modified_gmt":"2024-06-07T15:15:09","slug":"mise-a-jour-de-la-presidente-de-lapase-pour-le-7-juin-2024","status":"publish","type":"post","link":"https:\/\/pafso.com\/fr\/mise-a-jour-de-la-presidente\/mise-a-jour-de-la-presidente-de-lapase-pour-le-7-juin-2024\/","title":{"rendered":"Mise \u00e0 jour de la pr\u00e9sidente de l\u2019APASE pour le 7 juin 2024"},"content":{"rendered":"\t\t<div data-elementor-type=\"wp-post\" data-elementor-id=\"6652\" class=\"elementor elementor-6652 elementor-6646\" data-elementor-post-type=\"post\">\n\t\t\t\t<div class=\"elementor-element elementor-element-c820f2e e-flex e-con-boxed e-con e-parent\" data-id=\"c820f2e\" data-element_type=\"container\" data-e-type=\"container\">\n\t\t\t\t\t<div class=\"e-con-inner\">\n\t\t\t\t<div class=\"elementor-element elementor-element-437f71b elementor-widget elementor-widget-text-editor\" data-id=\"437f71b\" data-element_type=\"widget\" data-e-type=\"widget\" data-widget_type=\"text-editor.default\">\n\t\t\t\t<div class=\"elementor-widget-container\">\n\t\t\t\t\t\t\t\t\t<p style=\"font-weight: 400;\">Chers membres,<\/p><p style=\"font-weight: 400;\">D\u00e9j\u00e0 juin. Joyeux Mois de la fiert\u00e9 ! Joyeux Mois national de l\u2019histoire autochtone ! Mon dernier message remonte \u00e0 trois semaines. Depuis, nous avons tenu de tr\u00e8s fructueuses activit\u00e9s et nous sommes sur le point de conclure un de nos grands projets.<\/p><p style=\"font-weight: 400;\"><strong>Le sondage triennal 2024 de l\u2019APASE se termine aujourd\u2019hui<br \/><\/strong>Un simple rappel qu\u2019aujourd\u2019hui, c\u2019est votre derni\u00e8re chance de remplir le <a href=\"https:\/\/survey.alchemer.com\/s3\/7777776\/PAFSO-Survey-24S\">sondage exhaustif 2024 aupr\u00e8s des membres<\/a>. D\u2019apr\u00e8s les donn\u00e9es, le taux de participation jusqu\u2019ici est plus \u00e9lev\u00e9 qu\u2019en 2021, lors du dernier sondage. Si vous \u00eates du nombre des centaines de membres qui se sont d\u00e9j\u00e0 donn\u00e9 la peine de remplir le sondage, je vous en remercie. Mais, si ce n\u2019est d\u00e9j\u00e0 fait, il vous reste encore du temps. Vous avez jusqu\u2019\u00e0 <strong>17h HAE aujourd\u2019hui<\/strong> pour le remplir en vous rendant sur : <a href=\"https:\/\/survey.alchemer.com\/s3\/7777776\/PAFSO-Survey-24S\">https:\/\/survey.alchemer.com\/s3\/7777776\/PAFSO-Survey-24S<\/a>.<\/p><p style=\"font-weight: 400;\">Nous vous incitons \u00e0 le faire car ce sondage constitue le meilleur moyen de conna\u00eetre nos membres. Vos r\u00e9ponses nous aideront \u00e0 cerner et \u00e0 mesurer les tendances et, en derni\u00e8re analyse, \u00e0 mieux vous repr\u00e9senter. C\u2019est crucial pour l\u2019\u00e9laboration de notre prochain plan strat\u00e9gique. Bref, si vous voulez aider \u00e0 nous guider dans nos efforts de d\u00e9fense des int\u00e9r\u00eats, de communications et de relations de travail, <a href=\"https:\/\/survey.alchemer.com\/s3\/7777776\/PAFSO-Survey-24S\">veuillez prendre quelques instants pour remplir le sondage<\/a>.<\/p><p style=\"font-weight: 400;\">Nous savons que votre temps est pr\u00e9cieux; c\u2019est pourquoi, cette ann\u00e9e, nous avons ajout\u00e9 un petit incitatif. Apr\u00e8s avoir rempli le sondage, vous aurez l\u2019occasion de vous inscrire \u00e0 un tirage hebdomadaire dont le prix est une carte de cr\u00e9dit pr\u00e9pay\u00e9e d\u2019une valeur de 50 $.<\/p><p style=\"font-weight: 400;\">Il va sans dire que la protection de votre vie priv\u00e9e nous tient \u00e0 c\u0153ur et que vos r\u00e9ponses resteront tout \u00e0 fait anonymes, confidentielles, et ne seront analys\u00e9es que sous forme regroup\u00e9e. Merci \u00e0 l\u2019avance de votre participation.<\/p><p style=\"font-weight: 400;\"><strong>Le Semaine de l\u2019art de la profession 2024<br \/><\/strong>Mardi, nous avons conclu l\u2019\u00e9dition de cette ann\u00e9e de la Semaine de l\u2019art de la profession de l\u2019APASE. Il s\u2019agissait de la troisi\u00e8me \u00e9dition de notre s\u00e9rie de conf\u00e9rences professionnelles cr\u00e9\u00e9e par et pour les membres dans le but d\u2019accro\u00eetre le sentiment d\u2019appartenance au sein de notre profession. Cette ann\u00e9e, l\u2019activit\u00e9 mettait l\u2019accent sur les exp\u00e9riences de membres dans le cadre de leur premi\u00e8re affectation. Nous avions invit\u00e9 nos coll\u00e8gues aguerris \u00e0 partager avec nos nouveaux membres les perceptions et les connaissances qu\u2019ils auraient souhait\u00e9 avoir \u00e0 l\u2019\u00e9poque. Si vous n\u2019avez pas pu participer \u00e0 l\u2019activit\u00e9 cette ann\u00e9e et aimeriez entendre de belles histoires au sujet des premi\u00e8res affectations de vos coll\u00e8gues \u00e0 l\u2019\u00e9tranger, les trois s\u00e9ances vous sont accessibles dans cette <a href=\"https:\/\/www.youtube.com\/playlist?list=PLu4LW98b_76rHtHBT4rfmGSOH9bVRIDje\">liste de lecture<\/a> sur notre cha\u00eene YouTube.<\/p><p style=\"font-weight: 400;\">Merci encore \u00e0 nos excellents panelistes et \u00e0 tous ceux et celles qui ont fait de la Semaine de l\u2019art de la profession 2024 un franc succ\u00e8s. Je suis consciente que c\u2019est beaucoup de travail, mais le r\u00e9sultat final en vaut la peine.<\/p><p style=\"font-weight: 400;\"><strong>Le Programme de mentorat autochtone de l\u2019APASE<br \/><\/strong>\u00c9tant donn\u00e9 que juin est le Mois national de l\u2019histoire autochtone, j\u2019ai pens\u00e9 qu\u2019il serait bon de vous rappeler que nous avons un programme de mentorat autochtone. Comme vous le savez, l\u2019APASE s\u2019est engag\u00e9e \u00e0 faire progresser la r\u00e9conciliation et \u00e0 promouvoir le d\u00e9veloppement d\u2019un service ext\u00e9rieur qui refl\u00e8te la diversit\u00e9 du Canada. En vue d\u2019accro\u00eetre la repr\u00e9sentation autochtone au sein du service ext\u00e9rieur professionnel du Canada, nous avons \u00e9tabli le Programme de mentorat autochtone de l\u2019APASE (PMAA) l\u2019automne dernier.<\/p><p style=\"font-weight: 400;\">Gr\u00e2ce au PMAA, les membres de l\u2019APASE peuvent appuyer les \u00e9tudiant.e.s autochones qu\u2019une carri\u00e8re dans le service ext\u00e9rieur ext\u00e9rieur int\u00e9resse en :\u00a0<\/p><ul style=\"font-weight: 400;\"><li>partageant leurs perspectives uniques de la profession d\u2019agent.e du service ext\u00e9rieur;\u00a0<\/li><li>les exposant \u00e0 des occasions de r\u00e9seautage formel et informel;\u00a0<\/li><li>les renseignant sur la fa\u00e7on dont ils.elles peuvent se pr\u00e9parer \u00e0 des emplois \u00e9tudiants et \u00e0 des occasions de recrutement dans le service ext\u00e9rieur.<\/li><\/ul><p>\u00a0<\/p><p style=\"font-weight: 400;\">Si vous d\u00e9sirez participer \u00e0 ce programme ou avez besoin de renseignements suppl\u00e9mentaires \u00e0 ce sujet, vous pouvez <a href=\"https:\/\/pafso.com\/fr\/programmes\/pmaa\/\">consulter notre site web<\/a> ou envoyer un courriel \u00e0 <a href=\"mailto:pimi-pmaa@pafso-apase.com\">pimi-pmaa@pafso-apase.com<\/a>.\u00a0<\/p><p style=\"font-weight: 400;\"><strong>La bourse Deborah-Chatsis de l\u2019AMBCANADA-APASE pour \u00e9tudiant.e.s autochtones en affaires internationales <br \/><\/strong>Toujours dans l\u2019esprit du Mois national de l\u2019histoire autochtone, je tiens aussi \u00e0 vous rappeler que l\u2019APASE, de concert avec nos amis de l\u2019AMBCANADA, a \u00e9tabli la bourse Deborah-Chatsis pour \u00e9tudiant.e.s autochtones il y a quelques ann\u00e9es. Il s\u2019agit l\u00e0 d\u2019une autre initiative visant \u00e0 faire en sorte que les peuples autochtones soient ad\u00e9quatement repr\u00e9sent\u00e9s au sein du service ext\u00e9rieur du Canada. Pour en savoir davantage sur la bourse, ou apporter une contribution, il suffit de <a href=\"https:\/\/futurefunder.carleton.ca\/giving-fund\/ambcanada-pafso-deborah-chatsis-indigenous-scholarship-in-international-affairs\/\">cliquer ici sur le site web de l\u2019Universit\u00e9 Carleton<\/a>.<\/p><p style=\"font-weight: 400;\"><strong>Lancement du concours FS-03 d\u2019AMC sur Emplois GC<br \/><\/strong>Je sais que vous \u00eates nombreux \u00e0 attendre le lancement du concours FS-03 de GAC, j&rsquo;ai donc le plaisir de vous annoncer que l&rsquo;affiche d&#8217;emploi est maintenant en ligne sur Emplois GC sous le num\u00e9ro de r\u00e9f\u00e9rence FS03 24-EXT-IA-KP 104629. La date limite pour soumettre votre candidature est le 10 juillet 2024. Veuillez visiter le site Web Emplois GC pour conna\u00eetre les d\u00e9tails complets du concours, car je comprends qu&rsquo;aucun message diffus\u00e9 ou autre information ne sera envoy\u00e9 par GAC.<\/p><p style=\"font-weight: 400;\"><strong>Le petit d\u00e9jeuner de l\u2019APASE avec Alan Kessel, le 11 juin \u00e0 09h, heure d\u2019Ottawa<br \/><\/strong>Conform\u00e9ment au th\u00e8me \u2013 ce que nous aurions souhait\u00e9 savoir \u2013 pour notre semaine de l\u2019art de la profession, le conf\u00e9rencier au petit d\u00e9jeuner virtuel du mois sera Alan Kessel, conseiller juridique sortant d\u2019AMC. Alan, dont le dernier jour au travail \u00e9tait le 31 mai, a promis de partager avec nous quelques-unes des perles de sagesse qu\u2019il a recueillies au fil de ses 42 ans de carri\u00e8re dans le service ext\u00e9rieur. Je suis convaincue que la discussion sera aussi anim\u00e9e qu\u2019int\u00e9ressante. Veuillez <a href=\"https:\/\/us02web.zoom.us\/webinar\/register\/WN_sQL2oA_sT7CKTNM7QQv9hQ\">utiliser ce lien<\/a> pour vous inscrire \u00e0 la s\u00e9ance.<\/p><p style=\"font-weight: 400;\">Voil\u00e0 pour le message de cette semaine. Je vous reviendrai dans deux semaines. Encore une fois, si ce n\u2019est d\u00e9j\u00e0 fait, prenez le temps de remplir le <a href=\"https:\/\/survey.alchemer.com\/s3\/7777776\/PAFSO-Survey-24S\">sondage 2024 aupr\u00e8s des membres<\/a>. Votre participation est tr\u00e8s importante, et nous vous en sommes tr\u00e8s reconnaissants.<\/p><p style=\"font-weight: 400;\">Dans l\u2019intervalle, n\u2019h\u00e9sitez pas \u00e0 communiquer avec nous si vous avez des pr\u00e9occupations au sujet de votre situation au travail. Avez-vous des <a href=\"mailto:info@pafso.com\">probl\u00e8mes concernant votre r\u00e9mun\u00e9ration<\/a>\u00a0? Vous estimez-vous <a href=\"mailto:info@pafso.com\">victime de harc\u00e8lement ou de discrimination<\/a> ? Avez-vous un <a href=\"mailto:info@pafso.com\">grief<\/a> ou une <a href=\"mailto:info@pafso.com\">plainte de dotation<\/a> ? Ou d\u00e9sirez-vous simplement des pr\u00e9cisions concernant notre <a href=\"mailto:info@pafso.com\">convention collective<\/a> ou les <a href=\"mailto:info@pafso.com\">DSE<\/a> ? Quel que soit le cas, l\u2019APASE est l\u00e0 pour vous. <a href=\"mailto:info@pafso.com\">Envoyez-nous simplement un courriel<\/a> d\u00e9taill\u00e9\u00a0de votre cas, y compris votre nom et votre minist\u00e8re. Nous vous mettrons en contact avec l\u2019un ou l\u2019autre de nos conseillers en relations de travail qui s\u2019empressera de vous aider. Pour toute autre question, il suffit d\u2019envoyer un courriel \u00e0 <a href=\"mailto:info@pafso.com\">info@pafso-apase.com<\/a>et quelqu\u2019un communiquera rapidement avec vous.<\/p><p style=\"font-weight: 400;\">D\u2019ici l\u00e0, prenez soin de vous et les uns des autres.<\/p><p style=\"font-weight: 400;\">Cordialement,<\/p><p style=\"font-weight: 400;\"><strong>Pam Isfeld<br \/><\/strong>Pr\u00e9sidente<br \/><a href=\"https:\/\/twitter.com\/PafsoPresApase\">@PafsoPresApase<\/a><\/p><p style=\"font-weight: 400;\">\u00a0<\/p>\t\t\t\t\t\t\t\t<\/div>\n\t\t\t\t<\/div>\n\t\t\t\t\t<\/div>\n\t\t\t\t<\/div>\n\t\t\t\t<\/div>\n\t\t","protected":false},"excerpt":{"rendered":"<p>Chers membres, D\u00e9j\u00e0 juin. Joyeux Mois de la fiert\u00e9 ! Joyeux Mois national de l\u2019histoire autochtone ! Mon dernier message remonte \u00e0 trois semaines. Depuis, nous avons tenu de tr\u00e8s fructueuses activit\u00e9s et nous sommes sur le point de conclure un de nos grands projets. Le sondage triennal 2024 de l\u2019APASE se termine aujourd\u2019huiUn simple [&hellip;]<\/p>\n","protected":false},"author":1131,"featured_media":0,"comment_status":"open","ping_status":"closed","sticky":false,"template":"","format":"standard","meta":{"_acf_changed":false,"_seopress_robots_primary_cat":"none","_seopress_titles_title":"","_seopress_titles_desc":"","_seopress_robots_index":"","footnotes":""},"categories":[41],"tags":[50,56],"class_list":["post-6652","post","type-post","status-publish","format-standard","hentry","category-mise-a-jour-de-la-presidente","tag-dejeuners-de-lapase","tag-pmaa"],"acf":[],"_links":{"self":[{"href":"https:\/\/pafso.com\/fr\/wp-json\/wp\/v2\/posts\/6652","targetHints":{"allow":["GET"]}}],"collection":[{"href":"https:\/\/pafso.com\/fr\/wp-json\/wp\/v2\/posts"}],"about":[{"href":"https:\/\/pafso.com\/fr\/wp-json\/wp\/v2\/types\/post"}],"author":[{"embeddable":true,"href":"https:\/\/pafso.com\/fr\/wp-json\/wp\/v2\/users\/1131"}],"replies":[{"embeddable":true,"href":"https:\/\/pafso.com\/fr\/wp-json\/wp\/v2\/comments?post=6652"}],"version-history":[{"count":4,"href":"https:\/\/pafso.com\/fr\/wp-json\/wp\/v2\/posts\/6652\/revisions"}],"predecessor-version":[{"id":6660,"href":"https:\/\/pafso.com\/fr\/wp-json\/wp\/v2\/posts\/6652\/revisions\/6660"}],"wp:attachment":[{"href":"https:\/\/pafso.com\/fr\/wp-json\/wp\/v2\/media?parent=6652"}],"wp:term":[{"taxonomy":"category","embeddable":true,"href":"https:\/\/pafso.com\/fr\/wp-json\/wp\/v2\/categories?post=6652"},{"taxonomy":"post_tag","embeddable":true,"href":"https:\/\/pafso.com\/fr\/wp-json\/wp\/v2\/tags?post=6652"}],"curies":[{"name":"wp","href":"https:\/\/api.w.org\/{rel}","templated":true}]}}