{"id":6607,"date":"2024-05-01T11:18:25","date_gmt":"2024-05-01T15:18:25","guid":{"rendered":"https:\/\/pafso.com\/?p=6607"},"modified":"2024-05-01T11:20:22","modified_gmt":"2024-05-01T15:20:22","slug":"nous-embauchons-stagiaire-emploi-dete-pour-etudiant-e","status":"publish","type":"post","link":"https:\/\/pafso.com\/fr\/non-classifiee\/nous-embauchons-stagiaire-emploi-dete-pour-etudiant-e\/","title":{"rendered":"NOUS EMBAUCHONS : Stagiaire (emploi d\u2019\u00e9t\u00e9 pour \u00e9tudiant.e)"},"content":{"rendered":"\t\t<div data-elementor-type=\"wp-post\" data-elementor-id=\"6607\" class=\"elementor elementor-6607 elementor-6602\" data-elementor-post-type=\"post\">\n\t\t\t\t<div class=\"elementor-element elementor-element-a44cd83 e-flex e-con-boxed e-con e-parent\" data-id=\"a44cd83\" data-element_type=\"container\" data-e-type=\"container\">\n\t\t\t\t\t<div class=\"e-con-inner\">\n\t\t\t\t<div class=\"elementor-element elementor-element-1526d4d5 elementor-widget elementor-widget-text-editor\" data-id=\"1526d4d5\" data-element_type=\"widget\" data-e-type=\"widget\" data-widget_type=\"text-editor.default\">\n\t\t\t\t<div class=\"elementor-widget-container\">\n\t\t\t\t\t\t\t\t\t<p style=\"font-weight: 400;\">L\u2019Association professionnelle des agents du Service ext\u00e9rieur (l\u2019APASE) est \u00e0 la recherche d\u2019un \u00e9tudiant ou d\u2019une \u00e9tudiant.e qui agirait comme stagiaire d\u2019\u00e9t\u00e9 aupr\u00e8s de l\u2019\u00e9quipe de r\u00e9daction du magazine <strong>bout de papier<\/strong> et de l\u2019\u00e9quipe de d\u00e9fense des int\u00e9r\u00eats de l\u2019APASE.<\/p><p style=\"font-weight: 400;\">Le r\u00f4le principal du stagiaire ou de la stagiaire consiste \u00e0 cr\u00e9er des archives num\u00e9riques du magazine en num\u00e9risant les num\u00e9ros imprim\u00e9s et en cataloguant les articles dans une base de donn\u00e9es qui comprendra les sommaires et les grands sujets et th\u00e8mes de chaque num\u00e9ro.<\/p><p style=\"font-weight: 400;\">Le candidat id\u00e9al ou la candidate id\u00e9ale fait preuve d\u2019initiative, poss\u00e8de d\u2019excellentes comp\u00e9tences en r\u00e9daction et d\u00e9montre un int\u00e9r\u00eat manifeste pour le journalisme, la politique \u00e9trang\u00e8re et les affaires internationales. D\u2019excellentes aptitudes en communications \u00e9crites en anglais ou en fran\u00e7ais constituent une qualit\u00e9 essentielle et le bilinguisme, un atout. L\u2019APASE accueillera volontiers les manifestations d\u2019int\u00e9r\u00eat de membres qualifi\u00e9s de groupes aspirant \u00e0 l\u2019\u00e9quit\u00e9.<\/p><p style=\"font-weight: 400;\">Une description d\u00e9taill\u00e9e des fonctions et des qualit\u00e9s requises figure ci-dessous. Il y a lieu de noter que nous sommes reconnaissants de toutes les manifestations d\u2019int\u00e9r\u00eat, mais que seuls les candidats retenus pour une entrevue seront contact\u00e9s.<\/p><p style=\"font-weight: 400;\"><strong>D\u00c9TAILS<br \/><\/strong><strong>Fonctions<\/strong><br \/>Le titulaire ou la titulaire du poste rel\u00e8vera du directeur g\u00e9n\u00e9ral et ses fonctions seront les suivantes\u00a0:<\/p><ul><li>Num\u00e9riser, cataloguer et organiser des archives num\u00e9riques des anciens num\u00e9ros du magazine <strong>bout de papier<\/strong>. Cr\u00e9er et tenir \u00e0 jour une base de donn\u00e9es qui comprendra les sommaires et les grands sujets et th\u00e8mes de chaque num\u00e9ro.<\/li><li>Parall\u00e8lement \u00e0 la num\u00e9risation, cerner les articles de haute qualit\u00e9 pour fins d\u2019inclusion dans le livre Dip Notes en comm\u00e9moration du 60<sup>e<\/sup> anniversaire de l\u2019APASE.<\/li><li>Effectuer des recherches dans les bases de donn\u00e9es d\u2019acc\u00e8s public et de photos gratuites, ainsi que dans les images stock\u00e9es au si\u00e8ge social de l\u2019APASE (par ex., les concours de photos\/calendriers) afin de cr\u00e9er une base d\u2019images qui pourraient servir aux fins d\u2019articles \u00e0 para\u00eetre dans le magazine <strong>bout de papier<\/strong>.<\/li><li>Effectuer des recherches dans les archives d\u2019acc\u00e8s public et ailleurs afin de trouver des documents d\u00e9classifi\u00e9s des Affaires ext\u00e9rieures\/Affaires \u00e9trang\u00e8res\/AMC susceptibles d\u2019\u00eatre inclus dans le livre Dip Notes.<\/li><li>Examiner les enregistrements de la cha\u00eene YouTube de l\u2019APASE et cerner de brefs segments pour fins d\u2019utilisation dans les m\u00e9dias sociaux.\u00a0<br \/><br \/><\/li><\/ul><p style=\"font-weight: 400;\"><strong>Dur\u00e9e du contrat<\/strong><br \/>Imm\u00e9diatement jusqu\u2019au 25 ao\u00fbt 2024.<\/p><p style=\"font-weight: 400;\"><strong>Lieu et conditions de travail<\/strong><br \/>Le poste d\u2019attache est situ\u00e9 \u00e0 Ottawa (Ontario), mais les fonctions pourront \u00eatre exerc\u00e9es en t\u00e9l\u00e9travail, et on s\u2019attend \u00e0 ce que le candidat retenu ou la candidate retenue fournisse son poste de travail, son ordinateur, son num\u00e9risateur et sa connexion internet. Il s\u2019agit d\u2019un poste hybride, mais le candidat retenu ou la candidate retenue devra \u00eatre pr\u00e9sent.e au si\u00e8ge social \u00e0 Ottawa, le cas \u00e9ch\u00e9ant.<\/p><p style=\"font-weight: 400;\"><strong>Heures de travail<\/strong><br \/>Semaine compl\u00e8te de 37,5 heures. Un horaire variable est possible, mais le candidat retenu ou la candidate retenue devra respecter une plage fixe entre 09h00 et 17h00, heure d\u2019Ottawa, du lundi au vendredi.\u00a0<\/p><p style=\"font-weight: 400;\"><strong>R\u00e9mun\u00e9ration<\/strong><br \/>29.05$\/l\u2019heure<\/p><p style=\"font-weight: 400;\"><strong>Qualit\u00e9s requises<\/strong><br \/>\u00c9tudes de premier cycle dans une discipline pertinente, par exemple, le journalisme, l\u2019histoire, la litt\u00e9rature ou les communications, avec int\u00e9r\u00eat manifeste pour les affaires internationales, la g\u00e9opolitique et la politique \u00e9trang\u00e8re.<\/p><p style=\"font-weight: 400;\"><strong>Qualit\u00e9s personnelles<\/strong><br \/>Faire preuve d\u2019initiative, poss\u00e9der d\u2019excellentes comp\u00e9tences en \u00e9dition de texte et d\u00e9montrer un int\u00e9r\u00eat manifeste pour le journalisme, la politique \u00e9trang\u00e8re et les affaires internationales. D\u2019excellentes aptitudes en communications \u00e9crites en anglais ou en fran\u00e7ais constituent une qualit\u00e9 essentielle et le bilinguisme, un atout.<\/p><p style=\"font-weight: 400;\"><strong>Admissibilit\u00e9<\/strong><br \/>Le poste est accessible aux citoyens et aux r\u00e9sidents permanents du Canada. Les membres titulaires de l\u2019APASE et les conjoints ou personnes \u00e0 charge des membres actuels du Comit\u00e9 ex\u00e9cutif sont inadmissibles.\u00a0<\/p><p style=\"font-weight: 400;\"><strong>Processus de traitement des demandes et \u00e9ch\u00e9ancier<\/strong><br \/>Veuillez soumettre par courriel \u00e0 <a href=\"mailto:info@pafso.com\">info@pafso.com<\/a> un curriculum vitae et une lettre d\u2019accompagnement exposant votre exp\u00e9rience et vos qualit\u00e9s pertinentes, notamment la formation et\/ou les publications applicables, d\u2019ici la <strong>fermeture des bureaux le vendredi 17\u00a0mai 2024<\/strong>. Les candidats pourraient \u00eatre appel\u00e9s \u00e0 r\u00e9diger des mod\u00e8les ou \u00e0 subir des tests dans le cadre du processus de s\u00e9lection. Des r\u00e9f\u00e9rences seront demand\u00e9es \u00e0 ceux et \u00e0 celles qui atteindront le stade de l\u2019entrevue. Il y a lieu de noter que seuls ceux et celles qui auront \u00e9t\u00e9 s\u00e9lectionn\u00e9s pour une entrevue seront contact\u00e9s.<\/p>\t\t\t\t\t\t\t\t<\/div>\n\t\t\t\t<\/div>\n\t\t\t\t\t<\/div>\n\t\t\t\t<\/div>\n\t\t\t\t<\/div>\n\t\t","protected":false},"excerpt":{"rendered":"<p>L\u2019Association professionnelle des agents du Service ext\u00e9rieur (l\u2019APASE) est \u00e0 la recherche d\u2019un \u00e9tudiant ou d\u2019une \u00e9tudiant.e qui agirait comme stagiaire d\u2019\u00e9t\u00e9 aupr\u00e8s de l\u2019\u00e9quipe de r\u00e9daction du magazine bout de papier et de l\u2019\u00e9quipe de d\u00e9fense des int\u00e9r\u00eats de l\u2019APASE. Le r\u00f4le principal du stagiaire ou de la stagiaire consiste \u00e0 cr\u00e9er des archives [&hellip;]<\/p>\n","protected":false},"author":1131,"featured_media":0,"comment_status":"closed","ping_status":"closed","sticky":false,"template":"","format":"standard","meta":{"_acf_changed":false,"_seopress_robots_primary_cat":"none","_seopress_titles_title":"","_seopress_titles_desc":"","_seopress_robots_index":"","footnotes":""},"categories":[],"tags":[],"class_list":["post-6607","post","type-post","status-publish","format-standard","hentry"],"acf":[],"_links":{"self":[{"href":"https:\/\/pafso.com\/fr\/wp-json\/wp\/v2\/posts\/6607","targetHints":{"allow":["GET"]}}],"collection":[{"href":"https:\/\/pafso.com\/fr\/wp-json\/wp\/v2\/posts"}],"about":[{"href":"https:\/\/pafso.com\/fr\/wp-json\/wp\/v2\/types\/post"}],"author":[{"embeddable":true,"href":"https:\/\/pafso.com\/fr\/wp-json\/wp\/v2\/users\/1131"}],"replies":[{"embeddable":true,"href":"https:\/\/pafso.com\/fr\/wp-json\/wp\/v2\/comments?post=6607"}],"version-history":[{"count":4,"href":"https:\/\/pafso.com\/fr\/wp-json\/wp\/v2\/posts\/6607\/revisions"}],"predecessor-version":[{"id":6612,"href":"https:\/\/pafso.com\/fr\/wp-json\/wp\/v2\/posts\/6607\/revisions\/6612"}],"wp:attachment":[{"href":"https:\/\/pafso.com\/fr\/wp-json\/wp\/v2\/media?parent=6607"}],"wp:term":[{"taxonomy":"category","embeddable":true,"href":"https:\/\/pafso.com\/fr\/wp-json\/wp\/v2\/categories?post=6607"},{"taxonomy":"post_tag","embeddable":true,"href":"https:\/\/pafso.com\/fr\/wp-json\/wp\/v2\/tags?post=6607"}],"curies":[{"name":"wp","href":"https:\/\/api.w.org\/{rel}","templated":true}]}}