{"id":6538,"date":"2024-03-15T11:57:47","date_gmt":"2024-03-15T15:57:47","guid":{"rendered":"https:\/\/pafso.com\/?p=6538"},"modified":"2024-03-15T12:59:46","modified_gmt":"2024-03-15T16:59:46","slug":"mise-a-jour-de-la-presidente-de-lapase-pour-le-15-mars-2024","status":"publish","type":"post","link":"https:\/\/pafso.com\/fr\/mise-a-jour-de-la-presidente\/mise-a-jour-de-la-presidente-de-lapase-pour-le-15-mars-2024\/","title":{"rendered":"Mise \u00e0 jour de la pr\u00e9sidente de l\u2019APASE pour le 15 mars 2024"},"content":{"rendered":"\t\t<div data-elementor-type=\"wp-post\" data-elementor-id=\"6538\" class=\"elementor elementor-6538 elementor-6530\" data-elementor-post-type=\"post\">\n\t\t\t\t<div class=\"elementor-element elementor-element-c820f2e e-flex e-con-boxed e-con e-parent\" data-id=\"c820f2e\" data-element_type=\"container\" data-e-type=\"container\">\n\t\t\t\t\t<div class=\"e-con-inner\">\n\t\t\t\t<div class=\"elementor-element elementor-element-437f71b elementor-widget elementor-widget-text-editor\" data-id=\"437f71b\" data-element_type=\"widget\" data-e-type=\"widget\" data-widget_type=\"text-editor.default\">\n\t\t\t\t<div class=\"elementor-widget-container\">\n\t\t\t\t\t\t\t\t\t<p style=\"font-weight: 400;\">Chers membres,<\/p><p style=\"font-weight: 400;\">Comme vous le savez, j\u2019ai pris quelques semaines de cong\u00e9. Je suis revenue il y a \u00e0 peine quelques jours et je m\u2019efforce de me remettre au fait de ce qui s\u2019est pass\u00e9 r\u00e9cemment, notamment dans les dossiers en cours comme la situation \u00e0 la MSH, les DSE et les pr\u00e9paratifs en vue du lancement de notre sondage triennal. Le pr\u00e9sent message sera donc plut\u00f4t bref et ax\u00e9 sur de rapides mises \u00e0 jour et les diverses activit\u00e9s. Il y a tout de m\u00eame certaines choses dont je tenais \u00e0 vous faire part.<\/p><p style=\"font-weight: 400;\"><strong>bout de papier<br \/><\/strong>La version papier de <strong>bout de papier<\/strong> vient tout juste d\u2019\u00eatre livr\u00e9e \u00e0 notre si\u00e8ge social. Notre personnel s\u2019occupe actuellement de la distribution \u00e0 ceux et celles qui ont opt\u00e9 pour la version imprim\u00e9e; votre exemplaire vous parviendra donc d\u2019ici peu. Cependant, si vous n\u2019avez pas la patience d\u2019attendre, vous pouvez visionner le plus r\u00e9cent num\u00e9ro en ligne \u00e0 <a href=\"http:\/\/www.boutdepapier.ca\/\">boutdepapier.ca<\/a>.<\/p><p style=\"font-weight: 400;\">Notre magazine poursuit sa transition \u00e0 l\u2019univers num\u00e9rique, et ce plus r\u00e9cent num\u00e9ro est le premier \u00e0 \u00eatre int\u00e9gralement offert en ligne. En plus de <a href=\"http:\/\/www.boutdepapier.ca\/\">savourer tous les articles sur n\u2019importe quel appareil<\/a>, o\u00f9 que vous vous trouviez dans le monde, vous pouvez <a href=\"https:\/\/boutdepapier.ca\/wp-content\/uploads\/2024\/03\/BDP33-1_LowRes.pdf\">t\u00e9l\u00e9charger une version PDF du num\u00e9ro<\/a>.<\/p><p style=\"font-weight: 400;\">Nous esp\u00e9rons que ces am\u00e9liorations 1) rendront notre magazine accessible \u00e0 un plus grand nombre de lecteurs et lectrices, 2) simplifieront et favoriseront le partage d\u2019articles et 3) amorceront l\u2019archivage num\u00e9rique de nos reportages.<\/p><p style=\"font-weight: 400;\">Et, comme toujours, bout de papier est constamment \u00e0 la recherche d\u2019excellentes id\u00e9es de reportages. Ainsi, si vous avez un histoire int\u00e9ressante \u00e0 raconter au sujet de la vie d\u2019un.e agent.e du service ext\u00e9rieur de carri\u00e8re, veuillez en faire part au conseil de r\u00e9daction \u00e0 <a href=\"mailto:bdp_editor@pafso.com\">bdp_editor@pafso.com<\/a>.<\/p><p style=\"font-weight: 400;\"><strong>La FAQ concernant les nouvelles cotisations syndicales<br \/><\/strong>L\u2019ann\u00e9e derni\u00e8re, l\u2019APASE a sign\u00e9 une nouvelle convention collective avec le Conseil du Tr\u00e9sor. Cette convention contenait notamment nos nouveaux taux de r\u00e9mun\u00e9ration. Le 1<sup>er<\/sup> juillet prochain, les cotisations que les membres versent \u00e0 l\u2019APASE seront rajust\u00e9es en cons\u00e9quence. Comme le sujet des cotisations syndicales peut pr\u00eater un peu \u00e0 confusion, nous avons r\u00e9dig\u00e9 une <a href=\"https:\/\/pafso.com\/fr\/faq\/faq-concernant-les-cotisations-syndicales-a-lapase\/\">FAQ exhaustive<\/a> sur la question. Le document est bref et concis, et vous y trouverez des explications claires sur ce que sont les cotisations, le mode de calcul des montants, la m\u00e9thode de leur perception et quoi faire si vous estimez que des erreurs ont \u00e9t\u00e9 commises. Il expose aussi clairement ce \u00e0 quoi vous pouvez vous attendre du rajustement du 1<sup>er<\/sup> juillet prochain. Je vous en recommande fortement la lecture.<\/p><p style=\"font-weight: 400;\"><strong>Le point sur la Bourse d\u2019\u00e9tudes Deborah-Chatsis pour \u00e9tudiants autochtones<br \/><\/strong>Depuis 2021, l\u2019APASE est associ\u00e9e \u00e0 AMBCanada dans son initiative de bourses d\u2019\u00e9tudes nomm\u00e9es en m\u00e9moire de l\u2019ancienne membre Deborah Chatsis. Deborah a \u00e9t\u00e9 l\u2019une des premi\u00e8res femmes autochtones \u00e0 joindre les rangs du service ext\u00e9rieur et elle a servi deux mandats \u00e0 titre d\u2019ambassadrice. Deborah est malheureusement d\u00e9c\u00e9d\u00e9e en 2022, peu apr\u00e8s avoir \u00e9t\u00e9 d\u00e9cor\u00e9e de l\u2019Ordre du Canada.<\/p><p style=\"font-weight: 400;\">Je suis heureuse de vous signaler que, gr\u00e2ce \u00e0 vos contributions, la bourse d\u2019\u00e9tudes est un franc succ\u00e8s. Au cours des quatre derni\u00e8res ann\u00e9es, avec des dons correspondants de l\u2019Universit\u00e9 Carleton, <strong>nous avons recueilli 108\u00a0000\u00a0$<\/strong>. L\u2019ann\u00e9e derni\u00e8re, l\u2019Universit\u00e9 Carleton a dot\u00e9 la bourse d\u2019\u00e9tudes en cr\u00e9ant un fonds d\u2019investissement en gestion commune active dont le taux de rendement actuel s\u2019\u00e9tablit \u00e0 4,0\u00a0% calcul\u00e9 en fonction d\u2019une moyenne mobile de quatre ans. Un don total de 100\u00a0000\u00a0$ permettra d\u2019offrir environ 4\u00a0000 $ par ann\u00e9e \u00e0 un ou plusieurs \u00e9tudiants choisis car le fonds peut d\u00e9sormais soutenir jusqu\u2019\u00e0 deux laur\u00e9ats. Gr\u00e2ce \u00e0 l\u2019appui d\u2019AMC, le laur\u00e9at ou la laur\u00e9ate aura \u00e9galement l\u2019occasion d\u2019effectuer un stage \u00e0 la Mission permanente du Canada aupr\u00e8s des Nations Unies, \u00e0 Gen\u00e8ve.<\/p><p style=\"font-weight: 400;\">Le laur\u00e9at de 2023-2024, Makenzie O\u2019Quinn, de Mi\u2019kma\u2019ki (Nouvelle-\u00c9cosse), est dipl\u00f4m\u00e9 de l\u2019Universit\u00e9 Acadia en biologie et sociologie avec prix Or et m\u00e9daille de l\u2019universit\u00e9. Makenzie a travaill\u00e9 comme conseiller aupr\u00e8s des \u00e9tudiants autochtones ainsi qu\u2019agent de liaison parlementaire \u00e0 l\u2019ambassade de l\u2019Irlande. Il poursuit actuellement ses \u00e9tudes de ma\u00eetrise en affaires internationales et en politique de d\u00e9veloppement international \u00e0 la NPSIA.<\/p><p style=\"font-weight: 400;\">Nous estimons que la croissance de la bourse d\u2019\u00e9tudes permettra d\u2019augmenter le nombre d\u2019\u00e9tudiant.e.s autochtones en affaires internationales et d\u2019aider \u00e0 garantir que les peuples autochtones soient ad\u00e9quatement repr\u00e9sent\u00e9s au sein du service ext\u00e9rieur du Canada. AMBCanada et l\u2019APASE continueront \u00e0 encourager nos membres \u00e0 verser d\u2019autres dons dans le cadre du la campagne \u00ab\u00a0Mardi je donne\u00a0\u00bb de novembre. \u00a0\u00a0<\/p><p style=\"font-weight: 400;\"><strong>Le s\u00e9minaire Catalyste+ d\u2019AMBCanada<br \/><\/strong>Nos amis d\u2019AMBCanada m\u2019ont demand\u00e9 de vous transmettre leur invitation \u00e0 un s\u00e9minaire sp\u00e9cial qui aura lieu le <strong>mercredi 20 mars \u00e0 14h, heure d\u2019Ottawa<\/strong>. Il y aura un expos\u00e9 de <a href=\"https:\/\/www.catalysteplus.org\/?lang=fr\">Catalyste+<\/a>, autrefois appel\u00e9 le Service d\u2019assistance canadienne aux organismes (SACO). Joignez-vous \u00e0 Wendy Harris, pr\u00e9sidente et PDG, et aux anciens coll\u00e8gues d\u2019AMC, Suzanne Laporte et Darren Schemmer, pour une discussion sur comment exploiter le pouvoir du b\u00e9n\u00e9volat pour cr\u00e9er des impacts valables et durables au pays et partout dans le monde. Ainsi, si vous \u00eates \u00e0 la recherche d\u2019une occasion int\u00e9ressante de b\u00e9n\u00e9volat, Catalyste+ a besoin de personnes poss\u00e9dant pr\u00e9cis\u00e9ment votre bagage de connaissances et d\u2019exp\u00e9rience. <a href=\"https:\/\/us02web.zoom.us\/webinar\/register\/WN_GRYOzms_Sv67Ik2UvWCNyA#\/registration\">Cliquez ici<\/a> pour en savoir davantage au sujet de Catalyste+, l\u2019expos\u00e9, ainsi que les modalit\u00e9s d\u2019inscription.<\/p><p style=\"font-weight: 400;\"><strong>Le petit d\u00e9jeuner de l\u2019APASE avec l\u2019\u00e9quipe des relations de travail, le 27 mars<br \/><\/strong>L\u2019arriv\u00e9e r\u00e9cente de nouveaux membres de l\u2019PASE nous a fait prendre conscience du fait que certains d\u2019entre vous ne sont peut-\u00eatre pas au courant des nombreuses fa\u00e7ons dont nos conseillers.\u00e8res en relations de travail peuvent vous aider dans votre relation avec l\u2019employeur. Que vous soyez une recrue relativement r\u00e9cente ou un membre int\u00e9ress\u00e9 \u00e0 en savoir davantage sur la mani\u00e8re dont l\u2019\u00e9quipe traite divers enjeux allant des Directives sur le service ext\u00e9rieur au harc\u00e8lement et \u00e0 la discrimination, joignez-vous \u00e0 moi, \u00e0 notre directeur g\u00e9n\u00e9ral Bertrand Myre et \u00e0 son \u00e9quipe, \u00e0 09h30, le mercredi 27 mars, pour ce qui promet d\u2019\u00eatre une discussion int\u00e9ressante. (Veuillez noter l\u2019heure de d\u00e9but l\u00e9g\u00e8rement plus tardive que d\u2019habitude pour l\u2019occasion.)<\/p><p style=\"font-weight: 400;\">Vous pouvez vous inscrire \u00e0 la s\u00e9ance <a href=\"https:\/\/us02web.zoom.us\/webinar\/register\/WN_Cs2_lmdeQWq3UHYDSNGCAA\">ici<\/a>.<\/p><p style=\"font-weight: 400;\"><strong>Le petit d\u00e9jeuner de l\u2019APASE avec Tradex, le 9 avril <br \/><\/strong>Et, enfin, voici un rappel que le petit d\u00e9jeuner de l\u2019APASE suivant aura lieu le 9 avril \u00e0 09h, heure d\u2019Ottawa. Juste \u00e0 temps pour la p\u00e9riode des imp\u00f4ts, j\u2019aurai le plaisir d\u2019accueillir Blair Cooper de Tradex qui nous parlera du climat actuel des investissements. Utilisez ce <a href=\"https:\/\/us02web.zoom.us\/webinar\/register\/WN_8JjSvUP2Sj2jLh09Afonmg\">lien<\/a> pour vous inscrire \u00e0 la s\u00e9ance.<\/p><p style=\"font-weight: 400;\">Je tiens aussi \u00e0 mentionner que nous conservons de tr\u00e8s bonnes archives de nos petits d\u00e9jeuners virtuels de l\u2019APASE <a href=\"https:\/\/youtu.be\/OT3xEhlrZd4\">ici sur la cha\u00eene YouTube de l\u2019APASE<\/a>. Si vous avez rat\u00e9 une s\u00e9ance ou souhaitez simplement vous renseigner sur les sujets abord\u00e9s, <a href=\"https:\/\/www.youtube.com\/playlist?list=PLu4LW98b_76qZrMh_2vNXfqMeQQsXFr6X\">cliquez ici<\/a> et visionnez pr\u00e8s de 30 vid\u00e9os dans notre liste de lectures des petits d\u00e9jeuners de l\u2019APASE.<\/p><p style=\"font-weight: 400;\">Voil\u00e0, c\u2019est tout pour le message de cette semaine. Si vous avez des pr\u00e9occupations au sujet de votre situation au travail, n\u2019h\u00e9sitez pas \u00e0 communiquer avec nous.\u00a0\u00a0<a href=\"mailto:info@pafso.com\">Envoyez-nous un courriel<\/a>\u00a0d\u00e9taill\u00e9\u00a0de votre cas, y compris votre nom et votre minist\u00e8re. Nous vous mettrons en contact avec l\u2019un ou l\u2019autre de nos conseillers en relations de travail qui s\u2019empressera de vous aider. Pour toute autre question, il suffit d\u2019envoyer un courriel \u00e0\u00a0<a href=\"mailto:info@pafso.com\">info@pafso-apase.com<\/a> et quelqu\u2019un communiquera rapidement avec vous.<\/p><p style=\"font-weight: 400;\">Je vous reparle dans deux semaines. D\u2019ici l\u00e0, prenez soin de vous et les uns des autres.<\/p><p style=\"font-weight: 400;\">Cordialement,<\/p><p style=\"font-weight: 400;\"><strong>Pam Isfeld<br \/><\/strong>Pr\u00e9sidente<br \/><a href=\"https:\/\/twitter.com\/PafsoPresApase\">@PafsoPresApase<\/a><\/p><p style=\"font-weight: 400;\">\u00a0<\/p>\t\t\t\t\t\t\t\t<\/div>\n\t\t\t\t<\/div>\n\t\t\t\t\t<\/div>\n\t\t\t\t<\/div>\n\t\t\t\t<\/div>\n\t\t","protected":false},"excerpt":{"rendered":"<p>Chers membres, Comme vous le savez, j\u2019ai pris quelques semaines de cong\u00e9. Je suis revenue il y a \u00e0 peine quelques jours et je m\u2019efforce de me remettre au fait de ce qui s\u2019est pass\u00e9 r\u00e9cemment, notamment dans les dossiers en cours comme la situation \u00e0 la MSH, les DSE et les pr\u00e9paratifs en vue [&hellip;]<\/p>\n","protected":false},"author":1131,"featured_media":0,"comment_status":"open","ping_status":"closed","sticky":false,"template":"","format":"standard","meta":{"_acf_changed":false,"_seopress_robots_primary_cat":"none","_seopress_titles_title":"","_seopress_titles_desc":"","_seopress_robots_index":"","footnotes":""},"categories":[41],"tags":[61,50],"class_list":["post-6538","post","type-post","status-publish","format-standard","hentry","category-mise-a-jour-de-la-presidente","tag-bout-de-papier-fr","tag-dejeuners-de-lapase"],"acf":[],"_links":{"self":[{"href":"https:\/\/pafso.com\/fr\/wp-json\/wp\/v2\/posts\/6538","targetHints":{"allow":["GET"]}}],"collection":[{"href":"https:\/\/pafso.com\/fr\/wp-json\/wp\/v2\/posts"}],"about":[{"href":"https:\/\/pafso.com\/fr\/wp-json\/wp\/v2\/types\/post"}],"author":[{"embeddable":true,"href":"https:\/\/pafso.com\/fr\/wp-json\/wp\/v2\/users\/1131"}],"replies":[{"embeddable":true,"href":"https:\/\/pafso.com\/fr\/wp-json\/wp\/v2\/comments?post=6538"}],"version-history":[{"count":7,"href":"https:\/\/pafso.com\/fr\/wp-json\/wp\/v2\/posts\/6538\/revisions"}],"predecessor-version":[{"id":6555,"href":"https:\/\/pafso.com\/fr\/wp-json\/wp\/v2\/posts\/6538\/revisions\/6555"}],"wp:attachment":[{"href":"https:\/\/pafso.com\/fr\/wp-json\/wp\/v2\/media?parent=6538"}],"wp:term":[{"taxonomy":"category","embeddable":true,"href":"https:\/\/pafso.com\/fr\/wp-json\/wp\/v2\/categories?post=6538"},{"taxonomy":"post_tag","embeddable":true,"href":"https:\/\/pafso.com\/fr\/wp-json\/wp\/v2\/tags?post=6538"}],"curies":[{"name":"wp","href":"https:\/\/api.w.org\/{rel}","templated":true}]}}