{"id":5981,"date":"2023-10-24T11:52:33","date_gmt":"2023-10-24T15:52:33","guid":{"rendered":"https:\/\/pafso.com\/?p=5981"},"modified":"2023-10-24T11:53:31","modified_gmt":"2023-10-24T15:53:31","slug":"lapase-devoile-les-noms-des-laureats-du-prix-commemoratif-randy-orr-pour-2023","status":"publish","type":"post","link":"https:\/\/pafso.com\/fr\/non-classifiee\/lapase-devoile-les-noms-des-laureats-du-prix-commemoratif-randy-orr-pour-2023\/","title":{"rendered":"L\u2019APASE d\u00e9voile les noms des laur\u00e9ats du Prix comm\u00e9moratif Randy-Orr pour 2023"},"content":{"rendered":"\t\t<div data-elementor-type=\"wp-post\" data-elementor-id=\"5981\" class=\"elementor elementor-5981 elementor-5975\" data-elementor-post-type=\"post\">\n\t\t\t\t<div class=\"elementor-element elementor-element-5bffd755 e-flex e-con-boxed e-con e-parent\" data-id=\"5bffd755\" data-element_type=\"container\" data-e-type=\"container\">\n\t\t\t\t\t<div class=\"e-con-inner\">\n\t\t\t\t<div class=\"elementor-element elementor-element-5f1f8bcf elementor-widget elementor-widget-text-editor\" data-id=\"5f1f8bcf\" data-element_type=\"widget\" data-e-type=\"widget\" data-widget_type=\"text-editor.default\">\n\t\t\t\t<div class=\"elementor-widget-container\">\n\t\t\t\t\t\t\t\t\t<p style=\"font-weight: 400;\">L\u2019Association professionnelle des agents du Service ext\u00e9rieur (l\u2019APASE) est heureuse de d\u00e9voiler le nom des laur\u00e9ats du deuxi\u00e8me Prix comm\u00e9moratif Randy-Orr annuel. Cr\u00e9\u00e9 en 2022 pour honorer la m\u00e9moire de notre comit\u00e9 ex\u00e9cutif de longue date, ce prix souligne le service b\u00e9n\u00e9vole et le d\u00e9vouement exceptionnel de nos membres, de leurs familles ou d&rsquo;autres coll\u00e8gues, qui ont contribu\u00e9 \u00e0 am\u00e9liorer la vie de ceux qui sont au service du Canada \u00e0 l&rsquo;\u00e9tranger.<\/p><p style=\"font-weight: 400;\">La p\u00e9riode de mise en candidature a d\u00e9but\u00e9 \u00e0 la fin de juillet. Au cours des mois qui ont suivi, le Comit\u00e9 des candidatures a re\u00e7u plusieurs candidatures exceptionnelles. Apr\u00e8s des d\u00e9lib\u00e9rations minutieuses et difficiles, le comit\u00e9 a maintenant fait sa s\u00e9lection.<\/p><p style=\"font-weight: 400;\">Le prix comm\u00e9moratif Randy Orr 2023 est d\u00e9cern\u00e9 \u00e0 Melanie Bejzyk (FS3 \u2013 DD JLT), Mark Allen (EX2 \u2013 DG NGD) et David Da Silva (EX1 \u2013 RMLAH HOM) qui ont jou\u00e9 un r\u00f4le d\u00e9terminant dans l&rsquo;officialisation du R\u00e9seau Fiert\u00e9 d&rsquo;Affaires mondiales Canada (AMC) en 2017. Ils ont r\u00e9uni avec succ\u00e8s des employ\u00e9s 2ELGBTQI+, tant au Canada que dans des missions \u00e0 l&rsquo;\u00e9tranger, pour travailler sur un ensemble de trois objectifs communs : cr\u00e9er un milieu de travail plus diversifi\u00e9 et inclusif ; offrir de meilleures informations et protections \u00e0 l\u2019\u00e9tranger aux employ\u00e9s 2ELGBTQI+ et \u00e0 leurs familles\u00a0; et favoriser un d\u00e9partement plus solidaire.<\/p><p style=\"font-weight: 400;\">Ils ont \u00e9galement encourag\u00e9 AMC \u00e0 travailler avec les missions canadiennes \u00e0 travers le monde pour cr\u00e9er un outil d&rsquo;accr\u00e9ditation et de conditions de vie 2ELGBTQI+. Cet outil fournit des informations vitales aux employ\u00e9s 2ELGBTQI+ souhaitant servir \u00e0 l&rsquo;\u00e9tranger. De l&rsquo;accr\u00e9ditation au statut juridique, en passant par l&rsquo;acc\u00e8s aux soins de sant\u00e9, les conditions sociales et la pr\u00e9valence de la violence, cet outil a permis aux membres de l&rsquo;APASE de la communaut\u00e9 de prendre des d\u00e9cisions d&rsquo;affectation \u00e9clair\u00e9es qui assurent leur bien-\u00eatre mental et physique, ainsi que celui de leurs familles, au service du Canada \u00e0 l\u2019\u00e9tranger.<\/p><p style=\"font-weight: 400;\">Pour tout leur d\u00e9vouement d\u00e9sint\u00e9ress\u00e9 envers leurs coll\u00e8gues et la communaut\u00e9 FS 2ELGBTQI+ au sens large, Melanie Bejzyk, Mark Allen et David Da Silva re\u00e7oivent le prix comm\u00e9moratif Randy Orr 2023. Le prix, et les 1000\u00a0$ qui l\u2019accompagnent, a \u00e9t\u00e9 remis lors de la 58<sup>e<\/sup> assembl\u00e9e g\u00e9n\u00e9rale annuelle de l\u2019APASE le 23 octobre 2023.<\/p><p style=\"font-weight: 400;\">Le comit\u00e9 aimerait remercier tous ceux qui ont pris le temps de proposer la candidature d&rsquo;un coll\u00e8gue ou de pr\u00eater leur nom pour appuyer une candidature. Ils ne pourraient \u00eatre plus satisfaits de l\u2019enthousiasme et de l\u2019int\u00e9r\u00eat que le Prix comm\u00e9moratif Randy Orr continue de susciter, et ils attendent avec impatience l\u2019ann\u00e9e 2024.<\/p>\t\t\t\t\t\t\t\t<\/div>\n\t\t\t\t<\/div>\n\t\t\t\t\t<\/div>\n\t\t\t\t<\/div>\n\t\t\t\t<\/div>\n\t\t","protected":false},"excerpt":{"rendered":"<p>L\u2019Association professionnelle des agents du Service ext\u00e9rieur (l\u2019APASE) est heureuse de d\u00e9voiler le nom des laur\u00e9ats du deuxi\u00e8me Prix comm\u00e9moratif Randy-Orr annuel. Cr\u00e9\u00e9 en 2022 pour honorer la m\u00e9moire de notre comit\u00e9 ex\u00e9cutif de longue date, ce prix souligne le service b\u00e9n\u00e9vole et le d\u00e9vouement exceptionnel de nos membres, de leurs familles ou d&rsquo;autres coll\u00e8gues, [&hellip;]<\/p>\n","protected":false},"author":1131,"featured_media":0,"comment_status":"closed","ping_status":"open","sticky":false,"template":"","format":"standard","meta":{"_acf_changed":false,"_seopress_robots_primary_cat":"none","_seopress_titles_title":"","_seopress_titles_desc":"","_seopress_robots_index":"","footnotes":""},"categories":[],"tags":[],"class_list":["post-5981","post","type-post","status-publish","format-standard","hentry"],"acf":[],"_links":{"self":[{"href":"https:\/\/pafso.com\/fr\/wp-json\/wp\/v2\/posts\/5981","targetHints":{"allow":["GET"]}}],"collection":[{"href":"https:\/\/pafso.com\/fr\/wp-json\/wp\/v2\/posts"}],"about":[{"href":"https:\/\/pafso.com\/fr\/wp-json\/wp\/v2\/types\/post"}],"author":[{"embeddable":true,"href":"https:\/\/pafso.com\/fr\/wp-json\/wp\/v2\/users\/1131"}],"replies":[{"embeddable":true,"href":"https:\/\/pafso.com\/fr\/wp-json\/wp\/v2\/comments?post=5981"}],"version-history":[{"count":4,"href":"https:\/\/pafso.com\/fr\/wp-json\/wp\/v2\/posts\/5981\/revisions"}],"predecessor-version":[{"id":5986,"href":"https:\/\/pafso.com\/fr\/wp-json\/wp\/v2\/posts\/5981\/revisions\/5986"}],"wp:attachment":[{"href":"https:\/\/pafso.com\/fr\/wp-json\/wp\/v2\/media?parent=5981"}],"wp:term":[{"taxonomy":"category","embeddable":true,"href":"https:\/\/pafso.com\/fr\/wp-json\/wp\/v2\/categories?post=5981"},{"taxonomy":"post_tag","embeddable":true,"href":"https:\/\/pafso.com\/fr\/wp-json\/wp\/v2\/tags?post=5981"}],"curies":[{"name":"wp","href":"https:\/\/api.w.org\/{rel}","templated":true}]}}