{"id":5795,"date":"2023-07-19T08:19:50","date_gmt":"2023-07-19T12:19:50","guid":{"rendered":"https:\/\/pafso.com\/?p=5795"},"modified":"2023-10-17T08:26:03","modified_gmt":"2023-10-17T12:26:03","slug":"assemblee-generale-annuelle-le-lundi-23-octobre","status":"publish","type":"post","link":"https:\/\/pafso.com\/fr\/non-classifiee\/assemblee-generale-annuelle-le-lundi-23-octobre\/","title":{"rendered":"Assembl\u00e9e g\u00e9n\u00e9rale annuelle, le lundi 23 octobre"},"content":{"rendered":"\n<h1 class=\"wp-block-heading\">RAPPEL<\/h1>\n\n\n\n<h3 class=\"wp-block-heading\">ASSEMBL\u00c9E G\u00c9N\u00c9RALE ANNUELLE<br>LE LUNDI 23 OCTOBRE 2023, 16\u00a0h<\/h3>\n\n\n\n<h3 class=\"wp-block-heading\">Pour participer \u00e0 l&rsquo;assembl\u00e9e envoyez un courriel incluant  votre nom et votre minist\u00e8re \u00e0 <a href=\"mailto:agm-aga@pafso-apase.com\">agm-aga@pafso-apase.com<\/a><\/h3>\n\n\n\n<p><strong><em>Veuillez noter :\u00a0<\/em><\/strong><em>Les documents pertinents se retrouvent <\/em><a href=\"https:\/\/pafso.com\/fr\/aga2023\/\">ici<\/a><em>.<\/em><\/p>\n\n\n\n<p>Une Assembl\u00e9e g\u00e9n\u00e9rale annuelle de l\u2019Association professionnelle des agents du Service ext\u00e9rieur se tiendra \u00e0 Ottawa\u00a0<strong>le lundi 23 octobre 2023<\/strong>\u00a0conform\u00e9ment \u00e0 l\u2019article 11 de la Constitution de l\u2019APASE. Encore une fois, afin de\u00a0promouvoir\u00a0la participation des members \u00e0 l\u2019\u00e9tranger, l\u2019assembl\u00e9e sera virtuelle et diffus\u00e9e en ligne. De plus amples d\u00e9tails sur comment y participer, incluant les dispositions concernant le vote \u00e9lectronique, seront fournis plus pr\u00e8s de la date de l\u2019assembl\u00e9e.<\/p>\n\n\n\n<p><strong>LE COMIT\u00c9 EX\u00c9CUTIF DE L&rsquo;APASE<\/strong><br><a href=\"mailto:info@pafso.com\">info@pafso-apase.com<\/a><br>Le 19 juillet 2023<\/p>\n","protected":false},"excerpt":{"rendered":"<p>RAPPEL ASSEMBL\u00c9E G\u00c9N\u00c9RALE ANNUELLELE LUNDI 23 OCTOBRE 2023, 16\u00a0h Pour participer \u00e0 l&rsquo;assembl\u00e9e envoyez un courriel incluant votre nom et votre minist\u00e8re \u00e0 agm-aga@pafso-apase.com Veuillez noter :\u00a0Les documents pertinents se retrouvent ici. Une Assembl\u00e9e g\u00e9n\u00e9rale annuelle de l\u2019Association professionnelle des agents du Service ext\u00e9rieur se tiendra \u00e0 Ottawa\u00a0le lundi 23 octobre 2023\u00a0conform\u00e9ment \u00e0 l\u2019article 11 [&hellip;]<\/p>\n","protected":false},"author":1131,"featured_media":0,"comment_status":"closed","ping_status":"open","sticky":false,"template":"","format":"standard","meta":{"_acf_changed":false,"_seopress_robots_primary_cat":"none","_seopress_titles_title":"","_seopress_titles_desc":"","_seopress_robots_index":"","footnotes":""},"categories":[],"tags":[],"class_list":["post-5795","post","type-post","status-publish","format-standard","hentry"],"acf":[],"_links":{"self":[{"href":"https:\/\/pafso.com\/fr\/wp-json\/wp\/v2\/posts\/5795","targetHints":{"allow":["GET"]}}],"collection":[{"href":"https:\/\/pafso.com\/fr\/wp-json\/wp\/v2\/posts"}],"about":[{"href":"https:\/\/pafso.com\/fr\/wp-json\/wp\/v2\/types\/post"}],"author":[{"embeddable":true,"href":"https:\/\/pafso.com\/fr\/wp-json\/wp\/v2\/users\/1131"}],"replies":[{"embeddable":true,"href":"https:\/\/pafso.com\/fr\/wp-json\/wp\/v2\/comments?post=5795"}],"version-history":[{"count":1,"href":"https:\/\/pafso.com\/fr\/wp-json\/wp\/v2\/posts\/5795\/revisions"}],"predecessor-version":[{"id":5798,"href":"https:\/\/pafso.com\/fr\/wp-json\/wp\/v2\/posts\/5795\/revisions\/5798"}],"wp:attachment":[{"href":"https:\/\/pafso.com\/fr\/wp-json\/wp\/v2\/media?parent=5795"}],"wp:term":[{"taxonomy":"category","embeddable":true,"href":"https:\/\/pafso.com\/fr\/wp-json\/wp\/v2\/categories?post=5795"},{"taxonomy":"post_tag","embeddable":true,"href":"https:\/\/pafso.com\/fr\/wp-json\/wp\/v2\/tags?post=5795"}],"curies":[{"name":"wp","href":"https:\/\/api.w.org\/{rel}","templated":true}]}}