{"id":5451,"date":"2023-10-11T18:49:44","date_gmt":"2023-10-11T18:49:44","guid":{"rendered":"https:\/\/pafso.aponiawebsolutions.ca\/?p=5451"},"modified":"2023-10-11T18:55:11","modified_gmt":"2023-10-11T18:55:11","slug":"mise-a-jour-de-la-presidente-de-lapase-pour-le-15-septembre-2023","status":"publish","type":"post","link":"https:\/\/pafso.com\/fr\/mise-a-jour-de-la-presidente\/mise-a-jour-de-la-presidente-de-lapase-pour-le-15-septembre-2023\/","title":{"rendered":"Mise \u00e0 jour de la pr\u00e9sidente de l\u2019APASE pour le 15 septembre 2023"},"content":{"rendered":"\t\t<div data-elementor-type=\"wp-post\" data-elementor-id=\"5451\" class=\"elementor elementor-5451 elementor-5422\" data-elementor-post-type=\"post\">\n\t\t\t\t<div class=\"elementor-element elementor-element-c0c1ad6 e-flex e-con-boxed e-con e-parent\" data-id=\"c0c1ad6\" data-element_type=\"container\" data-e-type=\"container\">\n\t\t\t\t\t<div class=\"e-con-inner\">\n\t\t\t\t<div class=\"elementor-element elementor-element-d9f179d elementor-widget elementor-widget-text-editor\" data-id=\"d9f179d\" data-element_type=\"widget\" data-e-type=\"widget\" data-widget_type=\"text-editor.default\">\n\t\t\t\t<div class=\"elementor-widget-container\">\n\t\t\t\t\t\t\t\t\t<p>Chers membres,<\/p>\n<p>M\u00eame si c\u2019est encore officiellement l\u2019\u00e9t\u00e9, la p\u00e9riode automnale habituellement affair\u00e9e de l\u2019APASE est d\u00e9j\u00e0 en cours. Notre s\u00e9rie de petits d\u00e9jeuners a repris, des rencontres dans le cadre de l\u2019examen cyclique des DSE sont pr\u00e9vues dans quelques semaines, sans oublier que l\u2019AGA de l\u2019APASE aura lieu dans un peu plus d\u2019un mois. Allons-y pour les comptes rendus.<\/p>\n<p style=\"font-weight: 400;\"><strong>bout de papier vous parviendra d\u2019ici peu<br>\n<\/strong>Je suis heureuse d\u2019annoncer que nous venons tout juste de mettre \u00e0 la poste le plus r\u00e9cent num\u00e9ro de bout de papier. Ce num\u00e9ro contient de tr\u00e8s int\u00e9ressants articles portant sur des sujets fascinants, notamment la Russie des ann\u00e9es 1990 et la RDC des ann\u00e9es 1980. On y trouve aussi un extrait de <em>Queer Diplomacy<\/em>, le superbe ouvrage de Doug Janoff sur les droits des LGBT dans l\u2019optique de la diplomatie. Je crois vraiment que vous l\u2019aimerez. Vous devriez recevoir votre exemplaire d\u2019ici quelques semaines. Si vous ne l\u2019avez pas d\u2019ici la mi-octobre, veuillez <a href=\"mailto:info@pafso.com\">communiquer avec le si\u00e8ge social<\/a> afin de vous assurer que nous disposions de vos coordonn\u00e9es exactes.<\/p>\n<p style=\"font-weight: 400;\"><strong><em>Queer Diplomacy<\/em><\/strong><strong><br>\n<\/strong>Si vous d\u00e9sirez un avant-go\u00fbt de l\u2019oeuvre de Doug, vous pouvez visionner un enregistrement de son excellent expos\u00e9 lors du petit d\u00e9jeuner du 12 septembre de l\u2019APASE, <a href=\"https:\/\/www.youtube.com\/watch?v=7amXDc_Pl88\">ici sur notre cha\u00eene YouTube<\/a>.<\/p>\n<p><strong>Nous tiendrons un 5 \u00e0 7 automnal \u00e0 l\u2019intention des recrues FS01<br>\n<\/strong>Compte tenu du franc succ\u00e8s de notre 5 \u00e0 7 printanier au d\u00e9but de juin, nous avons d\u00e9cid\u00e9 d\u2019en faire une s\u00e9rie et d\u2019organiser un 5 \u00e0 7 automnal qui aura lieu le mercredi 11&nbsp;octobre. Cette fois, nous voudrions mettre l\u2019accent sur les recrues FS01 et accueillir nos nouveaux coll\u00e8gues dans la famille de l\u2019APASE. Pour l\u2019occasion, nous avons pris des dispositions avec la formidable \u00e9quipe du <a href=\"http:\/\/fatboys.ca\/\">Fatboys Southern Smokehouse<\/a>, situ\u00e9 au 34 de la rue Murray, \u00e0 quelques pas du si\u00e8ge social de l\u2019APASE. J\u2019invite donc toutes les recrues FS01 \u00e0 se joindre \u00e0 moi pour des consommations, un repas et une belle occasion de r\u00e9seauter avec amis et coll\u00e8gues. Les portes ouvriront \u00e0 16h30 et le repas sera servi \u00e0 compter de 17h30. Si vous d\u00e9sirez y assister, veuillez envoyer un courriel \u00e0 <a href=\"mailto:info@pafso.com\">info@pafso.com<\/a> en donnant votre <strong>nom<\/strong> et votre <strong>minist\u00e8re<\/strong> et en mentionnant <strong>toute allergie ou restriction alimentaire<\/strong>&nbsp;que vous pourriez avoir.&nbsp;<strong>RSVP avant le 3 octobre, 17h.<\/strong><\/p>\n<p><strong>Nous avons joint les rangs de ServicePlus<br>\n<\/strong>L\u2019APASE est fi\u00e8re d\u2019annoncer qu\u2019elle est officiellement devenue membre de <a href=\"https:\/\/groupeserviceplus.ca\/\">ServicePlus<\/a>, le programme gratuit de rabais de groupe administr\u00e9 par l\u2019Institut professionnel de la fonction publique du Canada (IPFPC). \u00c0 titre de membre de ServicePlus, l\u2019APASE rejoint d\u2019autres syndicats du secteur public, notamment l\u2019ACEP et l\u2019ACAF, portant ainsi \u00e0 plus de 120&nbsp;000 le nombre de membres inscrits au programme.<\/p>\n<p>\u00c0 compter du d\u00e9but d\u2019octobre, les membres titulaires, affili\u00e9s ou associ\u00e9s de l\u2019APASE auront acc\u00e8s \u00e0 toute une gamme de promotions exclusives sur des spectacles, v\u00eatements, appareils \u00e9lectroniques, meubles, voyages, assurances et bien plus encore. D\u2019ici quelques semaines, vous devriez recevoir un courriel contenant des instructions pour vous inscrire et tous les d\u00e9tails connexes; surveillez vos bo\u00eetes de r\u00e9ception.<\/p>\n<p><strong>L\u2019examen cyclique des DSE 2023<br>\n<\/strong>Le mois dernier, en nous fondant sur vos suggestions, vos commentaires et votre r\u00e9troaction, nous avons r\u00e9dig\u00e9 et pr\u00e9sent\u00e9 notre cahier final de propositions dans le cadre de l\u2019examen cyclique des DSE. Si j\u2019ai bien compris, nous nous attendons \u00e0 recevoir la liste de l\u2019employeur d\u2019ici quelques semaines. Les choses en sont l\u00e0 pour l\u2019instant. J\u2019esp\u00e8re en avoir davantage \u00e0 vous dire \u00e0 cet \u00e9gard une fois que nous aurons eu l\u2019occasion d\u2019examiner les propositions de l\u2019employeur. Restez \u00e0 l\u2019aff\u00fbt.<\/p>\n<p><strong>Le plan de mise en \u0153uvre de la transformation \u00e0 AMC<br>\n<\/strong>Le lancement du plan de mise en \u0153uvre de la transformation \u00e0 AMC, qui donne suite \u00e0 l\u2019initiative de transformation de la diplomatie annonc\u00e9e en juin, a eu lieu plus t\u00f4t cette semaine. Le plan, qui se veut avare de d\u00e9tails concernant les budgets ou les \u00e9ch\u00e9anciers particuliers, promet de r\u00e9aliser l\u2019ambitieux programme de r\u00e9forme par la r\u00e9affectation de ressources et la mise en \u0153uvre de r\u00e9formes sans incidence sur les co\u00fbts, notamment des r\u00e9ductions de la paperasserie.<\/p>\n<p>Nous comprenons la n\u00e9cessit\u00e9 de brider les d\u00e9penses et de soutenir bon nombre des initiatives particuli\u00e8res propos\u00e9es dans le rapport, mais il est difficile d\u2019oublier que nous avons souvent entendu le m\u00eame refrain. En outre, nous allons rappeler \u00e0 l\u2019employeur que les efforts de r\u00e9duction des d\u00e9penses ne doivent pas se faire au d\u00e9triment de la sant\u00e9, de la s\u00e9curit\u00e9 et du bien-\u00eatre des fonctionnaires ou \u00e0 l\u2019encontre de notre convention collective n\u00e9goci\u00e9e.<\/p>\n<p>Voici un <a href=\"https:\/\/nationalpost.com\/news\/politics\/global-affairs-signals-that-planned-overhaul-may-not-receive-all-requested-funding\">article int\u00e9ressant du National Post<\/a> sur la mani\u00e8re dont les r\u00e9ductions et les affectations de ressources auront des incidences sur les propres plans du minist\u00e8re relatifs \u00e0 l\u2019avenir de la diplomatie visant \u00e0 moderniser le service ext\u00e9rieur.<\/p>\n<p>Il s\u2019agira-l\u00e0 d\u2019un important enjeu pour nous au cours des prochains mois; il va sans dire que nous surveillerons la situation de pr\u00e8s et que nous vous tiendrons au courant des d\u00e9veloppements, le cas \u00e9ch\u00e9ant.<\/p>\n<p><strong>L\u2019AGA 2023<br>\n<\/strong>Comme vous le savez, notre <a href=\"https:\/\/pafso.com\/fr\/assemblee-generale-annuelle-2023\/\">assembl\u00e9e g\u00e9n\u00e9rale annuelle 2023<\/a> aura lieu virtuellement, via Zoom, le <strong>lundi 23 octobre \u00e0 16h<\/strong>, heure d\u2019Ottawa. C\u2019est une occasion de discuter des travaux importants qui se d\u00e9roulent \u00e0 l\u2019APASE et de se faire une id\u00e9e de ce \u00e0 quoi on peut s\u2019attendre l\u2019ann\u00e9e prochaine. Si vous d\u00e9sirez y participer, veuillez envoyer un courriel \u00e0&nbsp;<a href=\"mailto:agm-aga@pafso-apase.com\">agm-aga@pafso-apase.com<\/a>&nbsp;en donnant votre nom et votre minist\u00e8re. Un avis officiel d\u2019assembl\u00e9e, accompagn\u00e9 de l\u2019ordre du jour complet et de tous les documents aff\u00e9rents, sera envoy\u00e9 ult\u00e9rieurement aux participant.e.s inscrit.e.s.<\/p>\n<p>Il y a \u00e9galement lieu de noter que nous avons re\u00e7u une brochette compl\u00e8te de candidatures \u00e0 un poste du Comit\u00e9 ex\u00e9cutif, moins celui de repr\u00e9sentant.e du SPED. C\u2019est donc dire que nous pourrons annoncer une brochette de candidat.e.s \u00e9lu.e.s \u00e0 l\u2019AGA et accepter des candidatures de l\u2019assembl\u00e9e au seul poste vacant restant. Si vous \u00eates membre en r\u00e8gle du SPED, occupez actuellement un poste \u00e0 l\u2019administration centrale ou \u00e0 l\u2019\u00e9tranger, pourquoi ne pas envisager de vous joindre \u00e0 nous? Il s\u2019agit d\u2019une occasion d\u2019influer concr\u00e8tement sur les enjeux qui concernent le service ext\u00e9rieur professionnel \u00e0 un tournant cl\u00e9 de notre histoire.<\/p>\n<p><strong>Annemarie Desloges, 1984-2013<br>\n<\/strong>Et pour terminer, un triste anniversaire. Jeudi prochain, le 21 septembre, marquera le 10e anniversaire de la mort de notre amie et coll\u00e8gue Annemarie Desloges dans l\u2019attaque terroriste du centre commercial Westgate \u00e0 Nairobi, au Kenya. \u00c2g\u00e9e de 29 ans, Annemarie travaillait pour Citoyennet\u00e9 et Immigration Canada en tant qu\u2019agente de liaison avec l\u2019Agence des services frontaliers du Canada. Sa mort tragique met en lumi\u00e8re les risques et les sacrifices r\u00e9els que nos membres et leurs familles assument dans le cadre de leur engagement \u00e0 servir les Canadiens et le Canada \u00e0 l\u2019\u00e9tranger. Nos pens\u00e9es vont \u00e0 sa famille et \u00e0 ses amis dont la vie a \u00e9t\u00e9 boulvers\u00e9e \u00e0 jamais par cet \u00e9v\u00e9nement tragique.<\/p>\n<p>C\u2019est tout pour mon message de cette semaine. Comme toujours, si vous avez des pr\u00e9occupations au sujet de votre situation au travail, n\u2019h\u00e9sitez pas \u00e0 communiquer avec nous.&nbsp;<a href=\"mailto:info@pafso.com\">Envoyez-nous un courriel<\/a>&nbsp;d\u00e9taill\u00e9&nbsp;de votre cas, y compris votre nom et votre minist\u00e8re. Nous vous mettrons en contact avec l\u2019un ou l\u2019autre de nos conseillers en relations de travail qui s\u2019empressera de vous aider. Pour toute autre question, il suffit d\u2019envoyer un courriel \u00e0&nbsp;<a href=\"mailto:info@pafso.com\">info@pafso-apase.com<\/a>&nbsp;et quelqu\u2019un communiquera rapidement avec vous.<\/p>\n<p>Je vous reviens au d\u00e9but d\u2019octobre, lorsque l\u2019automne aura d\u00e9finitivement fait son apparition dans la RCN. Dans l\u2019intervalle, pour savoir ce que je pense des enjeux de l\u2019heure, des politiques et de toute autre nouvelle ayant des r\u00e9percussions sur notre profession, suivez-moi sur&nbsp;mon&nbsp;<a href=\"https:\/\/twitter.com\/PafsoPresApase\">compte Twitter de la pr\u00e9sidente<\/a>.<\/p>\n<p>D\u2019ici l\u00e0, prenez soin de vous et les uns des autres.<\/p>\n<p style=\"font-weight: 400;\">Cordialement,<\/p>\n<p><strong>Pam Isfeld<br>\n<\/strong>Pr\u00e9sidente<br>\n<a href=\"https:\/\/twitter.com\/PafsoPresApase\">@PafsoPresApase<\/a><\/p>         \n\t\t\t\t\t\t\t\t<\/div>\n\t\t\t\t<\/div>\n\t\t\t\t\t<\/div>\n\t\t\t\t<\/div>\n\t\t\t\t<\/div>\n\t\t","protected":false},"excerpt":{"rendered":"<p>Chers membres, M\u00eame si c\u2019est encore officiellement l\u2019\u00e9t\u00e9, la p\u00e9riode automnale habituellement affair\u00e9e de l\u2019APASE est d\u00e9j\u00e0 en cours. Notre s\u00e9rie de petits d\u00e9jeuners a repris, des rencontres dans le cadre de l\u2019examen cyclique des DSE sont pr\u00e9vues dans quelques semaines, sans oublier que l\u2019AGA de l\u2019APASE aura lieu dans un peu plus d\u2019un mois. [&hellip;]<\/p>\n","protected":false},"author":2,"featured_media":0,"comment_status":"open","ping_status":"open","sticky":false,"template":"","format":"standard","meta":{"_acf_changed":false,"_seopress_robots_primary_cat":"none","_seopress_titles_title":"","_seopress_titles_desc":"","_seopress_robots_index":"","footnotes":""},"categories":[41],"tags":[],"class_list":["post-5451","post","type-post","status-publish","format-standard","hentry","category-mise-a-jour-de-la-presidente"],"acf":[],"_links":{"self":[{"href":"https:\/\/pafso.com\/fr\/wp-json\/wp\/v2\/posts\/5451","targetHints":{"allow":["GET"]}}],"collection":[{"href":"https:\/\/pafso.com\/fr\/wp-json\/wp\/v2\/posts"}],"about":[{"href":"https:\/\/pafso.com\/fr\/wp-json\/wp\/v2\/types\/post"}],"author":[{"embeddable":true,"href":"https:\/\/pafso.com\/fr\/wp-json\/wp\/v2\/users\/2"}],"replies":[{"embeddable":true,"href":"https:\/\/pafso.com\/fr\/wp-json\/wp\/v2\/comments?post=5451"}],"version-history":[{"count":4,"href":"https:\/\/pafso.com\/fr\/wp-json\/wp\/v2\/posts\/5451\/revisions"}],"predecessor-version":[{"id":5457,"href":"https:\/\/pafso.com\/fr\/wp-json\/wp\/v2\/posts\/5451\/revisions\/5457"}],"wp:attachment":[{"href":"https:\/\/pafso.com\/fr\/wp-json\/wp\/v2\/media?parent=5451"}],"wp:term":[{"taxonomy":"category","embeddable":true,"href":"https:\/\/pafso.com\/fr\/wp-json\/wp\/v2\/categories?post=5451"},{"taxonomy":"post_tag","embeddable":true,"href":"https:\/\/pafso.com\/fr\/wp-json\/wp\/v2\/tags?post=5451"}],"curies":[{"name":"wp","href":"https:\/\/api.w.org\/{rel}","templated":true}]}}