{"id":4672,"date":"2023-07-07T18:11:04","date_gmt":"2023-07-07T18:11:04","guid":{"rendered":"https:\/\/pafso.aponiawebsolutions.ca\/?p=4672"},"modified":"2023-09-06T18:11:50","modified_gmt":"2023-09-06T18:11:50","slug":"mise-a-jour-de-la-presidente-de-lapase-pour-le-7-juillet-2023-2","status":"publish","type":"post","link":"https:\/\/pafso.com\/fr\/mise-a-jour-de-la-presidente\/mise-a-jour-de-la-presidente-de-lapase-pour-le-7-juillet-2023-2\/","title":{"rendered":"Mise \u00e0 jour de la pr\u00e9sidente de l\u2019APASE pour le 7 juillet 2023"},"content":{"rendered":"<p>Chers membres,<\/p>\n<p>J\u2019esp\u00e8re que vous avez tous et toutes eu la chance de vous d\u00e9tendre et de vous ressourcer un peu lors du dernier long week-end de la F\u00eate du Canada. Pour ma part, c\u2019est effectivement ce que j\u2019ai fait et, \u00e0 pr\u00e9sent, je suis pr\u00eate \u00e0 faire le point avec vous sur quelques-unes des activit\u00e9s \u00e0 l\u2019APASE au cours des deux derni\u00e8res semaines.<\/p>\n<p><strong>La nouvelle convention collective a \u00e9t\u00e9 sign\u00e9e<br \/>\n<\/strong>Notre nouvelle convention collective a officiellement \u00e9t\u00e9 sign\u00e9e vendredi dernier. Forte de l\u2019appui de la majorit\u00e9 absolue des membres de l\u2019APASE, elle est d\u00e9sormais en vigueur et le restera jusqu\u2019au 30 juin 2026. Comme vous le savez, cette convention s\u2019accompagne d\u2019une prime \u00e0 la signature. C\u2019est donc dire que, si vous \u00e9tiez membre FS et occupiez un poste FS ou \u00e9tiez en cong\u00e9 de quelque type que ce soit vendredi dernier, vous \u00eates admissible \u00e0 cette prime de 2500\u00a0$.<\/p>\n<p>Il s\u2019agit d\u2019une convention solide, comme en t\u00e9moigne l\u2019appui massif qu\u2019elle a recueilli lors du vote de ratification. Je le r\u00e9p\u00e8te, outre les nombreux gains \u00e9conomiques importants qu\u2019elle procure \u00e0 nos membres, elle apporte plusieurs autres am\u00e9liorations, notamment des dispositions concernant les heures suppl\u00e9mentaires, les cong\u00e9s et le t\u00e9l\u00e9travail. Je vous incite \u00e0 lire attentivement le texte int\u00e9gral de la nouvelle convention. Vous pouvez le t\u00e9l\u00e9charger \u00e0 partir de notre site <a href=\"https:\/\/pafso.com\/wp-content\/uploads\/2023\/06\/2023-06-26_FS-Collective-Agreement_Final_FR.pdf\">ici<\/a>.<\/p>\n<p><strong>Petit d\u00e9jeuner de l\u2019APASE : le Comit\u00e9 ex\u00e9cutif et l\u2019ann\u00e9e qui vient<br \/>\n<\/strong>En pr\u00e9vision de notre prochaine AGA qui aura lieu virtuellement le lundi 23 octobre, je vais animer un petit d\u00e9jeuner de l\u2019APASE o\u00f9 il sera question du r\u00f4le du Comit\u00e9 ex\u00e9cutif et de sa vision pour l\u2019ann\u00e9e qui vient.<\/p>\n<p>Cette ann\u00e9e, nous aurons au total 11 postes vacants \u00e0 pourvoir au Comit\u00e9 ex\u00e9cutif, et au moins un dans chaque fili\u00e8re. Nous esp\u00e9rons que bon nombre de nos membres d\u00e9vou\u00e9s de l\u2019\u00e9quipe actuelle d\u00e9cideront de revenir pour un nouveau mandat, mais, certains ne le pourront pas. Voil\u00e0 donc une excellente occasion d\u2019injecter du sang neuf et des perspectives nouvelles au sein du groupe. En particulier, nous accueillerions volontiers la participation de membres et coll\u00e8gues francophones, ainsi que de membres qui ont v\u00e9cu les probl\u00e8mes propres \u00e0 l\u2019emploi des conjoint.e.s \u00e0 l\u2019\u00e9tranger.<\/p>\n<p>Un appel officiel de candidatures sera lanc\u00e9 plus tard au cours du mois. Si la chose vous int\u00e9resse, veuillez consulter les fonctions du Comit\u00e9 en vertu des\u00a0<a href=\"https:\/\/pafso.com\/fr\/a-propos\/statuts-de-lapase\/\">Statuts<\/a>. En outre, envisagez de participer au petit d\u00e9jeuner de l\u2019APASE \u00e0 09h00, heure d\u2019Ottawa, mardi prochain le 11 juillet. J\u2019y parlerai des rouages du Comit\u00e9 et des dossiers que nous nous attendons \u00e0 piloter l\u2019ann\u00e9e prochaine. Vous pouvez vous inscrire \u00e0 cette s\u00e9ance\u00a0<a href=\"https:\/\/us02web.zoom.us\/webinar\/register\/WN_BLuPkMtPTSu3R9Z_J6uwKw\">ici<\/a>. La s\u00e9ance sera enregistr\u00e9e et affich\u00e9e sur notre cha\u00eene YouTube \u00e0 l\u2019intention de ceux et celles qui ne pourront pas y participer en direct.<\/p>\n<p><strong>Pr\u00e9paratifs en vue de l\u2019examen cyclique des Directives sur le service ext\u00e9rieur<br \/>\n<\/strong>Je tiens \u00e0 remercier ceux d\u2019entre vous qui ont pris le temps d\u2019envoyer des suggestions et des commentaires sur le projet de liste de propositions pour l\u2019examen cyclique des DSE. Vos commentaires, ainsi que les informations recueillies lors du sondage men\u00e9e plus t\u00f4t cette ann\u00e9e, ont tous contribu\u00e9 \u00e0 la liste finale des propositions que nous avons soumise avant l\u2019examen. Nous ne manquerons pas de vous tenir inform\u00e9s au fur et \u00e0 mesure des d\u00e9veloppements.<\/p>\n<p><strong>Transition du R\u00e9gime de soins de sant\u00e9 de la fonction publique (RSSFP) \u00e0 la Canada Vie<br \/>\n<\/strong>Depuis le samedi 1<sup>er<\/sup> juillet, l\u2019administration du <a href=\"https:\/\/www.rssfp.ca\/\">RSSFP<\/a> est pass\u00e9e de la Sun Life \u00e0 la Canada Vie. Nous esp\u00e9rons que vous avez tous et toutes rempli votre demande d\u2019adh\u00e9sion pr\u00e9alable et que votre transition \u00e0 la nouvelle administration est d\u00e9sormais compl\u00e8te. Sinon, vous auriez d\u00fb recevoir par la poste ou courriel une invitation \u00e0 remplir les formalit\u00e9s d\u2019adh\u00e9sion. Si vous n\u2019avez pas re\u00e7u cette invitation ou qu\u2019elle a \u00e9t\u00e9 d\u00e9vi\u00e9e dans votre courrier poubelle, veuillez appeler le Centre de contact des participants au RSSFP au 1-855-415-4414 afin de remplir les formalit\u00e9s d\u2019adh\u00e9sion.<\/p>\n<p>Si vous avez besoin de plus amples renseignements sur la transition \u00e0 la Canada Vie, veuillez consulter <a href=\"https:\/\/www.canada.ca\/fr\/secretariat-conseil-tresor\/services\/regimes-assurance\/regime-soins-sante\/avis-information\/preparer-regime-soins-sante-fonction-publique-canada-vie.html\">cette page<\/a> sur le site web de l\u2019employeur.<\/p>\n<p><strong>bout de papier : appel d\u2019offres et nouveau bar\u00e8me tarifaire<br \/>\n<\/strong>Dans un effort en vue d\u2019attirer davantage de contributions et de donner plus de coh\u00e9rence au magazine phare de l\u2019APASE, <a href=\"http:\/\/boutdepapier.ca\/\"><strong>bout de papier<\/strong><\/a> a adopt\u00e9 un nouveau bar\u00e8me tarifaire pour les contributions. Le magazine offre d\u00e9sormais un bar\u00e8me tarifaire standard variant entre 0,10\u00a0$ et 0,25\u00a0$ le mot pour des contributions jusqu\u2019\u00e0 concurrence de 500\u00a0$ par article<em>. <\/em>Les tarifs varient en fonction du type d\u2019article produit. Par exemple, des m\u00e9moires intimes, qui exigent moins de recherches intensives, vaudraient 0,10\u00a0$ le mot. Dans le cas d\u2019un article de fond exigeant beaucoup de recherches, le tarif de 0,25\u00a0$ le mot s\u2019appliquerait. Nous accepterons \u00e9galement des articles de fiction ax\u00e9s sur le service ext\u00e9rieur, \u00e0 des tarifs n\u00e9gociables. L\u2019appel d\u2019offres s\u2019adresse \u00e0 la grande communaut\u00e9 des \u00e9crivain.e.s du Canada et, en particulier, aux membres et \u00e0 leurs conjoint.e.s et \u00e0 leurs proches.<\/p>\n<p>Si vous d\u00e9sirez contribuer \u00e0 bout de papier, ou obtenir de plus amples renseignements sur le bar\u00e8me tarifaire applicable aux articles, veuillez communiquer avec le directeur de publication, <a href=\"mailto:eric.schallenberg@pafso-apase.com?subject=bout%20de%20papier%20contributions\">Eric Schallenberg<\/a>.<\/p>\n<p><strong><em>Affairs of State<\/em><\/strong><strong> au Classic Theatre Festival<br \/>\n<\/strong>Je vous rappelle que la premi\u00e8re de la production du Classic Theatre Festival d\u2019<em>Affairs of State<\/em>, com\u00e9die classique de 1950 de Louis Verneuil, a lieu aujourd\u2019hui. Le Festival offre aux membres de l\u2019APASE et aux personnes \u00e0 leur charge un g\u00e9n\u00e9reux <strong>rabais de 20\u00a0% <\/strong>\u00e0 l\u2019achat de billets. Pr\u00e9sent\u00e9e jusqu\u2019au 30 juillet au th\u00e9\u00e2tre Arts Court, <em>Affairs of State<\/em> est une histoire \u00e0 la fois dr\u00f4le et intrigante portant sur les intrigues et les rebondissements diplomatiques qui se d\u00e9roulent \u00e0 portes closes dans le Washington de l\u2019apr\u00e8s-Seconde Guerre mondiale. Pour de plus amples renseignements au sujet de la pi\u00e8ce de th\u00e9\u00e2tre et acheter vos billets, veuillez vous rendre sur le <a href=\"https:\/\/classictheatre.ca\/affairs-of-state\/\">site web du Classic Theatre Festival<\/a> ou composer le 613-695-9330. Ne manquez pas de mentionner le code de rabais <strong>PAFSO23<\/strong> afin d\u2019obtenir une r\u00e9duction de 20\u00a0% sur le prix de vos billets.<\/p>\n<p>Vol\u00e0 qui compl\u00e8te mon compte rendu des nombreuses activit\u00e9s de l\u2019APASE des deux derni\u00e8res semaines. Comme toujours, si vous avez des pr\u00e9occupations au sujet de votre situation au travail, n\u2019h\u00e9sitez pas \u00e0 communiquer avec nous.\u00a0<a href=\"mailto:info@pafso.com\">Envoyez-nous un courriel<\/a>\u00a0d\u00e9taill\u00e9\u00a0de votre cas, y compris votre nom et votre minist\u00e8re. Nous vous mettrons en contact avec l\u2019un ou l\u2019autre de nos conseillers en relations de travail qui s\u2019empressera de vous aider. Pour toute autre question, il suffit d\u2019envoyer un courriel \u00e0\u00a0<a href=\"mailto:info@pafso.com\">info@pafso-apase.com<\/a>\u00a0et quelqu\u2019un communiquera rapidement avec vous.<\/p>\n<p>Je vous reparle dans deux semaines. D\u2019ici l\u00e0, consultez mon\u00a0compte <a href=\"https:\/\/twitter.com\/PafsoPresApase\">Twitter de la pr\u00e9sidente<\/a>. Pour savoir ce que je pense des enjeux de l\u2019heure, des politiques et de toute autre nouvelle ayant des r\u00e9percussions sur notre profession, suivez-moi sur\u00a0<a href=\"https:\/\/twitter.com\/PafsoPresApase\">@PafsoPresApase<\/a>.<\/p>\n<p>Dans l\u2019intervalle, prenez soin de vous et les uns des autres.<\/p>\n<p>Cordialement,<\/p>\n<p><strong>Pam Isfeld<br \/>\n<\/strong>Pr\u00e9sidente<br \/>\n<a href=\"https:\/\/twitter.com\/PafsoPresApase\">@PafsoPresApase<\/a><\/p>\n","protected":false},"excerpt":{"rendered":"<p>Chers membres, J\u2019esp\u00e8re que vous avez tous et toutes eu la chance de vous d\u00e9tendre et de vous ressourcer un peu lors du dernier long week-end de la F\u00eate du Canada. Pour ma part, c\u2019est effectivement ce que j\u2019ai fait et, \u00e0 pr\u00e9sent, je suis pr\u00eate \u00e0 faire le point avec vous sur quelques-unes des [&hellip;]<\/p>\n","protected":false},"author":1131,"featured_media":0,"comment_status":"closed","ping_status":"open","sticky":false,"template":"","format":"standard","meta":{"_acf_changed":false,"_seopress_robots_primary_cat":"40","_seopress_titles_title":"","_seopress_titles_desc":"","_seopress_robots_index":"","footnotes":""},"categories":[41],"tags":[61,50,55,60,57],"class_list":["post-4672","post","type-post","status-publish","format-standard","hentry","category-mise-a-jour-de-la-presidente","tag-bout-de-papier-fr","tag-dejeuners-de-lapase","tag-dse","tag-negociations-collectives","tag-rssfp"],"acf":[],"_links":{"self":[{"href":"https:\/\/pafso.com\/fr\/wp-json\/wp\/v2\/posts\/4672","targetHints":{"allow":["GET"]}}],"collection":[{"href":"https:\/\/pafso.com\/fr\/wp-json\/wp\/v2\/posts"}],"about":[{"href":"https:\/\/pafso.com\/fr\/wp-json\/wp\/v2\/types\/post"}],"author":[{"embeddable":true,"href":"https:\/\/pafso.com\/fr\/wp-json\/wp\/v2\/users\/1131"}],"replies":[{"embeddable":true,"href":"https:\/\/pafso.com\/fr\/wp-json\/wp\/v2\/comments?post=4672"}],"version-history":[{"count":1,"href":"https:\/\/pafso.com\/fr\/wp-json\/wp\/v2\/posts\/4672\/revisions"}],"predecessor-version":[{"id":4673,"href":"https:\/\/pafso.com\/fr\/wp-json\/wp\/v2\/posts\/4672\/revisions\/4673"}],"wp:attachment":[{"href":"https:\/\/pafso.com\/fr\/wp-json\/wp\/v2\/media?parent=4672"}],"wp:term":[{"taxonomy":"category","embeddable":true,"href":"https:\/\/pafso.com\/fr\/wp-json\/wp\/v2\/categories?post=4672"},{"taxonomy":"post_tag","embeddable":true,"href":"https:\/\/pafso.com\/fr\/wp-json\/wp\/v2\/tags?post=4672"}],"curies":[{"name":"wp","href":"https:\/\/api.w.org\/{rel}","templated":true}]}}