{"id":4196,"date":"2023-02-13T16:47:26","date_gmt":"2023-02-13T16:47:26","guid":{"rendered":"https:\/\/pafso.aponiawebsolutions.ca\/non-classifiee\/ircc-met-a-jour-leurs-directives-de-sante-concernant-la-covid-19\/"},"modified":"2023-08-23T20:23:58","modified_gmt":"2023-08-23T20:23:58","slug":"ircc-met-a-jour-leurs-directives-de-sante-concernant-la-covid-19","status":"publish","type":"post","link":"https:\/\/pafso.com\/fr\/non-classifiee\/ircc-met-a-jour-leurs-directives-de-sante-concernant-la-covid-19\/","title":{"rendered":"IRCC met \u00e0 jour ses directives de sant\u00e9 concernant la COVID-19"},"content":{"rendered":"<p>IRCC vient de publier des mises \u00e0 jour importantes de ses directives sanitaires sur la COVID-19. Ci-dessous, vous trouverez le message qui vient d&rsquo;\u00eatre envoy\u00e9 annon\u00e7ant les changements.<\/p>\n<p style=\"font-weight: 400;\"><em>Sant\u00e9 Canada a mis \u00e0 jour son Programme de sant\u00e9 au travail de la fonction publique en ce qui concerne <a href=\"https:\/\/www.canada.ca\/fr\/gouvernement\/fonctionpublique\/covid-19\/assouplissement-restrictions\/avis-general-sante-travail.html\">les pratiques pr\u00e9ventives pour r\u00e9pondre \u00e0 la COVID-19 en milieu de travail<\/a>. Voici un aper\u00e7u de ces mises \u00e0 jour\u00a0:<\/em><\/p>\n<ul>\n<li><em><strong>Le port du masque<\/strong> n\u2019est maintenant obligatoire que dans les lieux de travail \u00e0 risque \u00e9lev\u00e9, o\u00f9 un grand nombre de personnes vivent ou circulent (par exemple, les \u00e9tablissements de soins de sant\u00e9 et les lieux d\u2019h\u00e9bergement collectif). Cependant, nous encourageons toutes les \u00e9quipes d\u2019IRCC, quel que soit leur lieu de travail, \u00e0 cr\u00e9er un environnement favorable au port du masque afin que les gens se sentent \u00e0 l&rsquo;aise de porter un masque ou un respirateur en tout temps s\u2019ils choisissent de le faire.<\/em><\/li>\n<li><em><strong>L\u2019\u00e9loignement physique<\/strong> n\u2019est plus requis. L\u2019\u00e9loignement physique constituant un niveau de protection suppl\u00e9mentaire lorsqu\u2019il est pratiqu\u00e9 dans les espaces int\u00e9rieurs, lorsque l&rsquo;am\u00e9nagement ou les op\u00e9rations le permettent, nous vous encourageons \u00e0 pratiquer l\u2019\u00e9loignement lorsque cela est possible et souhaitable.<\/em><\/li>\n<li><em><strong>COVID-19<\/strong> &#8211; Si vous avez \u00e9t\u00e9 en contact \u00e9troit avec une personne qui a \u00e9t\u00e9 test\u00e9e positive \u00e0 la COVID-19, vous pouvez continuer \u00e0 entrer au bureau ou sur le lieu de travail si vous ne pr\u00e9sentez aucun sympt\u00f4me et si l\u2019autorit\u00e9 locale de sant\u00e9 publique ne vous a pas demand\u00e9 de vous mettre en quarantaine. Si vous avez obtenu un r\u00e9sultat positif au test de d\u00e9pistage de la COVID-19 au moyen d\u2019un test antig\u00e9nique rapide ou d\u2019un test PCR, vous ne devriez pas retourner sur le lieu de travail pendant au moins cinq jours. \u00c0 votre retour au travail, vous ne devez pr\u00e9senter aucun sympt\u00f4me, sauf une toux r\u00e9siduelle, et vous devez respecter les exigences locales en mati\u00e8re de sant\u00e9 publique, le cas \u00e9ch\u00e9ant.<\/em><\/li>\n<\/ul>\n<p style=\"font-weight: 400;\"><em>Alors que nous retournons au bureau dans les derni\u00e8res phases de la mise en \u0153uvre de notre lieu de travail hybride, nous voulons encore nous assurer que nous cr\u00e9ons un environnement s\u00fbr et sain dans lequel les gens se sentent prot\u00e9g\u00e9s, \u00e0 l&rsquo;aise et respect\u00e9s. Nous vous encourageons \u00e0 entreprendre des conversations avec vos responsables et vos coll\u00e8gues afin de d\u00e9terminer ce qui vous convient, \u00e0 vous et \u00e0 vos \u00e9quipes, et \u00e0 mettre en \u0153uvre des mesures pr\u00e9ventives pour vous permettre d\u2019\u00eatre le plus \u00e0 l\u2019aise possible, dans le respect de vos coll\u00e8gues.<\/em><\/p>\n<p><em><span style=\"font-weight: 400;\">Nous vous remercions de votre coop\u00e9ration pour nous aider \u00e0 cr\u00e9er un lieu de travail s\u00fbr et accueillant pour tous.<\/span><\/em><\/p>\n","protected":false},"excerpt":{"rendered":"<p>IRCC vient de publier des mises \u00e0 jour importantes de ses directives sanitaires sur la COVID-19. Ci-dessous, vous trouverez le message qui vient d&rsquo;\u00eatre envoy\u00e9 annon\u00e7ant les changements. Sant\u00e9 Canada a mis \u00e0 jour son Programme de sant\u00e9 au travail de la fonction publique en ce qui concerne les pratiques pr\u00e9ventives pour r\u00e9pondre \u00e0 la [&hellip;]<\/p>\n","protected":false},"author":1,"featured_media":0,"comment_status":"closed","ping_status":"closed","sticky":false,"template":"","format":"standard","meta":{"_acf_changed":false,"_seopress_robots_primary_cat":"","_seopress_titles_title":"","_seopress_titles_desc":"","_seopress_robots_index":"","footnotes":""},"categories":[31],"tags":[],"class_list":["post-4196","post","type-post","status-publish","format-standard","hentry","category-non-classifiee"],"acf":[],"_links":{"self":[{"href":"https:\/\/pafso.com\/fr\/wp-json\/wp\/v2\/posts\/4196","targetHints":{"allow":["GET"]}}],"collection":[{"href":"https:\/\/pafso.com\/fr\/wp-json\/wp\/v2\/posts"}],"about":[{"href":"https:\/\/pafso.com\/fr\/wp-json\/wp\/v2\/types\/post"}],"author":[{"embeddable":true,"href":"https:\/\/pafso.com\/fr\/wp-json\/wp\/v2\/users\/1"}],"replies":[{"embeddable":true,"href":"https:\/\/pafso.com\/fr\/wp-json\/wp\/v2\/comments?post=4196"}],"version-history":[{"count":1,"href":"https:\/\/pafso.com\/fr\/wp-json\/wp\/v2\/posts\/4196\/revisions"}],"predecessor-version":[{"id":4343,"href":"https:\/\/pafso.com\/fr\/wp-json\/wp\/v2\/posts\/4196\/revisions\/4343"}],"wp:attachment":[{"href":"https:\/\/pafso.com\/fr\/wp-json\/wp\/v2\/media?parent=4196"}],"wp:term":[{"taxonomy":"category","embeddable":true,"href":"https:\/\/pafso.com\/fr\/wp-json\/wp\/v2\/categories?post=4196"},{"taxonomy":"post_tag","embeddable":true,"href":"https:\/\/pafso.com\/fr\/wp-json\/wp\/v2\/tags?post=4196"}],"curies":[{"name":"wp","href":"https:\/\/api.w.org\/{rel}","templated":true}]}}