{"id":4189,"date":"2023-01-06T18:11:06","date_gmt":"2023-01-06T18:11:06","guid":{"rendered":"https:\/\/pafso.aponiawebsolutions.ca\/non-classifiee\/mise-a-jour-de-la-presidente-de-lapase-pour-le-6-janvier-2023\/"},"modified":"2023-08-23T20:24:00","modified_gmt":"2023-08-23T20:24:00","slug":"mise-a-jour-de-la-presidente-de-lapase-pour-le-6-janvier-2023","status":"publish","type":"post","link":"https:\/\/pafso.com\/fr\/mise-a-jour-de-la-presidente\/mise-a-jour-de-la-presidente-de-lapase-pour-le-6-janvier-2023\/","title":{"rendered":"Mise \u00e0 jour de la pr\u00e9sidente de l\u2019APASE pour le 6 janvier 2023"},"content":{"rendered":"<p>Chers membres,<\/p>\n<p>Bonne et heureuse ann\u00e9e 2023\u00a0! J\u2019esp\u00e8re que vous avez tous et toutes r\u00e9ussi \u00e0 prendre un peu de repos bien m\u00e9rit\u00e9 et \u00e0 passer du temps de qualit\u00e9 avec proches et amis. Au retour de la pause des f\u00eates, je crois que le moment est propice pour vous communiquer les \u00e9ch\u00e9anciers concernant certains des dossiers qui sont au programme de l\u2019APASE au d\u00e9but de 2023.<\/p>\n<p><strong>Les n\u00e9gociations collectives<\/strong><br \/>\nNotre prochaine s\u00e9rie de n\u00e9gociations avec l&#8217;employeur devrait avoir lieu plus tard ce mois-ci, durant laquelle nous avons l&rsquo;intention de pr\u00e9senter nos propositions salariales. Apr\u00e8s cette session, nous esp\u00e9rons \u00eatre en mesure de partager davantage avec vous.<\/p>\n<p><strong>La d\u00e9fense des int\u00e9r\u00eats et les relations avec les parties prenantes<\/strong><br \/>\nNotre nouvel agent de la d\u00e9fense des int\u00e9r\u00eats et des relations avec les parties prenantes entrera en fonction au si\u00e8ge social de l\u2019APASE \u00e0 la mi-janvier. Le premier r\u00e9sultat attendu du titulaire de ce poste sera un expos\u00e9 strat\u00e9gique d\u00e9taill\u00e9 pour fins de pr\u00e9sentation \u00e0 l\u2019assembl\u00e9e g\u00e9n\u00e9rale annuelle en octobre.<\/p>\n<p><strong>L\u2019\u00e9tude\u00a0<\/strong><strong>du\u00a0Comit\u00e9 s\u00e9natorial permanent des affaires \u00e9trang\u00e8res sur le service ext\u00e9rieur canadien et les \u00e9l\u00e9ments du m\u00e9canisme de politique \u00e9trang\u00e8re au sein d&rsquo;Affaires mondiales\u00a0<\/strong><strong>Canada<\/strong><br \/>\nLe comit\u00e9 s\u00e9natorial s\u2019appr\u00eate \u00e0 conclure son \u00e9tude, et je r\u00e9dige actuellement le m\u00e9moire que nous pr\u00e9senterons \u00e0 l\u2019appui de ma comparution le 7 avril 2023. Nous chercherons aussi d\u2019autres occasions de contribuer \u00e0 l\u2019examen d\u2019Affaires mondiales Canada sous la direction de la ministre Joly.<\/p>\n<p><strong>L\u2019examen cyclique des Directives sur le service ext\u00e9rieur (DSE)<\/strong><br \/>\nLa date limite de pr\u00e9sentation de propositions aux fins de l\u2019examen tant attendu des DSE a \u00e9t\u00e9 prolong\u00e9e au 1<sup>er<\/sup>\u00a0ao\u00fbt afin de donner le temps voulu pour y int\u00e9grer des renseignements pertinents tir\u00e9s des \u00e9tudes du S\u00e9nat et d\u2019AMC. Nous pr\u00e9voyons de lancer notre sondage aupr\u00e8s des membres au d\u00e9but de f\u00e9vrier et nous continuerons de collaborer avec le comit\u00e9 consultatif \u00e0 l\u2019\u00e9laboration de notre m\u00e9moire d\u00e9taill\u00e9.<\/p>\n<p><strong>Premier petit d\u00e9jeuner de l\u2019APASE de 2023<\/strong><br \/>\nJe suis tr\u00e8s heureuse d\u2019annoncer que le premier d\u00e9jeuner de l&rsquo;APASE de 2023 se tiendra le mardi 17 janvier \u00e0 9 h, heure d&rsquo;Ottawa. Ulric Shannnon, ancien membre de l&rsquo;APASE et actuel directeur g\u00e9n\u00e9ral du bureau pour la stabilisation et les op\u00e9rations de paix \u00e0 Affaires mondiales Canada, se joindra \u00e0 nous pour discuter de l&rsquo;\u00e9tat de l&rsquo;expertise au sein du service ext\u00e9rieur canadien. Sa pr\u00e9sentation sera bas\u00e9e sur le projet de recherche qu&rsquo;il a men\u00e9 en 2021\u20132 en tant qu&rsquo;associ\u00e9 de recherche au Centre d&rsquo;\u00e9tudes en politiques internationales de l&rsquo;Universit\u00e9 d&rsquo;Ottawa, alors qu&rsquo;il \u00e9tait en cong\u00e9 du gouvernement du Canada. Vous pouvez lire son article de recherche <a href=\"https:\/\/www.cips-cepi.ca\/2022\/09\/06\/the-future-of-the-canadian-foreign-service\/\" data-cke-saved-href=\"https:\/\/www.cips-cepi.ca\/2022\/09\/06\/the-future-of-the-canadian-foreign-service\/\">ici<\/a>. Inscrivez-vous au webinaire Zoom en cliquant <a href=\"https:\/\/us02web.zoom.us\/webinar\/register\/WN_ObH7eeOQSJuYG8Y8p1_EUA\" data-cke-saved-href=\"https:\/\/us02web.zoom.us\/webinar\/register\/WN_ObH7eeOQSJuYG8Y8p1_EUA\">ici<\/a>.<\/p>\n<p>Il va sans dire que nous poursuivons aussi activement nos programmes et services habituels, qu\u2019il s\u2019agisse des conseils en relations de travail ou de nos petits d\u00e9jeuners de l\u2019APASE r\u00e9guliers, sans oublier les autres activit\u00e9s de perfectionnement professionnel. Je vous parlerai bient\u00f4t plus en d\u00e9tail de nos plans \u00e0 cet \u00e9gard.<\/p>\n<p>D\u2019ici l\u00e0, comme toujours, nous sommes l\u00e0 pour vous.\u00a0Si vous avez des pr\u00e9occupations au sujet de votre situation au travail, n\u2019h\u00e9sitez pas \u00e0 communiquer avec notre directeur g\u00e9n\u00e9ral,\u00a0<a href=\"mailto:bertrand.myre@pafso.com\" data-cke-saved-href=\"mailto:bertrand.myre@pafso.com\">Bertrand Myre<\/a>. Exposez-lui en d\u00e9tail votre cas et il\u00a0s\u2019empressera de vous mettre en contact avec l\u2019un ou l\u2019autre de nos conseillers en relations de travail. Pour toute autre question, il suffit d\u2019envoyer un courriel \u00e0\u00a0<a href=\"mailto:info@pafso-apase.com\" data-cke-saved-href=\"mailto:info@pafso.com\">info@pafso-apase.com<\/a>\u00a0en tout temps, et quelqu\u2019un communiquera rapidement avec vous.<\/p>\n<p>Mon prochain message vous parviendra \u00e0 la mi-janvier. Dans l\u2019intervalle, prenez bien soin de vous et les uns des autres.<\/p>\n<p>Cordialement,<\/p>\n<p><strong>Pam Isfeld<\/strong><br \/>\nPr\u00e9sidente<\/p>\n","protected":false},"excerpt":{"rendered":"<p>Chers membres, Bonne et heureuse ann\u00e9e 2023\u00a0! J\u2019esp\u00e8re que vous avez tous et toutes r\u00e9ussi \u00e0 prendre un peu de repos bien m\u00e9rit\u00e9 et \u00e0 passer du temps de qualit\u00e9 avec proches et amis. Au retour de la pause des f\u00eates, je crois que le moment est propice pour vous communiquer les \u00e9ch\u00e9anciers concernant certains [&hellip;]<\/p>\n","protected":false},"author":1,"featured_media":0,"comment_status":"closed","ping_status":"closed","sticky":false,"template":"","format":"standard","meta":{"_acf_changed":false,"_seopress_robots_primary_cat":"","_seopress_titles_title":"","_seopress_titles_desc":"","_seopress_robots_index":"","footnotes":""},"categories":[41],"tags":[],"class_list":["post-4189","post","type-post","status-publish","format-standard","hentry","category-mise-a-jour-de-la-presidente"],"acf":[],"_links":{"self":[{"href":"https:\/\/pafso.com\/fr\/wp-json\/wp\/v2\/posts\/4189","targetHints":{"allow":["GET"]}}],"collection":[{"href":"https:\/\/pafso.com\/fr\/wp-json\/wp\/v2\/posts"}],"about":[{"href":"https:\/\/pafso.com\/fr\/wp-json\/wp\/v2\/types\/post"}],"author":[{"embeddable":true,"href":"https:\/\/pafso.com\/fr\/wp-json\/wp\/v2\/users\/1"}],"replies":[{"embeddable":true,"href":"https:\/\/pafso.com\/fr\/wp-json\/wp\/v2\/comments?post=4189"}],"version-history":[{"count":1,"href":"https:\/\/pafso.com\/fr\/wp-json\/wp\/v2\/posts\/4189\/revisions"}],"predecessor-version":[{"id":4349,"href":"https:\/\/pafso.com\/fr\/wp-json\/wp\/v2\/posts\/4189\/revisions\/4349"}],"wp:attachment":[{"href":"https:\/\/pafso.com\/fr\/wp-json\/wp\/v2\/media?parent=4189"}],"wp:term":[{"taxonomy":"category","embeddable":true,"href":"https:\/\/pafso.com\/fr\/wp-json\/wp\/v2\/categories?post=4189"},{"taxonomy":"post_tag","embeddable":true,"href":"https:\/\/pafso.com\/fr\/wp-json\/wp\/v2\/tags?post=4189"}],"curies":[{"name":"wp","href":"https:\/\/api.w.org\/{rel}","templated":true}]}}