{"id":4187,"date":"2022-12-02T16:18:42","date_gmt":"2022-12-02T16:18:42","guid":{"rendered":"https:\/\/pafso.aponiawebsolutions.ca\/non-classifiee\/mise-a-jour-de-la-presidente-de-lapase-pour-le-2-decembre-2022\/"},"modified":"2023-08-23T20:24:00","modified_gmt":"2023-08-23T20:24:00","slug":"mise-a-jour-de-la-presidente-de-lapase-pour-le-2-decembre-2022","status":"publish","type":"post","link":"https:\/\/pafso.com\/fr\/mise-a-jour-de-la-presidente\/mise-a-jour-de-la-presidente-de-lapase-pour-le-2-decembre-2022\/","title":{"rendered":"Mise \u00e0 jour de la pr\u00e9sidente de l\u2019APASE pour le 2 d\u00e9cembre 2022"},"content":{"rendered":"<p>Chers membres,<\/p>\n<p>D\u00e9j\u00e0 d\u00e9cembre ! Comme nous nous appr\u00eatons \u00e0 conclure l\u2019ann\u00e9e, nous en profitons pour faire une r\u00e9trospective de nos accomplissements et nous tourner vers l\u2019avenir. Dans l\u2019intervalle, je veux faire avec vous le point sur quelques d\u00e9veloppements survenus au cours des deux derni\u00e8res semaines.<\/p>\n<p><strong>N\u00e9gociations en vue de la nouvelle convention collective<\/strong><br \/>\nComme je l\u2019ai mentionn\u00e9 dans mon dernier message, notre \u00e9quipe de n\u00e9gociation s\u2019est de nouveau pr\u00e9sent\u00e9e \u00e0 la table pour trois jour la semaine derni\u00e8re. Les deux parties ont alors \u00e9chang\u00e9 un certain nombre de contre-propositions. Les choses ont progress\u00e9, mais il faut dire que les points les plus importants, par exemple nos revendications \u00e9conomiques, ne seront pr\u00e9sent\u00e9es qu\u2019\u00e0 la prochaine rencontre des parties, le 18 janvier. Paul Raven, notre n\u00e9gociateur principal, nous signale que, m\u00eame si les progr\u00e8s de la semaine derni\u00e8re peuvent sembler minimes, il garde bon espoir que le rythme s\u2019acc\u00e9l\u00e9rera au cours des prochains mois. Comme toujours, je ne manquerai pas de vous tenir au courant des d\u00e9veloppements au fur et \u00e0 mesure.<\/p>\n<p><strong>Examen cyclique des DSE<\/strong><br \/>\nLa semaine derni\u00e8re, le Conseil national mixte a annonc\u00e9 que la date limite de proposition de modifications aux DSE \u00e9tait report\u00e9e d\u2019avril \u00e0 ao\u00fbt, l\u2019ann\u00e9e prochaine. Nous disposerons ainsi de quelques mois de plus pour mieux nous pr\u00e9parer \u00e0 l\u2019examen. Un tr\u00e8s important volet de nos pr\u00e9paratifs \u00e0 cette fin consistera \u00e0 communiquer avec vous pour savoir, d\u2019apr\u00e8s vous, quelles modifications il faudrait apporter aux DSE afin que celles-ci desservent mieux la collectivit\u00e9 FS. Au d\u00e9but de la nouvelle ann\u00e9e, nous vous enverrons un sondage \u2013 r\u00e9dig\u00e9 avec l\u2019apport de vos coll\u00e8gues du comit\u00e9 consultatif \u2013 pour que vous puissiez avoir votre mot \u00e0 dire sur la question.<\/p>\n<p><strong>Bourse Deborah-Chatsis d\u2019AMBCANADA\/l\u2019APASE en affaires \u00e9trang\u00e8res<br \/>\n\u00e0 l\u2019Universit\u00e9 Carleton\u00a0pour \u00e9tudiant.e.s autochtones : Mardi je donne<\/strong><br \/>\nJe suis heureuse de vous informer que les contributions \u00e0 la\u00a0Bourse Deborah-Chatsis d\u2019AMBCANADA\/l\u2019APASE en affaires \u00e9trang\u00e8res pour \u00e9tudiant.e.s autochtones<strong>,<\/strong>\u00a0lors du plus r\u00e9cent \u00ab\u00a0Mardi je donne\u00a0\u00bb, ont fait de l\u2019activit\u00e9 un retentissant succ\u00e8s. Le fonds a d\u00e9pass\u00e9 de loin son objectif de\u00a02000\u00a0$, s\u2019\u00e9tablissant \u00e0 tout juste un peu plus de 11\u00a0500\u00a0$ au moment d\u2019\u00e9crire ces lignes. Un grand merci \u00e0 tous ceux et celles qui ont contribu\u00e9 \u00e0 cette importante initiative.<\/p>\n<p><strong>Premi\u00e8re de<em>\u00a0The Treaty\u00a0<\/em><\/strong><br \/>\nJe tiens \u00e0 vous rappeler que lundi prochain, 5 d\u00e9cembre, marquera le\u00a025<sup>e<\/sup>\u00a0anniversaire du Trait\u00e9 d\u2019Ottawa sur l\u2019interdiction des mines antipersonnel. Pour l\u2019occasion, Mines Action Canada et la Norman Patterson School of International affairs seront les h\u00f4tes de la premi\u00e8re du documentaire de Richard Fitoussi,\u00a0<em>The Treaty<\/em>, une chronique de l\u2019audacieux pari diplomatique auquel ont particip\u00e9 de nombreux membres de l\u2019APASE et qui a rassembl\u00e9 les gouvernements et la soci\u00e9t\u00e9 civile dans un mouvement mondial visant \u00e0 mettre fin \u00e0 ce fl\u00e9au. Joignez-vous \u00e0 l&rsquo;h\u00f4te Evan Solomon et \u00e0 l&rsquo;ancien ministre des Affaires \u00e9trang\u00e8res Lloyd Axworthy pour cet \u00e9v\u00e9nement tr\u00e8s sp\u00e9cial \u00e0 l&rsquo;Universit\u00e9 Carleton le lundi 5 d\u00e9cembre \u00e0 18 h.\u00a0<a href=\"https:\/\/canadianlandmine.org\/the-treaty\/\" data-cke-saved-href=\"https:\/\/canadianlandmine.org\/the-treaty\/\">Cliquez ici<\/a>\u00a0pour les billets et plus d&rsquo;informations. Les recettes de la vente de billets seront vers\u00e9es aux fins du d\u00e9minage de l\u2019Ukraine.<\/p>\n<p>Comme toujours, si vous avez des pr\u00e9occupations au sujet de votre situation au travail, n\u2019h\u00e9sitez pas \u00e0 communiquer avec notre directeur g\u00e9n\u00e9ral,\u00a0<a href=\"mailto:bertrand.myre@pafso.com\" data-cke-saved-href=\"mailto:bertrand.myre@pafso.com\">Bertrand Myre<\/a>. Exposez-lui en d\u00e9tail votre cas et il\u00a0s\u2019empressera de vous mettre en contact avec l\u2019un ou l\u2019autre de nos conseillers en relations de travail. Pour toute autre question, il suffit d\u2019envoyer un courriel \u00e0\u00a0<a href=\"mailto:info@pafso-apase.com\" data-cke-saved-href=\"mailto:info@pafso.com\">info@pafso-apase.com<\/a>\u00a0en tout temps, et quelqu\u2019un communiquera rapidement avec vous.\u00a0Je vous \u00e9crirai une autre fois avant les f\u00eates, le 16 d\u00e9cembre.\u00a0D\u2019ici l\u00e0, prenez bien soin de vous et les uns des autres.<\/p>\n<p>Cordialement,<\/p>\n<p><strong>Pam Isfeld<\/strong><br \/>\nPr\u00e9sidente<\/p>\n","protected":false},"excerpt":{"rendered":"<p>Chers membres, D\u00e9j\u00e0 d\u00e9cembre ! Comme nous nous appr\u00eatons \u00e0 conclure l\u2019ann\u00e9e, nous en profitons pour faire une r\u00e9trospective de nos accomplissements et nous tourner vers l\u2019avenir. Dans l\u2019intervalle, je veux faire avec vous le point sur quelques d\u00e9veloppements survenus au cours des deux derni\u00e8res semaines. N\u00e9gociations en vue de la nouvelle convention collective Comme [&hellip;]<\/p>\n","protected":false},"author":1,"featured_media":0,"comment_status":"closed","ping_status":"closed","sticky":false,"template":"","format":"standard","meta":{"_acf_changed":false,"_seopress_robots_primary_cat":"","_seopress_titles_title":"","_seopress_titles_desc":"","_seopress_robots_index":"","footnotes":""},"categories":[41],"tags":[],"class_list":["post-4187","post","type-post","status-publish","format-standard","hentry","category-mise-a-jour-de-la-presidente"],"acf":[],"_links":{"self":[{"href":"https:\/\/pafso.com\/fr\/wp-json\/wp\/v2\/posts\/4187","targetHints":{"allow":["GET"]}}],"collection":[{"href":"https:\/\/pafso.com\/fr\/wp-json\/wp\/v2\/posts"}],"about":[{"href":"https:\/\/pafso.com\/fr\/wp-json\/wp\/v2\/types\/post"}],"author":[{"embeddable":true,"href":"https:\/\/pafso.com\/fr\/wp-json\/wp\/v2\/users\/1"}],"replies":[{"embeddable":true,"href":"https:\/\/pafso.com\/fr\/wp-json\/wp\/v2\/comments?post=4187"}],"version-history":[{"count":1,"href":"https:\/\/pafso.com\/fr\/wp-json\/wp\/v2\/posts\/4187\/revisions"}],"predecessor-version":[{"id":4351,"href":"https:\/\/pafso.com\/fr\/wp-json\/wp\/v2\/posts\/4187\/revisions\/4351"}],"wp:attachment":[{"href":"https:\/\/pafso.com\/fr\/wp-json\/wp\/v2\/media?parent=4187"}],"wp:term":[{"taxonomy":"category","embeddable":true,"href":"https:\/\/pafso.com\/fr\/wp-json\/wp\/v2\/categories?post=4187"},{"taxonomy":"post_tag","embeddable":true,"href":"https:\/\/pafso.com\/fr\/wp-json\/wp\/v2\/tags?post=4187"}],"curies":[{"name":"wp","href":"https:\/\/api.w.org\/{rel}","templated":true}]}}