{"id":4183,"date":"2022-10-24T22:42:10","date_gmt":"2022-10-24T22:42:10","guid":{"rendered":"https:\/\/pafso.aponiawebsolutions.ca\/non-classifiee\/lapase-devoile-le-nom-du-laureat-du-prix-commemoratif-randy-orr-pour-2022\/"},"modified":"2023-08-23T20:24:01","modified_gmt":"2023-08-23T20:24:01","slug":"lapase-devoile-le-nom-du-laureat-du-prix-commemoratif-randy-orr-pour-2022","status":"publish","type":"post","link":"https:\/\/pafso.com\/fr\/non-classifiee\/lapase-devoile-le-nom-du-laureat-du-prix-commemoratif-randy-orr-pour-2022\/","title":{"rendered":"L\u2019APASE d\u00e9voile le nom de la laur\u00e9ate du Prix comm\u00e9moratif Randy-Orr pour 2022"},"content":{"rendered":"<p style=\"font-weight: 400;\">L\u2019Association professionnelle des agents du Service ext\u00e9rieur (l\u2019APASE) est heureuse de d\u00e9voiler le nom du laur\u00e9at du premier Prix comm\u00e9moratif Randy-Orr annuel. Ce prix institu\u00e9 en m\u00e9moire de notre coll\u00e8gue du Comit\u00e9 ex\u00e9cutif aux longs \u00e9tats de service d\u00e9c\u00e9d\u00e9 le 15 septembre 2021 souligne le b\u00e9n\u00e9volat et l\u2019engagement exceptionnel de nos membres, de leurs familles ou d\u2019autres coll\u00e8gues qui ont contribu\u00e9 \u00e0 am\u00e9liorer la vie de ceux et celles qui sont au service du Canada \u00e0 l\u2019\u00e9tranger.<\/p>\n<p style=\"font-weight: 400;\">La p\u00e9riode de mise en candidature a d\u00e9but\u00e9 \u00e0 la fin de juillet. Au cours des mois qui ont suivi, le C0mit\u00e9 des candidatures a re\u00e7u plusieurs candidatures exceptionnelles. Apr\u00e8s m\u00fbre r\u00e9flexion, le comit\u00e9 a arr\u00eat\u00e9 son choix.<\/p>\n<p style=\"font-weight: 400;\">Le Prix comm\u00e9moratif Randy-Orr pour 2022 est d\u00e9cern\u00e9 \u00e0 C.J. Scott. D\u00e9l\u00e9gu\u00e9e commerciale actuellement affect\u00e9e au consulat du Canada \u00e0 Barcelone, C.J. s\u2019est fait un devoir d\u2019\u00e9tablir des groupes d\u2019\u00e9tude, des r\u00e9seaux de mentorat et des s\u00e9ances d\u2019information destin\u00e9s \u00e0 aider ses coll\u00e8gues \u00e0 progresser et \u00e0 exceller dans leurs carri\u00e8res. C.J. a aussi apport\u00e9 de pr\u00e9cieuses contributions au-del\u00e0 du perfectionnement professionnel, notamment par son travail \u00e0 titre de championne de la diversit\u00e9, de l\u2019\u00e9quit\u00e9 et de l\u2019inclusion pour le compte de l\u2019APASE et de co-pr\u00e9sidente du R\u00e9seau des employ\u00e9s Noirs \u00e0 Affaires mondiales Canada, sans compter ses efforts inlassables pour faire en sorte que tous et toutes ses coll\u00e8gues FS puissent travailler dans un milieu de travail juste et \u00e9quitable, sans discrimination et harc\u00e8lement. Pour son d\u00e9vouement d\u00e9sint\u00e9ress\u00e9 \u00e0 l\u2019\u00e9gard de ses coll\u00e8gues et de la grande collectivit\u00e9 du service ext\u00e9rieur, C.J. Scott se voit d\u00e9cerner le Prix comm\u00e9moratif Randy-Orr pour 2022. Le prix et les 1000\u00a0$ qui l\u2019accompagnent lui seront pr\u00e9sent\u00e9s lors de la 57<sup>e<\/sup> assembl\u00e9e g\u00e9n\u00e9rale annuelle de l\u2019APASE, le 24 octobre 2022.<\/p>\n<p style=\"font-weight: 400;\">Compte tenu du nombre de candidatures qu\u2019il a re\u00e7ues, le comit\u00e9 a d\u00e9cid\u00e9 d\u2019octroyer deux mentions honorables \u00e0 des candidats ou candidates qui ont eux aussi apport\u00e9 d\u2019importantes contributions \u00e0 leurs coll\u00e8gues FS et \u00e0 la grande famille de la diplomatie canadienne.<\/p>\n<p style=\"font-weight: 400;\">La premi\u00e8re mention honorable, qui s\u2019accompagne d\u2019un prix de 200\u00a0$, est d\u00e9cern\u00e9e \u00e0 Tammy Ames. Depuis pr\u00e8s d\u2019une d\u00e9cennie, Tammy consacre beaucoup de son temps \u00e0 agir en qualit\u00e9 de mod\u00e9ratrice b\u00e9n\u00e9vole pour la page Facebook sans caract\u00e8re officiel du groupe FS. Tammy si\u00e8ge au conseil de r\u00e9daction de <strong>bout de papier<\/strong> et elle est \u00e9galement directrice des Communications b\u00e9n\u00e9vole et membre du Comit\u00e9 ex\u00e9cutif de l\u2019APASE.<\/p>\n<p style=\"font-weight: 400;\">La deuxi\u00e8me mention honorable est remise \u00e0 Camilo Uribe. Camilo a entrepris sa carri\u00e8re comme employ\u00e9 recrut\u00e9 sur place \u00e0 l\u2019ambassade du Canada \u00e0 Bogot\u00e1 (Colombie), ou il a rencontr\u00e9 son \u00e9pouse, membre du service ext\u00e9rieur du Canada. Depuis, Camillo a pris l\u2019initiative d\u2019agir en qualit\u00e9 de coordonnateur communautaire de tous les nouveaux employ\u00e9s canadiens, en organisant des rencontres sociales, en cr\u00e9ant un sentiment d\u2019appartenance et en aidant \u00e0 faire le pont entre les employ\u00e9s recrut\u00e9s au Canada et la culture locale.<\/p>\n<p><span style=\"font-weight: 400;\">Le comit\u00e9 tient \u00e0 remercier tous ceux et celles qui se sont donn\u00e9 la peine de pr\u00e9senter ou d\u2019appuyer la candidature d\u2019un ou d\u2019une coll\u00e8gue. Ses membres sont<\/span><span style=\"font-weight: 400;\"> extr\u00eamement heureux de l\u2019enthousiasme et de l\u2019int\u00e9r\u00eat que la premi\u00e8re remise du Prix comm\u00e9moratif Randy-Orr a suscit\u00e9s et ils ont d\u00e9j\u00e0 h\u00e2te \u00e0<\/span><span style=\"font-weight: 400;\"> 2023. <\/span><\/p>\n","protected":false},"excerpt":{"rendered":"<p>L\u2019Association professionnelle des agents du Service ext\u00e9rieur (l\u2019APASE) est heureuse de d\u00e9voiler le nom du laur\u00e9at du premier Prix comm\u00e9moratif Randy-Orr annuel. Ce prix institu\u00e9 en m\u00e9moire de notre coll\u00e8gue du Comit\u00e9 ex\u00e9cutif aux longs \u00e9tats de service d\u00e9c\u00e9d\u00e9 le 15 septembre 2021 souligne le b\u00e9n\u00e9volat et l\u2019engagement exceptionnel de nos membres, de leurs familles [&hellip;]<\/p>\n","protected":false},"author":1,"featured_media":0,"comment_status":"closed","ping_status":"closed","sticky":false,"template":"","format":"standard","meta":{"_acf_changed":false,"_seopress_robots_primary_cat":"","_seopress_titles_title":"","_seopress_titles_desc":"","_seopress_robots_index":"","footnotes":""},"categories":[31],"tags":[],"class_list":["post-4183","post","type-post","status-publish","format-standard","hentry","category-non-classifiee"],"acf":[],"_links":{"self":[{"href":"https:\/\/pafso.com\/fr\/wp-json\/wp\/v2\/posts\/4183","targetHints":{"allow":["GET"]}}],"collection":[{"href":"https:\/\/pafso.com\/fr\/wp-json\/wp\/v2\/posts"}],"about":[{"href":"https:\/\/pafso.com\/fr\/wp-json\/wp\/v2\/types\/post"}],"author":[{"embeddable":true,"href":"https:\/\/pafso.com\/fr\/wp-json\/wp\/v2\/users\/1"}],"replies":[{"embeddable":true,"href":"https:\/\/pafso.com\/fr\/wp-json\/wp\/v2\/comments?post=4183"}],"version-history":[{"count":1,"href":"https:\/\/pafso.com\/fr\/wp-json\/wp\/v2\/posts\/4183\/revisions"}],"predecessor-version":[{"id":4355,"href":"https:\/\/pafso.com\/fr\/wp-json\/wp\/v2\/posts\/4183\/revisions\/4355"}],"wp:attachment":[{"href":"https:\/\/pafso.com\/fr\/wp-json\/wp\/v2\/media?parent=4183"}],"wp:term":[{"taxonomy":"category","embeddable":true,"href":"https:\/\/pafso.com\/fr\/wp-json\/wp\/v2\/categories?post=4183"},{"taxonomy":"post_tag","embeddable":true,"href":"https:\/\/pafso.com\/fr\/wp-json\/wp\/v2\/tags?post=4183"}],"curies":[{"name":"wp","href":"https:\/\/api.w.org\/{rel}","templated":true}]}}