{"id":4181,"date":"2022-10-20T18:30:32","date_gmt":"2022-10-20T18:30:32","guid":{"rendered":"https:\/\/pafso.aponiawebsolutions.ca\/non-classifiee\/rappel-assemblee-generale-annuelle-2022-lundi-24-octobre\/"},"modified":"2023-08-23T20:24:01","modified_gmt":"2023-08-23T20:24:01","slug":"rappel-assemblee-generale-annuelle-2022-lundi-24-octobre","status":"publish","type":"post","link":"https:\/\/pafso.com\/fr\/non-classifiee\/rappel-assemblee-generale-annuelle-2022-lundi-24-octobre\/","title":{"rendered":"RAPPEL Assembl\u00e9e g\u00e9n\u00e9rale annuelle 2022, lundi 24 octobre"},"content":{"rendered":"<h1>RAPPEL<\/h1>\n<h3>ASSEMBL\u00c9E G\u00c9N\u00c9RALE ANNUELLE<br \/>\nLE LUNDI 24 OCTOBRE 2022, 16\u00a0h<\/h3>\n<h3>Pour y participer, envoyez un courriel \u00e0 <a href=\"mailto:agm-aga@pafso-apase.com\">agm-aga@pafso-apase.com<\/a><br \/>\nen donnant votre nom et votre minist\u00e8re.<\/h3>\n<p><strong>Veuillez noter :<\/strong>\u00a0<em>Tous les documents pertinents se trouvent <a href=\"https:\/\/pafso.com\/fr\/aga2022\/\">ici<\/a>.<\/em><\/p>\n<p>Une Assembl\u00e9e g\u00e9n\u00e9rale annuelle de l\u2019Association professionnelle des agents du Service ext\u00e9rieur se tiendra \u00e0 Ottawa\u00a0<strong>le lundi 24 octobre 2022<\/strong>\u00a0conform\u00e9ment \u00e0 l\u2019article 11 de la Constitution de l\u2019APASE. Encore une fois, \u00e9tant donn\u00e9 les circonstances de la pand\u00e9mie et afin de\u00a0promouvoir\u00a0la participation des members \u00e0 l\u2019\u00e9tranger, l\u2019assembl\u00e9e sera virtuelle et diffus\u00e9e en ligne.<\/p>\n<p><strong>LE COMIT\u00c9 EX\u00c9CUTIF DE L\u2019APASE<\/strong><br \/>\n<a href=\"mailto:info@pafso-apase.com\">info@pafso-apase.com<\/a><br \/>\nLe 15 juillet 2022<\/p>\n<p>\u00a0<\/p>\n","protected":false},"excerpt":{"rendered":"<p>RAPPEL ASSEMBL\u00c9E G\u00c9N\u00c9RALE ANNUELLE LE LUNDI 24 OCTOBRE 2022, 16\u00a0h Pour y participer, envoyez un courriel \u00e0 agm-aga@pafso-apase.com en donnant votre nom et votre minist\u00e8re. Veuillez noter :\u00a0Tous les documents pertinents se trouvent ici. Une Assembl\u00e9e g\u00e9n\u00e9rale annuelle de l\u2019Association professionnelle des agents du Service ext\u00e9rieur se tiendra \u00e0 Ottawa\u00a0le lundi 24 octobre 2022\u00a0conform\u00e9ment \u00e0 [&hellip;]<\/p>\n","protected":false},"author":1,"featured_media":0,"comment_status":"closed","ping_status":"closed","sticky":false,"template":"","format":"standard","meta":{"_acf_changed":false,"_seopress_robots_primary_cat":"","_seopress_titles_title":"","_seopress_titles_desc":"","_seopress_robots_index":"","footnotes":""},"categories":[31],"tags":[],"class_list":["post-4181","post","type-post","status-publish","format-standard","hentry","category-non-classifiee"],"acf":[],"_links":{"self":[{"href":"https:\/\/pafso.com\/fr\/wp-json\/wp\/v2\/posts\/4181","targetHints":{"allow":["GET"]}}],"collection":[{"href":"https:\/\/pafso.com\/fr\/wp-json\/wp\/v2\/posts"}],"about":[{"href":"https:\/\/pafso.com\/fr\/wp-json\/wp\/v2\/types\/post"}],"author":[{"embeddable":true,"href":"https:\/\/pafso.com\/fr\/wp-json\/wp\/v2\/users\/1"}],"replies":[{"embeddable":true,"href":"https:\/\/pafso.com\/fr\/wp-json\/wp\/v2\/comments?post=4181"}],"version-history":[{"count":1,"href":"https:\/\/pafso.com\/fr\/wp-json\/wp\/v2\/posts\/4181\/revisions"}],"predecessor-version":[{"id":4357,"href":"https:\/\/pafso.com\/fr\/wp-json\/wp\/v2\/posts\/4181\/revisions\/4357"}],"wp:attachment":[{"href":"https:\/\/pafso.com\/fr\/wp-json\/wp\/v2\/media?parent=4181"}],"wp:term":[{"taxonomy":"category","embeddable":true,"href":"https:\/\/pafso.com\/fr\/wp-json\/wp\/v2\/categories?post=4181"},{"taxonomy":"post_tag","embeddable":true,"href":"https:\/\/pafso.com\/fr\/wp-json\/wp\/v2\/tags?post=4181"}],"curies":[{"name":"wp","href":"https:\/\/api.w.org\/{rel}","templated":true}]}}