{"id":4180,"date":"2022-10-07T14:49:59","date_gmt":"2022-10-07T14:49:59","guid":{"rendered":"https:\/\/pafso.aponiawebsolutions.ca\/non-classifiee\/mise-a-jour-de-la-presidente-de-lapase-pour-le-7-octobre-2022\/"},"modified":"2023-08-23T20:24:01","modified_gmt":"2023-08-23T20:24:01","slug":"mise-a-jour-de-la-presidente-de-lapase-pour-le-7-octobre-2022","status":"publish","type":"post","link":"https:\/\/pafso.com\/fr\/mise-a-jour-de-la-presidente\/mise-a-jour-de-la-presidente-de-lapase-pour-le-7-octobre-2022\/","title":{"rendered":"Mise \u00e0 jour de la pr\u00e9sidente de l\u2019APASE pour le 7 octobre 2022"},"content":{"rendered":"<p style=\"font-weight: 400;\">Chers membres,<\/p>\n<p style=\"font-weight: 400;\">Le refroidissement des temp\u00e9ratures dans la RCN se fait ind\u00e9niablement sentir. L\u2019automne est \u00e0 nos portes et s\u2019accompagne du risque accru d\u2019encore une autre vague de COVID. Sant\u00e9 publique Ottawa signale que tous les indices de contr\u00f4le de la COVID-19 sont \u00e0 la hausse dans la r\u00e9gion. En outre, comme nous amor\u00e7ons la saison des maladies respiratoires et que nous passons de plus en plus de temps \u00e0 l\u2019int\u00e9rieur, il devient d\u2019autant plus important pour chacun et chacune de nous de respecter les mesures de protection qui nous ont permis de rester en sant\u00e9 jusqu\u2019ici\u00a0: limiter les contacts, porter le masque et rester \u00e0 jour pour ce qui est des vaccins de rappel.<\/p>\n<p style=\"font-weight: 400;\">Que nous nous retrouvions ou non aux prises avec une huiti\u00e8me vague, l\u2019automne reste une saison fort occup\u00e9e pour nous \u00e0 l\u2019APASE. Voici ce qui se passe \u00e0 l\u2019heure actuelle.<\/p>\n<p style=\"font-weight: 400;\"><strong>Assembl\u00e9e g\u00e9n\u00e9rale annuelle<br \/>\n<\/strong>Nous sommes \u00e0 peine \u00e0 deux semaines de notre <a href=\"https:\/\/pafso.com\/fr\/assemblee-generale-annuelle-2022\/\">57<sup>e<\/sup> assembl\u00e9e g\u00e9n\u00e9rale annuelle<\/a>. Je le r\u00e9p\u00e8te, l\u2019AGA est l\u2019occasion id\u00e9ale de vous engager davantage aupr\u00e8s de votre syndicat et association. Joignez-vous \u00e0 nous virtuellement le lundi 24 octobre, \u00e0 16h00, heure d\u2019Ottawa, pour faire le point sur les activit\u00e9s de l\u2019APASE, en apprendre davantage au sujet de la vision pour 2023 et avoir votre mot \u00e0 dire concernant les enjeux importants, notamment le budget. Pour y participer, il vous suffit d\u2019envoyer un courriel \u00e0 <a href=\"mailto:agm-aga@pafso-apase.com\">agm-aga@pafso-apase.com<\/a> en donnant votre nom et votre minist\u00e8re, et nous vous ajouterons \u00e0 notre liste de participants. Tous les participants recevront une invitation officielle \u00e0 l\u2019assembl\u00e9e au moyen du lien MS Teams. En pr\u00e9vision de l\u2019assembl\u00e9e, je vous invite \u00e0 consulter divers rapports pertinents portant sur les programmes et les initiatives de l\u2019APASE, nos \u00e9tats financiers audit\u00e9s ainsi que le budget de 2023 et l\u2019ordre du jour <a href=\"https:\/\/pafso.com\/fr\/aga2022\/\">via ce lien<\/a>. J\u2019esp\u00e8re que vous serez en mesure de vous joindre \u00e0 nous.<\/p>\n<p style=\"font-weight: 400;\"><strong>Semaine de l\u2019art de la profession<br \/>\n<\/strong>Le Comit\u00e9 professionnel est en voie de mettre la derni\u00e8re main au programme de notre deuxi\u00e8me semaine annuelle de l\u2019art de la profession. Tout au cours de la semaine de l\u2019AGA, nous tiendrons plusieurs tables rondes portant sur toute une gamme de th\u00e8mes allant de la collaboration avec les bureaux r\u00e9gionaux \u00e0 l\u2019\u00e9valuation et \u00e0 la gestion des difficult\u00e9s au sein d\u2019un service ext\u00e9rieur permutant, en passant par les complexit\u00e9s des missions desservant des pays multiples. Ces s\u00e9ances nous donneront l\u2019occasion de partager entre coll\u00e8gues les le\u00e7ons apprises, les pratiques exemplaires, les exp\u00e9riences personnelles et des conseils sur la fa\u00e7on d\u2019ex\u00e9cuter notre travail du mieux possible. Le programme de la semaine devrait \u00eatre d\u00e9finitif d\u2019ici peu; surveillez donc votre bo\u00eete de r\u00e9ception pour plus de d\u00e9tails.<\/p>\n<p style=\"font-weight: 400;\"><strong>N\u00e9gociations collectives et examen cyclique des DSE<br \/>\n<\/strong>Les n\u00e9gociations sont sur le point de d\u00e9buter \u00e0 la fin du mois. Notre n\u00e9gociateur principal, Paul Raven, rencontrera l\u2019employeur \u00e0 la table de n\u00e9gociation pour une premi\u00e8re s\u00e9ance de trois jours \u00e0 compter du 25 octobre. Nous vous tiendrons au courant des d\u00e9veloppements au fur et \u00e0 mesure.<\/p>\n<p style=\"font-weight: 400;\">En sa qualit\u00e9 de sp\u00e9cialiste des DSE, Paul se chargera \u00e9galement, pour notre compte, du prochain examen cyclique des Directives sur le service ext\u00e9rieur. Le Conseil national mixte vient tout juste de lancer un appel de propositions relatives \u00e0 cet examen et, ainsi, nous disposerons d\u2019une p\u00e9riode de six mois pour regrouper nos propositions de modifications aux DSE. Comme toujours, nous voulons que vous ayez votre mot \u00e0 dire tout au cours de ce processus. Dans les mois qui viennent, nous allons communiquer avec vous pour obtenir vos id\u00e9es et votre apport sur la fa\u00e7on dont on pourrait am\u00e9liorer les DSE de mani\u00e8re \u00e0 mieux servir la communaut\u00e9 FS. Si vous d\u00e9sirez participer, nous aurions aussi besoin de membres au sein du Comit\u00e9 interne des DSE de l\u2019APASE. Pour ce faire, veuillez envoyer un courriel \u00e0 notre si\u00e8ge social \u00e0 <a href=\"mailto:info@pafso.com\">info@pafso.com<\/a>.<\/p>\n<p style=\"font-weight: 400;\"><strong>Concours \u00e0 AMC<br \/>\n<\/strong>Les r\u00e9sultats du concours FS-03 et du prochain volet du concours EX-01 \u00e0 AMC ont \u00e9t\u00e9 annonc\u00e9s aux candidats au cours des deux derni\u00e8res semaines. Nous voulons f\u00e9liciter les candidats retenus, mais nous comprenons aussi que d\u2019autres pourraient ne pas \u00eatre satisfaits des r\u00e9sultats. Comme toujours, vous devriez dans un premier temps demander une discussion sans caract\u00e8re officiel de vos r\u00e9sultats et de votre \u00e9valuation. Si vous n\u2019\u00eates pas satisfait de l\u2019explication re\u00e7ue et que vous envisagiez de pr\u00e9senter une plainte au sujet de l\u2019un ou l\u2019autre des concours, nous vous recommandons de consulter la <a href=\"https:\/\/pafso.com\/fr\/faq-plaintes-de-dotation\/\">FAQ sur les plaintes de dotation<\/a> de l\u2019APASE afin d\u2019obtenir des renseignements sur les recours possibles.<\/p>\n<p style=\"font-weight: 400;\"><strong>Premi\u00e8re remise du prix comm\u00e9moratif Randy-Orr<\/strong><br \/>\nJe tiens \u00e0 remercier tous ceux et celles qui se sont donn\u00e9 la peine de pr\u00e9senter ou d\u2019appuyer la candidature d\u2019un ou d\u2019une coll\u00e8gue \u00e0 ce prix. Je suis extr\u00eamement heureuse de l\u2019enthousiasme et de l\u2019int\u00e9r\u00eat que la premi\u00e8re remise du prix comm\u00e9moratif Randy-Orr a suscit\u00e9s. Nous avons re\u00e7u d\u2019excellentes candidatures et nous annoncerons les noms du laur\u00e9at ou de la laur\u00e9ate de m\u00eame que de deux mentions honorables lors d\u2019une c\u00e9r\u00e9monie virtuelle qui suivra imm\u00e9diatement l\u2019AGA, le lundi 24 octobre. J\u2019esp\u00e8re que vous voudrez bien vous joindre \u00e0 nous pour souligner les contributions exceptionnelles de vos coll\u00e8gues.<\/p>\n<p style=\"font-weight: 400;\"><strong>Calendriers 2023 et bout de papier<br \/>\n<\/strong>Bon nombre d\u2019entre vous se demandent quand vous allez recevoir le plus r\u00e9cent num\u00e9ro de <strong>bout<\/strong>. Nous avons d\u00e9cid\u00e9 d\u2019attendre un peu avant de vous l\u2019envoyer parce que nous \u00e9tions sur le point de recevoir les calendriers de bureau 2023 de l\u2019APASE et que nous voulions faire d\u2019une pierre deux coups. Je suis ravie de vous dire que les calendriers sont maintenant arriv\u00e9s au si\u00e8ge social et que nous nous appr\u00eatons \u00e0 vous les envoyer, jumel\u00e9s au plus r\u00e9cent num\u00e9ro de <strong>bout de papier<\/strong>. Les deux vous parviendront d\u2019ici peu dans vos bo\u00eetes aux lettres. Si votre adresse physique a chang\u00e9, n\u2019oubliez pas d\u2019en <a href=\"mailto:info@pafso.com\">aviser le si\u00e8ge social<\/a> afin de ne pas rater l\u2019occasion. Pendant que vous attendez, vous pouvez toujours consulter quelques-uns des plus r\u00e9cents articles en ligne \u00e0 <a href=\"http:\/\/www.boutdepapier.ca\/\">boutdepapier.ca<\/a>.<\/p>\n<p style=\"font-weight: 400;\"><strong>Petit d\u00e9jeuner de l\u2019APASE le mardi 18 octobre \u00e0 09h00 : rencontre avec le nouveau directeur g\u00e9n\u00e9ral<br \/>\n<\/strong>Bertrand Myre, le nouveau directeur g\u00e9n\u00e9ral de l\u2019APASE, se joindra \u00e0 moi pour un petit d\u00e9jeuner virtuel le mardi 18 octobre \u00e0 09h00, heure d\u2019Ottawa. Bon nombre d\u2019entre vous connaissent Bert pour son travail au sein de notre \u00e9quipe des relations de travail, et il aura ainsi l\u2019occasion de discuter de son nouveau r\u00f4le et de sa vision pour l\u2019APASE. Nous aurons \u00e9galement la chance d\u2019examiner les points qui seront \u00e0 l\u2019ordre du jour de l\u2019AGA le 24 octobre et de r\u00e9pondre \u00e0 vos questions. Veuillez vous inscrire \u00e0 la s\u00e9ance <a href=\"https:\/\/us02web.zoom.us\/webinar\/register\/WN_AKxrDSoDR6CYExHmcGX5iQ\">ici<\/a>.<\/p>\n<p style=\"font-weight: 400;\">C\u2019est tout pour cette semaine. Comme toujours, si quelque chose survient d\u2019ici mon prochain message dans deux semaines, nous ne manquerons pas de vous le faire savoir. J\u2019esp\u00e8re que vous pourrez assister \u00e0 l\u2019AGA le 24. Encore une fois, il suffit d\u2019envoyer un courriel \u00e0 <a href=\"mailto:agm-aga@pafso-apase.com\">agm-aga@pafso-apase.com<\/a> en donnant votre nom et votre minist\u00e8re, et nous vous ajouterons \u00e0 notre liste de participants. Si vous avez des pr\u00e9occupations au sujet de votre situation au travail, n\u2019h\u00e9sitez pas \u00e0 communiquer avec notre nouveau directeur g\u00e9n\u00e9ral,\u00a0<a href=\"mailto:bertrand.myre@pafso.com\">Bertrand Myre<\/a>. Il\u00a0s\u2019empressera de vous mettre en contact avec l\u2019un ou l\u2019autre de nos conseillers en relations de travail. Pour toute autre question, il suffit d\u2019envoyer un courriel \u00e0\u00a0<a href=\"mailto:info@pafso.com\">info@pafso-apase.com<\/a>\u00a0en tout temps, et quelqu\u2019un communiquera rapidement avec vous.<\/p>\n<p style=\"font-weight: 400;\">Je vous reparle dans deux semaines. Dans l\u2019intervalle, j\u2019esp\u00e8re que ceux et celles qui c\u00e9l\u00e9breront l\u2019Action de gr\u00e2ces ce long week-end profiteront du cong\u00e9 en compagnie de proches et d\u2019amis. \u00c0 vous tous et toutes, prenez bien soin de vous et les uns des autres.<\/p>\n<p style=\"font-weight: 400;\">Cordialement,<\/p>\n<p style=\"font-weight: 400;\"><strong>Pam Isfeld|<br \/>\n<\/strong>Pr\u00e9sidente<\/p>\n","protected":false},"excerpt":{"rendered":"<p>Chers membres, Le refroidissement des temp\u00e9ratures dans la RCN se fait ind\u00e9niablement sentir. L\u2019automne est \u00e0 nos portes et s\u2019accompagne du risque accru d\u2019encore une autre vague de COVID. Sant\u00e9 publique Ottawa signale que tous les indices de contr\u00f4le de la COVID-19 sont \u00e0 la hausse dans la r\u00e9gion. En outre, comme nous amor\u00e7ons la [&hellip;]<\/p>\n","protected":false},"author":1,"featured_media":0,"comment_status":"closed","ping_status":"closed","sticky":false,"template":"","format":"standard","meta":{"_acf_changed":false,"_seopress_robots_primary_cat":"","_seopress_titles_title":"","_seopress_titles_desc":"","_seopress_robots_index":"","footnotes":""},"categories":[41],"tags":[],"class_list":["post-4180","post","type-post","status-publish","format-standard","hentry","category-mise-a-jour-de-la-presidente"],"acf":[],"_links":{"self":[{"href":"https:\/\/pafso.com\/fr\/wp-json\/wp\/v2\/posts\/4180","targetHints":{"allow":["GET"]}}],"collection":[{"href":"https:\/\/pafso.com\/fr\/wp-json\/wp\/v2\/posts"}],"about":[{"href":"https:\/\/pafso.com\/fr\/wp-json\/wp\/v2\/types\/post"}],"author":[{"embeddable":true,"href":"https:\/\/pafso.com\/fr\/wp-json\/wp\/v2\/users\/1"}],"replies":[{"embeddable":true,"href":"https:\/\/pafso.com\/fr\/wp-json\/wp\/v2\/comments?post=4180"}],"version-history":[{"count":1,"href":"https:\/\/pafso.com\/fr\/wp-json\/wp\/v2\/posts\/4180\/revisions"}],"predecessor-version":[{"id":4358,"href":"https:\/\/pafso.com\/fr\/wp-json\/wp\/v2\/posts\/4180\/revisions\/4358"}],"wp:attachment":[{"href":"https:\/\/pafso.com\/fr\/wp-json\/wp\/v2\/media?parent=4180"}],"wp:term":[{"taxonomy":"category","embeddable":true,"href":"https:\/\/pafso.com\/fr\/wp-json\/wp\/v2\/categories?post=4180"},{"taxonomy":"post_tag","embeddable":true,"href":"https:\/\/pafso.com\/fr\/wp-json\/wp\/v2\/tags?post=4180"}],"curies":[{"name":"wp","href":"https:\/\/api.w.org\/{rel}","templated":true}]}}