{"id":4176,"date":"2022-09-07T12:41:50","date_gmt":"2022-09-07T12:41:50","guid":{"rendered":"https:\/\/pafso.aponiawebsolutions.ca\/non-classifiee\/resultats-du-concours-de-photos-2022-de-lapase\/"},"modified":"2023-08-23T20:24:02","modified_gmt":"2023-08-23T20:24:02","slug":"resultats-du-concours-de-photos-2022-de-lapase","status":"publish","type":"post","link":"https:\/\/pafso.com\/fr\/non-classifiee\/resultats-du-concours-de-photos-2022-de-lapase\/","title":{"rendered":"R\u00e9sultats du concours de photos 2022 de l\u2019APASE"},"content":{"rendered":"<p>\u00a0<\/p>\n<figure id=\"attachment_9883\" aria-describedby=\"caption-attachment-9883\" style=\"width: 672px\" class=\"wp-caption aligncenter\"><img fetchpriority=\"high\" decoding=\"async\" class=\"wp-image-9883 size-full\" src=\"https:\/\/pafso.com\/wp-content\/uploads\/2022\/09\/Myriem_Belgharbi_Inpersonmeeting_Kazbegi_Georgia.jpg\" alt=\"\" width=\"672\" height=\"480\" \/><figcaption id=\"caption-attachment-9883\" class=\"wp-caption-text\">\u00ab R\u00e9union en personne, Kazbegi, G\u00e9orgie \u00bb par Myriem Belgharbi<\/figcaption><\/figure>\n<div>\n<p style=\"font-weight: 400;\">L\u2019Association professionnelle des agents du Service ext\u00e9rieur (APASE) est heureuse d\u2019annoncer les laur\u00e9ats du concours annuel de photos 2022 tenu plus t\u00f4t cette ann\u00e9e.<\/p>\n<p style=\"font-weight: 400;\">Le th\u00e8me du concours cette ann\u00e9e,\u00a0<strong>Renouvellement, <\/strong>a demand\u00e9 aux photographes de partager comment ils voyaient la vie red\u00e9marrer alors que les protocoles samitaires commen\u00e7aient \u00e0 se d\u00e9tendre dans une grande partie du monde. Apr\u00e8s deux ans de restrictions strictes, nos juges ont voulu voir comment le monde reprenait forme alors que nous commencions tous \u00e0 essayer de \u00ab vivre avec le virus \u00bb.<\/p>\n<p style=\"font-weight: 400;\">Le jury de cette ann\u00e9e a octroy\u00e9 le premier prix \u00e0 l\u2019\u0153uvre de Myriem Belgharbi, \u00ab R\u00e9union en personne, Kazbegi, G\u00e9orgie \u00bb.<\/p>\n<p style=\"font-weight: 400;\">\u00ab\u00a0J&rsquo;ai choisi cette photo parce qu&rsquo;elle me fait me sentir ancr\u00e9e et \u00e0 quel point il y a de la beaut\u00e9 dans la simplicit\u00e9\u00a0\u00bb, explique Myriem. \u00ab\u00a0Les bergers semblent \u00eatre en parfaite harmonie avec la nature et se fondent dans le paysage, cr\u00e9ant ainsi la composition parfaite.\u00a0\u00bb Nos juges \u00e9taient d\u2019accord.<\/p>\n<p style=\"font-weight: 400;\">Le deuxi\u00e8me prix a \u00e9t\u00e9 d\u00e9cern\u00e9 \u00e0 Erin Koenig pour sa photo intitul\u00e9e \u00ab Siempre Adelante, Lima, P\u00e9rou \u00bb. Et \u00ab Pr\u00eat pour l\u2019inconnu, Port of Spain, Trinit\u00e9-et-Tobago \u00bb, par Adrianna Kopczynska, a remport\u00e9 le troisi\u00e8me prix.<\/p>\n<p style=\"font-weight: 400;\">Les laur\u00e9ats du concours recevront chacun et chacune un certificat-cadeau de chez Henry\u2019s, un grand d\u00e9taillant canadien d\u2019\u00e9quipement photographique et \u00e9lectronique (150\u00a0$ pour le premier prix, 100\u00a0$ pour le deuxi\u00e8me prix et 50\u00a0$ pour le troisi\u00e8me prix).<\/p>\n<p style=\"font-weight: 400;\">Des mentions honorables ont \u00e9t\u00e9 d\u00e9cern\u00e9es \u00e0 Nicolas St-Pierre, Michael Creighton, Marie-Claire Lemay, Robin Wettlaufer, Remo Li Fraine, Gurvir Khosa, Gabrielle Dew et Laura Sparks.<\/p>\n<p style=\"font-weight: 400;\">Cette ann\u00e9e encore, les photos soumises serviront \u00e0 illustrer le calendrier de bureau 2023 pour les membres de l\u2019APASE.<\/p>\n<p style=\"font-weight: 400;\">F\u00e9licitations \u00e0 tous les laur\u00e9ats et aux r\u00e9cipiendaires des mentions honorables!<\/p>\n<p style=\"font-weight: 400;\"><strong>Le comit\u00e9 executif de l\u2019APASE<\/strong><\/p>\n<\/div>\n","protected":false},"excerpt":{"rendered":"<p>\u00a0 L\u2019Association professionnelle des agents du Service ext\u00e9rieur (APASE) est heureuse d\u2019annoncer les laur\u00e9ats du concours annuel de photos 2022 tenu plus t\u00f4t cette ann\u00e9e. Le th\u00e8me du concours cette ann\u00e9e,\u00a0Renouvellement, a demand\u00e9 aux photographes de partager comment ils voyaient la vie red\u00e9marrer alors que les protocoles samitaires commen\u00e7aient \u00e0 se d\u00e9tendre dans une grande [&hellip;]<\/p>\n","protected":false},"author":1,"featured_media":0,"comment_status":"closed","ping_status":"closed","sticky":false,"template":"","format":"standard","meta":{"_acf_changed":false,"_seopress_robots_primary_cat":"","_seopress_titles_title":"","_seopress_titles_desc":"","_seopress_robots_index":"","footnotes":""},"categories":[31],"tags":[],"class_list":["post-4176","post","type-post","status-publish","format-standard","hentry","category-non-classifiee"],"acf":[],"_links":{"self":[{"href":"https:\/\/pafso.com\/fr\/wp-json\/wp\/v2\/posts\/4176","targetHints":{"allow":["GET"]}}],"collection":[{"href":"https:\/\/pafso.com\/fr\/wp-json\/wp\/v2\/posts"}],"about":[{"href":"https:\/\/pafso.com\/fr\/wp-json\/wp\/v2\/types\/post"}],"author":[{"embeddable":true,"href":"https:\/\/pafso.com\/fr\/wp-json\/wp\/v2\/users\/1"}],"replies":[{"embeddable":true,"href":"https:\/\/pafso.com\/fr\/wp-json\/wp\/v2\/comments?post=4176"}],"version-history":[{"count":1,"href":"https:\/\/pafso.com\/fr\/wp-json\/wp\/v2\/posts\/4176\/revisions"}],"predecessor-version":[{"id":4362,"href":"https:\/\/pafso.com\/fr\/wp-json\/wp\/v2\/posts\/4176\/revisions\/4362"}],"wp:attachment":[{"href":"https:\/\/pafso.com\/fr\/wp-json\/wp\/v2\/media?parent=4176"}],"wp:term":[{"taxonomy":"category","embeddable":true,"href":"https:\/\/pafso.com\/fr\/wp-json\/wp\/v2\/categories?post=4176"},{"taxonomy":"post_tag","embeddable":true,"href":"https:\/\/pafso.com\/fr\/wp-json\/wp\/v2\/tags?post=4176"}],"curies":[{"name":"wp","href":"https:\/\/api.w.org\/{rel}","templated":true}]}}