{"id":4170,"date":"2022-06-17T14:48:38","date_gmt":"2022-06-17T14:48:38","guid":{"rendered":"https:\/\/pafso.aponiawebsolutions.ca\/non-classifiee\/mise-a-jour-de-la-presidente-de-lapase-pour-le-17-juin-2022\/"},"modified":"2023-08-23T20:24:04","modified_gmt":"2023-08-23T20:24:04","slug":"mise-a-jour-de-la-presidente-de-lapase-pour-le-17-juin-2022","status":"publish","type":"post","link":"https:\/\/pafso.com\/fr\/mise-a-jour-de-la-presidente\/mise-a-jour-de-la-presidente-de-lapase-pour-le-17-juin-2022\/","title":{"rendered":"Mise \u00e0 jour de la pr\u00e9sidente de l\u2019APASE pour le 17 juin 2022"},"content":{"rendered":"<p style=\"font-weight: 400;\">Chers membres,<\/p>\n<p style=\"font-weight: 400;\">La chaleur s\u2019est enfin invit\u00e9e dans la r\u00e9gion de la capitale nationale. La p\u00e9riode de vacances estivales est \u00e0 nos portes, et j\u2019esp\u00e8re que vous aurez tous et toutes l\u2019occasion de vous d\u00e9tendre et de refaire le plein d\u2019\u00e9nergie. Pour ma part, j\u2019ai l\u2019intention de m\u2019accorder un peu de repos bient\u00f4t. Mais, d\u2019ici l\u00e0, il reste encore beaucoup de pain sur la planche \u00e0 l\u2019APASE.<\/p>\n<p style=\"font-weight: 400;\">Vous \u00eates tous et toutes sans doute d\u00e9j\u00e0 au courant que, lundi, le gouvernement f\u00e9d\u00e9ral a annonc\u00e9 qu\u2019il suspendait les vaccinations obligatoires pour les fonctionnaires. \u00c0 compter du 20\u00a0juin, la vaccination compl\u00e8te, d\u00e9finie comme \u00e9tant deux doses d\u2019un vaccin approuv\u00e9 contre la COVID-19, n\u2019est plus une condition d\u2019emploi pour tous les fonctionnaires f\u00e9d\u00e9raux. L\u2019employeur a aussi d\u00e9clar\u00e9 que les employ\u00e9s qui ont \u00e9t\u00e9 plac\u00e9s en cong\u00e9 non pay\u00e9 \u00e0 cause de l\u2019\u00e9tat de leur vaccination peuvent rentrer au travail d\u00e8s lundi prochain. Il a clairement soulign\u00e9 que, si la situation sanitaire l\u2019exige, il se r\u00e9serve le droit de r\u00e9tablir les obligations.<\/p>\n<p style=\"font-weight: 400;\">Bien que nous soyons heureux de voir lever ces obligations, nous ne pouvons pas fermer les yeux sur le fait qu\u2019encore une fois, cette d\u00e9cision a \u00e9t\u00e9 prise sans v\u00e9ritable consultation avec les agents n\u00e9gociateurs et en donnant tr\u00e8s peu de d\u00e9tails sur le plan de mise en \u0153uvre. Malgr\u00e9 cet heureux changement de politique, l\u2019APASE soutient toujours que les vaccins contre la COVID\u201119 sont un important outil pour nous prot\u00e9ger contre une grave maladie. Nous recommandons fortement \u00e0 nos membres de continuer \u00e0 suivre les plus r\u00e9centes lignes directrices de Sant\u00e9 Canada et des autorit\u00e9s de la sant\u00e9 publique dans leurs administrations locales.<\/p>\n<p style=\"font-weight: 400;\">L\u2019employeur a promis des d\u00e9tails compl\u00e9mentaires sur la question d\u2019ici quelques jours. Entre-temps, nous sommes pr\u00e9occup\u00e9s par la question de savoir exactement comment et quand les membres plac\u00e9s en cong\u00e9 non pay\u00e9 reviendront progressivement au travail. Comme toujours, nous surveillons de pr\u00e8s cette affaire et nous vous tiendrons au courant des d\u00e9veloppements au fur et \u00e0 mesure qu\u2019ils se produiront. Dans l\u2019intervalle, si ces mesures vous touchent et vous estimez que votre retour au travail s\u2019effectue de mani\u00e8re dangereuse ou discriminatoire, veuillez <a href=\"mailto:info@pafso.com\">communiquer avec notre si\u00e8ge social<\/a> pour obtenir de l\u2019aide.<\/p>\n<p style=\"font-weight: 400;\">Comme je l\u2019ai mentionn\u00e9 la derni\u00e8re fois, nous esp\u00e9rons que d\u2019importantes am\u00e9liorations ont \u00e9t\u00e9 apport\u00e9es au processus d\u2019affectation afin qu\u2019il n\u2019y ait pas r\u00e9cidive des probl\u00e8mes qui se sont pos\u00e9s l\u2019ann\u00e9e derni\u00e8re. Veuillez nous faire part de tout probl\u00e8me ou de toute difficult\u00e9 que votre processus de r\u00e9installations pourrait vous occasionner. Notre \u00e9quipe de conseillers et de sp\u00e9cialistes en DSE est l\u00e0 pour vous fournir toute l\u2019information, tous les conseils et toute l\u2019aide dont vous pourriez avoir besoin. Il suffit de <a href=\"mailto:info@pafso.com\">nous envoyer un courriel<\/a> en exposant votre situation, et quelqu\u2019un communiquera rapidement avec vous.<\/p>\n<p style=\"font-weight: 400;\">Par ailleurs, la s\u00e9rie de petits d\u00e9jeuners virtuels de l\u2019APASE se poursuit. Le prochain aura lieu le mardi 21 juin, \u00e0 09h00, heure d\u2019Ottawa. Jeremy Wallace, membre de l\u2019APASE et champion des langues officielles pour AMC, se joindra \u00e0 nous pour parler des enjeux linguistiques \u00e0 AMC et de sa vision pour son nouveau portefeuille. Vous pouvez vous inscrire \u00e0 la s\u00e9ance\u00a0<a href=\"https:\/\/us02web.zoom.us\/webinar\/register\/WN_ppI60oEQR023ZOX3k4UiLg\">ici<\/a>.<\/p>\n<p style=\"font-weight: 400;\">Je tiens aussi \u00e0 vous rappeler que l\u2019APASE a lanc\u00e9 son concours de photos 2022 il y a quelques semaines et que la p\u00e9riode d\u2019inscription est ouverte. Le concours prendra fin le vendredi 5\u00a0ao\u00fbt, et vous pouvez en consulter tous les d\u00e9tails en <a href=\"https:\/\/pafso.com\/2022-photo-contest-launch\/\">cliquant ici<\/a>.<\/p>\n<p style=\"font-weight: 400;\">Triste nouvellle, les deux derni\u00e8res semaines ont \u00e9t\u00e9 difficiles pour notre collectivit\u00e9 du service ext\u00e9rieur. Le 8 juin, nous avons perdu <a href=\"https:\/\/ottawacitizen.remembering.ca\/obituary\/ken-sunquist-1085427583\">Ken Sunquist<\/a>, ancien membre de l\u2019APASE, qui a servi dans plusieurs missions \u00e0 l\u2019\u00e9tranger, y compris \u00e0 titre d\u2019ambassadeur en Indon\u00e9sie et de d\u00e9l\u00e9gu\u00e9 commercial en chef et sous-ministre adjoint pour l\u2019Afrique et l\u2019Asie. Le lendemain d\u00e9c\u00e9dait <a href=\"https:\/\/thestarphoenix.remembering.ca\/obituary\/deborah-chatsis-1085453291\">Deborah Chatsis<\/a>, laur\u00e9ate d\u2019un prix de l\u2019APASE en 1998 et premi\u00e8re ambassadrice issue de la communaut\u00e9 des Premi\u00e8res Nations. Nous nous souviendrons de nos deux coll\u00e8gues pour leur d\u00e9vouement au Canada et leur g\u00e9n\u00e9reux mentorat aupr\u00e8s des jeunes agents du service ext\u00e9rieur. Ils nous manqueront \u00e9norm\u00e9ment<\/p>\n<p style=\"font-weight: 400;\">Enfin, n\u2019oubliez pas que nous sommes toujours l\u00e0 si vous avez des probl\u00e8mes ou des pr\u00e9occupations au sujet de votre situation particuli\u00e8re au travail. Quoi qu\u2019il arrive, n\u2019h\u00e9sitez pas \u00e0 envoyer un courriel \u00e0 notre directrice g\u00e9n\u00e9rale,\u00a0<a href=\"mailto:kim.coles@pafso.com\">Kim Coles<\/a>. Elle s\u2019empressera de vous mettre en contact avec l\u2019un ou l\u2019autre de nos conseillers en relations de travail. Pour toute autre question, il suffit d\u2019envoyer un courriel \u00e0\u00a0<a href=\"mailto:info@pafso.com\">info@pafso.com<\/a>\u00a0en tout temps, et quelqu\u2019un communiquera rapidement avec vous.<\/p>\n<p style=\"font-weight: 400;\">On dirait que l\u2019\u00e9t\u00e9 a pris une \u00e9ternit\u00e9 pour s\u2019installer. Que vous soyez dans la RCN, ou ailleurs o\u00f9 le beau temps se met enfin \u00e0 collaborer, profitez-en au maximum. Comme le 1<sup>er<\/sup> juillet tombe dans deux semaines et que mon prochain message ne vous parviendra que le 22 juillet, je souhaite \u00e0 tous nos membres une merveilleuse F\u00eate du Canada. J\u2019esp\u00e8re que vous aurez tous et toutes la chance de c\u00e9l\u00e9brer avec vos proches, o\u00f9 que vous vous trouviez dans le monde.<\/p>\n<p style=\"font-weight: 400;\">Je vous reviens \u00e0 la fin de juillet. Dans l\u2019intervalle, prenez bien soin de vous et les uns des autres.<\/p>\n<p style=\"font-weight: 400;\">Cordialement,<\/p>\n<p style=\"font-weight: 400;\"><strong>Pam Isfeld<br \/>\n<\/strong>Pr\u00e9sidente<\/p>\n<p style=\"font-weight: 400;\">\n","protected":false},"excerpt":{"rendered":"<p>Chers membres, La chaleur s\u2019est enfin invit\u00e9e dans la r\u00e9gion de la capitale nationale. La p\u00e9riode de vacances estivales est \u00e0 nos portes, et j\u2019esp\u00e8re que vous aurez tous et toutes l\u2019occasion de vous d\u00e9tendre et de refaire le plein d\u2019\u00e9nergie. Pour ma part, j\u2019ai l\u2019intention de m\u2019accorder un peu de repos bient\u00f4t. Mais, d\u2019ici [&hellip;]<\/p>\n","protected":false},"author":1,"featured_media":0,"comment_status":"closed","ping_status":"closed","sticky":false,"template":"","format":"standard","meta":{"_acf_changed":false,"_seopress_robots_primary_cat":"","_seopress_titles_title":"","_seopress_titles_desc":"","_seopress_robots_index":"","footnotes":""},"categories":[41],"tags":[],"class_list":["post-4170","post","type-post","status-publish","format-standard","hentry","category-mise-a-jour-de-la-presidente"],"acf":[],"_links":{"self":[{"href":"https:\/\/pafso.com\/fr\/wp-json\/wp\/v2\/posts\/4170","targetHints":{"allow":["GET"]}}],"collection":[{"href":"https:\/\/pafso.com\/fr\/wp-json\/wp\/v2\/posts"}],"about":[{"href":"https:\/\/pafso.com\/fr\/wp-json\/wp\/v2\/types\/post"}],"author":[{"embeddable":true,"href":"https:\/\/pafso.com\/fr\/wp-json\/wp\/v2\/users\/1"}],"replies":[{"embeddable":true,"href":"https:\/\/pafso.com\/fr\/wp-json\/wp\/v2\/comments?post=4170"}],"version-history":[{"count":1,"href":"https:\/\/pafso.com\/fr\/wp-json\/wp\/v2\/posts\/4170\/revisions"}],"predecessor-version":[{"id":4368,"href":"https:\/\/pafso.com\/fr\/wp-json\/wp\/v2\/posts\/4170\/revisions\/4368"}],"wp:attachment":[{"href":"https:\/\/pafso.com\/fr\/wp-json\/wp\/v2\/media?parent=4170"}],"wp:term":[{"taxonomy":"category","embeddable":true,"href":"https:\/\/pafso.com\/fr\/wp-json\/wp\/v2\/categories?post=4170"},{"taxonomy":"post_tag","embeddable":true,"href":"https:\/\/pafso.com\/fr\/wp-json\/wp\/v2\/tags?post=4170"}],"curies":[{"name":"wp","href":"https:\/\/api.w.org\/{rel}","templated":true}]}}