{"id":4161,"date":"2022-03-16T14:59:46","date_gmt":"2022-03-16T14:59:46","guid":{"rendered":"https:\/\/pafso.aponiawebsolutions.ca\/non-classifiee\/sommaire-des-resultats-du-sondage-triennal-de-2021\/"},"modified":"2023-08-23T20:24:06","modified_gmt":"2023-08-23T20:24:06","slug":"sommaire-des-resultats-du-sondage-triennal-de-2021","status":"publish","type":"post","link":"https:\/\/pafso.com\/fr\/non-classifiee\/sommaire-des-resultats-du-sondage-triennal-de-2021\/","title":{"rendered":"Sommaire des r\u00e9sultats du sondage triennal de 2021"},"content":{"rendered":"<p>Chers membres,<\/p>\n<p>Nous remercions tous ceux et celles qui se sont donn\u00e9 la peine de remplir le r\u00e9cent sondage exhaustif aupr\u00e8s de nos membres. Lanc\u00e9 le 12 novembre pour une dur\u00e9e d\u2019un mois, le sondage triennal de 2021 portait sur une vaste gamme de sujets allant de votre satisfaction au travail \u00e0 la r\u00e9action de l\u2019employeur \u00e0 la pand\u00e9mie et \u00e0 vos r\u00e9flexions sur l\u2019avenir, sans oublier une \u00e9valuation dans laquelle les programmes et les services de l\u2019APASE vous sont utiles. Les donn\u00e9es qui en r\u00e9sultent nous aideront dans nos d\u00e9cisions pour \u00e9tablir le plan d\u2019action de l\u2019Association \u00e0 court terme. Voici un instantan\u00e9 de ce que nous avons appris de vos r\u00e9ponses. Pour un examen plus approfondi des r\u00e9sultats du sondage, vous pouvez t\u00e9l\u00e9charger le\u00a0<a href=\"https:\/\/pafso.com\/wiki\/2021-triennial-survey-report-rapport-du-sondage-triennal-2021-en-anglais-seulement\/\">rapport int\u00e9gral<\/a>\u00a0(en anglais seulement)\u00a0de MonAPASE.<\/p>\n<p><strong>Votre poste actuel\u00a0<\/strong><br \/>\nLe plus r\u00e9cent sondage r\u00e9v\u00e8le que la composition g\u00e9n\u00e9rale de nos membres a peu chang\u00e9 depuis 2018, \u00e0 une exception notable pr\u00e8s, il va sans dire\u00a0: l\u2019ajout de la fili\u00e8re Aide internationale \u00e0 la famille FS.<\/p>\n<ul>\n<li>77 % des membres de l\u2019APASE sont \u00e0 l\u2019emploi d\u2019AMC.<\/li>\n<li>48 % sont en poste \u00e0 l\u2019\u00e9tranger et 52 %, dans la r\u00e9gion de la capitale nationale, quoiqu\u2019il y ait beaucoup plus de membres d\u2019IRCC \u00e0 l\u2019\u00e9tranger (68 %) et d\u2019agents de gestion et des affaires consulaires (60 %).<\/li>\n<li>En moyenne, 12 % des membres ont servi dans cinq missions difficiles (niveaux I-V) ou plus, comparativement \u00e0 27 % pour les FS d\u2019IRCC.<\/li>\n<li>Les membres de l\u2019APASE ayant un handicap sont pour la plupart affect\u00e9s ici \u00e0 Ottawa.<\/li>\n<li>32 % de nos membres occupent des postes par int\u00e9rim, mais la majorit\u00e9 des FS occupent des postes au niveau de titularisation.<\/li>\n<li>Le nombre moyen d\u2019ann\u00e9es de service de nos membres au sein de l\u2019administration publique f\u00e9d\u00e9rale s\u2019\u00e9tablit \u00e0 16,1 ans. Il s\u2019agit l\u00e0 d\u2019une l\u00e9g\u00e8re hausse par rapport \u00e0 2018 (14,4 ans).<\/li>\n<\/ul>\n<p><strong>Vos affectations<\/strong><br \/>\nNous n\u2019avons pas \u00e9t\u00e9 \u00e9tonn\u00e9s d\u2019apprendre que, pour la plupart des fonctionnaires \u00e0 AMC (et, \u00e0 un degr\u00e9 moindre, \u00e0 IRCC), le processus d\u2019affectation et les occasions d\u2019affectation continuent d\u2019\u00eatre une source de frustration.<\/p>\n<ul>\n<li>57 % de nos membres signalent avoir subi un traitement injuste de la part de l\u2019employeur. Il semble que ces cas soient plus fr\u00e9quents chez les membres de sexe f\u00e9minin.<\/li>\n<li>Selon les membres, l\u2019accompagnement des membres de la famille, l\u2019acc\u00e8s aux soins de sant\u00e9 et les possibilit\u00e9s scolaires des enfants sont les principaux facteurs influen\u00e7ant leur d\u00e9cision de pr\u00e9senter une demande d\u2019affectation.<\/li>\n<\/ul>\n<p><strong>Votre avenir<\/strong><br \/>\nDans l\u2019ensemble, la plupart des membres se d\u00e9clarent positifs concernant leur avenir dans le service ext\u00e9rieur.<\/p>\n<ul>\n<li>En 2021, un nombre l\u00e9g\u00e8rement plus \u00e9lev\u00e9 de membres se d\u00e9clarent g\u00e9n\u00e9ralement satisfaits de leur situation au travail qu\u2019il y a trois ans.<\/li>\n<li>Un plus grand nombre de membres signalent \u00eatre susceptibles de prendre leur retraite du service ext\u00e9rieur qu\u2019en 2018 : 47 % par rapport \u00e0 44 %.<\/li>\n<li>Le principal motif possible invoqu\u00e9 pour quitter le service ext\u00e9rieur est le fait de s\u2019estimer sous-\u00e9valu\u00e9 et d\u00e9moralis\u00e9, suivi d\u2019occasions restreintes d\u2019avancement professionnel.<\/li>\n<\/ul>\n<p><strong>Les donn\u00e9es d\u00e9mographiques<\/strong><br \/>\nAucun changement important \u00e0 la composition d\u00e9mographique de nos membres n\u2019est survenu entre 2018 et 2021.<\/p>\n<p>Bien que nos membres soient \u00e9galement r\u00e9partis entre hommes (44 %) et femmes (53 %), il existe des diff\u00e9rences importantes dans les r\u00e9ponses \u00e0 certaines questions. Par exemple, 82\u00a0% des femmes ont signal\u00e9 une charge de travail accrue en raison de la pand\u00e9mie contre 33\u00a0% des hommes\u00a0; les pr\u00e9occupations concernant l&rsquo;h\u00e9bergement des personnes \u00e0 charge handicap\u00e9es dans certaines missions (95 % de femmes et 70 % d&rsquo;hommes) ; et 32 % des femmes contre 53 % des hommes croient que l&#8217;employeur devrait pouvoir diriger les agents vers une affectation \u00e0 l&rsquo;\u00e9tranger, m\u00eame si l&rsquo;agent FS n&rsquo;a pas identifi\u00e9 l&rsquo;affectation dans ses pr\u00e9f\u00e9rences.<\/p>\n<ul>\n<li>La ventilation f\u00e9minine\/masculine est semblable \u00e0 celle de 2018, 53 % et 44 %.<\/li>\n<li>16 % des membres de l\u2019APASE d\u00e9clarent appartenir \u00e0 une minorit\u00e9 visible, tandis que 7 % d\u00e9clarent avoir un handicap et 10 %, \u00eatre membres de la collectivit\u00e9 LGBTQ+.<\/li>\n<\/ul>\n<p><strong>Les enjeux relatifs aux conjoints et partenaires en mati\u00e8re d\u2019emploi<\/strong><br \/>\nSans surprise, nos membres continuent de d\u00e9clarer qu\u2019il est toujours difficile pour leurs conjoints ou partenaires qui les accompagnent de trouver du travail \u2013 et, en particulier, du travail pertinent.<\/p>\n<ul>\n<li>12 % de nos membres d\u00e9clarent que leurs conjoints ou partenaires sont dispos\u00e9s \u00e0 trouver du travail \u00e0 la mission, mais qu\u2019ils en sont incapables. Et 22 % d\u00e9clarent que le travail que leurs conjoints ou partenaires ont trouv\u00e9 ne convenait pas \u00e0 leur domaine de comp\u00e9tence.<\/li>\n<\/ul>\n<p><strong>Votre lieu de travail et votre avancement professionnel\u00a0<\/strong><br \/>\nUn grand nombre de membres d\u00e9clarent estimer qu\u2019il existe peu de soutien pour la diversit\u00e9 au travail. Ceux et celles qui sont le plus en d\u00e9saccord sont ceux et celles qui s\u2019identifient comme appartenant \u00e0 des minorit\u00e9s visibles ou comme ayant un handicap.<br \/>\nL\u2019importance accord\u00e9e \u00e0 la conciliation travail-vie a augment\u00e9 pour nos membres depuis le sondage de 2018.<\/p>\n<ul>\n<li>69 % de nos membres sont d\u2019accord qu\u2019il existe du soutien pour la diversit\u00e9 au travail.<\/li>\n<li>Ce sont surtout ceux et celles qui s\u2019identifient comme appartenant \u00e0 des minorit\u00e9s visibles ou comme vivant avec un handicap qui sont le plus susceptibles d\u2019\u00eatre en d\u00e9saccord, 40 % et 56 % respectivement.<\/li>\n<li>Selon nos membres, les principaux facteurs qui nuisent \u00e0 leur avancement professionnel sont\u00a0: la ma\u00eetrise de la seconde langue officielle, leur sexe et leur situation familiale (37 %, 37 % et 36 %).<\/li>\n<li>71 % des membres d\u00e9clarent avoir travaill\u00e9 dans une mission insalubre, tandis que 75 % de ceux-ci d\u00e9clarent n\u2019avoir jamais \u00e9t\u00e9 inform\u00e9s des risques \u00e0 la mission.<\/li>\n<li>En 2021, beaucoup plus de membres ont d\u00e9clar\u00e9 avoir re\u00e7u un diagnostic de trouble psychologique (41 % c. 30 % en 2018). Cette augmentation pourrait \u00eatre attribuable \u00e0 deux facteurs. Le premier est le stress additionnel occasionn\u00e9 par la pand\u00e9mie de la COVID-19. Le second pourrait \u00eatre la plus grande ouverture aux probl\u00e8mes de sant\u00e9 mentale que nous constatons depuis quelques ann\u00e9es.<\/li>\n<\/ul>\n<p><strong>La COVID-19 et la pand\u00e9mie<\/strong><br \/>\nLa pand\u00e9mie reste un sujet de pr\u00e9occupation pour nos membres en 2021. Toutefois, la plupart se sont d\u00e9clar\u00e9s satisfaits de la r\u00e9action de l\u2019employeur. Il y a lieu de noter que ces donn\u00e9es sont ant\u00e9rieures \u00e0 la vague du variant Omicron plus contagieux, mais moins pathog\u00e8ne.<\/p>\n<ul>\n<li>72 % de nos membres se d\u00e9clarent satisfaits des protocoles relatifs \u00e0 la COVID-19 que l\u2019employeur a mis en place au travail.<\/li>\n<li>65 % se d\u00e9clarent satisfaits du mod\u00e8le de travail hybride, mais ce pourcentage est moins \u00e9lev\u00e9 chez les FS d\u2019IRCC (novembre 2021).<\/li>\n<li>75 % d\u00e9clarent ne pas subir de pression pour retourner au travail.<\/li>\n<li>Les membres qui ont d\u00fb \u00eatre r\u00e9install\u00e9s au cours de la pand\u00e9mie d\u00e9clarent que leurs principaux probl\u00e8mes concernaient le d\u00e9m\u00e9nagement de biens personnels (54 %), la documentation (42 %) et les avances (33 %).<\/li>\n<li>49 % de nos membres d\u00e9clarent\u00a0\u00a0avoir connu une forte augmentation de leur charge de travail \u00e0 cause de la pand\u00e9mie, ce pourcentage grimpant \u00e0 79 % chez les seuls membres \u00e0 IRCC.<\/li>\n<\/ul>\n<p><strong>Le syst\u00e8me de paye Ph\u00e9nix<\/strong><br \/>\nCinq ans apr\u00e8s son implantation, le syst\u00e8me de paye Ph\u00e9nix reste un irritant pour un grand nombre de membres.<\/p>\n<ul>\n<li>62 % (86 % des membres \u00e0 IRCC) des membres d\u00e9clarent avoir \u00e9prouv\u00e9 des probl\u00e8mes relatifs au syst\u00e8me de paye Ph\u00e9nix. M\u00eame si ce pourcentage est inf\u00e9rieur aux 75 % de 2018, il n\u2019en est pas moins \u00e9tonnant que tant de probl\u00e8mes li\u00e9s \u00e0 Ph\u00e9nix perdurent encore aujourd\u2019hui.<\/li>\n<li>Les deux principales sources de probl\u00e8mes li\u00e9s \u00e0 Ph\u00e9nix dont nos membres font \u00e9tat sont des inexactitudes dans la r\u00e9mun\u00e9ration d\u2019int\u00e9rim et des retards dans le versement des augmentations salariales.<\/li>\n<\/ul>\n<p><strong>L\u2019APASE et ses programmes<\/strong><br \/>\nDans l\u2019ensemble, nos membres semblent satisfaits des communications de l\u2019Association, de sa d\u00e9fense des int\u00e9r\u00eats, de son programme de prix, de ses services de relations de travail et de ses d\u00e9lais de r\u00e9ponse aux demandes de renseignements d\u2019ordre g\u00e9n\u00e9ral.<\/p>\n<p>L\u2019opinion que les membres ont de la valeur du programme de prix de l\u2019APASE et du magazine\u00a0bout de papier\u00a0comme outils de promotion de leur profession semble partag\u00e9e \u00e9galement. Les deux tiers des membres d\u00e9clarent que les activit\u00e9s que le comit\u00e9 professionnel organise sont pertinentes \u00e0 leurs carri\u00e8res.<\/p>\n<ul>\n<li>83 % des r\u00e9pondants d\u00e9clarent qu\u2019ils n\u2019ont pas assist\u00e9 \u00e0 un gala de remise de prix depuis 2017. Cependant, les membres \u00e0 IRCC semblent \u00eatre beaucoup plus engag\u00e9s, 26 % d\u00e9clarant avoir pr\u00e9sent\u00e9 la candidature de quelqu\u2019un \u00e0 un prix au cours des cinq derni\u00e8res ann\u00e9es contre 9 % des membres \u00e0 AMC.<\/li>\n<li>50 % des r\u00e9pondants d\u00e9clarent avoir lu le plus r\u00e9cent num\u00e9ro de\u00a0bout de papier\u00a0en version imprim\u00e9e.<\/li>\n<li>65 % des r\u00e9pondants d\u00e9clarent n\u2019avoir assist\u00e9 \u00e0 aucune activit\u00e9 organis\u00e9e par le comit\u00e9 professionnel depuis 2019.<\/li>\n<li>Un plus grand nombre de membres (33 %) consid\u00e8rent les activit\u00e9s du comit\u00e9 professionnel comme peu importantes plut\u00f4t qu\u2019importantes (29 %).<\/li>\n<li>87 % des membres d\u00e9clarent lire les messages de la pr\u00e9sidente.<\/li>\n<li>86 % des membres se d\u00e9clarent satisfaits des communications internes de l\u2019APASE.<\/li>\n<li>55 % se d\u00e9clarent satisfaits des efforts de d\u00e9fense des int\u00e9r\u00eats de l\u2019APASE.<\/li>\n<li>Nos membres d\u00e9clarent qu\u2019ils sont extr\u00eamement susceptibles (95 %) d\u2019obtenir une r\u00e9ponse lorsqu\u2019ils contactent l\u2019APASE.<\/li>\n<\/ul>\n<p><strong>Le plan strat\u00e9gique<\/strong><\/p>\n<ul>\n<li>Seulement un tiers\u00a0de nos membres d\u00e9clarent \u00eatre au courant du <a href=\"https:\/\/pafso.com\/wp-content\/uploads\/2020\/10\/AGM2020_StrategicPlan_F.pdf\" target=\"_blank\" rel=\"noopener\">plan strat\u00e9gique de l\u2019APASE<\/a>.<\/li>\n<\/ul>\n<p>Encore une fois, nous tenons \u00e0 remercier tous ceux et celles qui se sont donn\u00e9 la peine de participer au sondage triennal de 2021. Ces exercices sont importants pour l\u2019avenir de l\u2019Association. Ils nous permettent de mieux conna\u00eetre nos membres, de cerner et mesurer les tendances et d\u2019identifier les secteurs dans lesquels nous pouvons investir notre temps, nos efforts et nos ressources afin de mieux vous servir, vous nos membres. Ce qui pr\u00e9c\u00e8de n\u2019est qu\u2019un bref aper\u00e7u des renseignements que nous avons recueillis \u00e0 partir des donn\u00e9es. Pour obtenir une meilleure id\u00e9e des r\u00e9sultats, n\u2019h\u00e9sitez pas \u00e0 t\u00e9l\u00e9charger le\u00a0<a href=\"https:\/\/pafso.com\/wiki\/2021-triennial-survey-report-rapport-du-sondage-triennal-2021-en-anglais-seulement\/\">rapport int\u00e9gral<\/a>\u00a0(en anglais seulement)\u00a0de MonAPASE. Si vous avez des questions ou des pr\u00e9occupations au sujet du sondage, il suffit de nous envoyer un courriel \u00e0\u00a0<a href=\"mailto:info@pafso.com\">info@pafso.com<\/a>.<\/p>\n<p>Merci.<\/p>\n<p><strong>LE COMIT\u00c9 DES COMMUNICATIONS DE L&rsquo;APASE<\/strong><br \/>\nLe 16 mars 2022<\/p>\n","protected":false},"excerpt":{"rendered":"<p>Chers membres, Nous remercions tous ceux et celles qui se sont donn\u00e9 la peine de remplir le r\u00e9cent sondage exhaustif aupr\u00e8s de nos membres. Lanc\u00e9 le 12 novembre pour une dur\u00e9e d\u2019un mois, le sondage triennal de 2021 portait sur une vaste gamme de sujets allant de votre satisfaction au travail \u00e0 la r\u00e9action de [&hellip;]<\/p>\n","protected":false},"author":1,"featured_media":0,"comment_status":"closed","ping_status":"closed","sticky":false,"template":"","format":"standard","meta":{"_acf_changed":false,"_seopress_robots_primary_cat":"","_seopress_titles_title":"","_seopress_titles_desc":"","_seopress_robots_index":"","footnotes":""},"categories":[31],"tags":[],"class_list":["post-4161","post","type-post","status-publish","format-standard","hentry","category-non-classifiee"],"acf":[],"_links":{"self":[{"href":"https:\/\/pafso.com\/fr\/wp-json\/wp\/v2\/posts\/4161","targetHints":{"allow":["GET"]}}],"collection":[{"href":"https:\/\/pafso.com\/fr\/wp-json\/wp\/v2\/posts"}],"about":[{"href":"https:\/\/pafso.com\/fr\/wp-json\/wp\/v2\/types\/post"}],"author":[{"embeddable":true,"href":"https:\/\/pafso.com\/fr\/wp-json\/wp\/v2\/users\/1"}],"replies":[{"embeddable":true,"href":"https:\/\/pafso.com\/fr\/wp-json\/wp\/v2\/comments?post=4161"}],"version-history":[{"count":1,"href":"https:\/\/pafso.com\/fr\/wp-json\/wp\/v2\/posts\/4161\/revisions"}],"predecessor-version":[{"id":4377,"href":"https:\/\/pafso.com\/fr\/wp-json\/wp\/v2\/posts\/4161\/revisions\/4377"}],"wp:attachment":[{"href":"https:\/\/pafso.com\/fr\/wp-json\/wp\/v2\/media?parent=4161"}],"wp:term":[{"taxonomy":"category","embeddable":true,"href":"https:\/\/pafso.com\/fr\/wp-json\/wp\/v2\/categories?post=4161"},{"taxonomy":"post_tag","embeddable":true,"href":"https:\/\/pafso.com\/fr\/wp-json\/wp\/v2\/tags?post=4161"}],"curies":[{"name":"wp","href":"https:\/\/api.w.org\/{rel}","templated":true}]}}