{"id":4160,"date":"2022-03-08T14:43:25","date_gmt":"2022-03-08T14:43:25","guid":{"rendered":"https:\/\/pafso.aponiawebsolutions.ca\/non-classifiee\/pamela-isfeld-deviendra-presidente-a-temps-plein-de-lapase\/"},"modified":"2023-08-23T20:24:06","modified_gmt":"2023-08-23T20:24:06","slug":"pamela-isfeld-deviendra-presidente-a-temps-plein-de-lapase","status":"publish","type":"post","link":"https:\/\/pafso.com\/fr\/mise-a-jour-de-la-presidente\/pamela-isfeld-deviendra-presidente-a-temps-plein-de-lapase\/","title":{"rendered":"Pamela Isfeld deviendra pr\u00e9sidente \u00e0 temps plein de l&rsquo;APASE"},"content":{"rendered":"<h1>AVIS<\/h1>\n<h3>PAMELA ISFELD DEVIENDRA PR\u00c9SIDENTE \u00c0 TEMPS PLEIN DE L&rsquo;APASE<\/h3>\n<h3><\/h3>\n<div><span lang=\"FR-CA\">Malgr\u00e9 les efforts de communication du Comit\u00e9 des candidatures et des \u00e9lections au cours des sept derniers jours, aucune nouvelle candidature \u00e0 la pr\u00e9sidence de l\u2019Association professionnelle des agents du Service ext\u00e9rieur n\u2019a \u00e9t\u00e9 pr\u00e9sent\u00e9e. Par cons\u00e9quent et conform\u00e9ment au paragraphe 8 (g) des <\/span><span lang=\"FR-CA\"><a href=\"https:\/\/pafso.com\/fr\/a-propos\/statuts-de-lapase\/\">Statuts <\/a><\/span>de l\u2019APASE, Pamela Isfeld est \u00e9lue \u00e0 la pr\u00e9sidence pour un mandat de trois ans. Le prochain appel de candidatures aura lieu en 2025.<\/div>\n<p><strong>LE COMIT\u00c9 DES CANDIDATURES ET \u00c9LECTIONS<\/strong><br \/>\nLe 8 mars 2022<\/p>\n","protected":false},"excerpt":{"rendered":"<p>AVIS PAMELA ISFELD DEVIENDRA PR\u00c9SIDENTE \u00c0 TEMPS PLEIN DE L&rsquo;APASE Malgr\u00e9 les efforts de communication du Comit\u00e9 des candidatures et des \u00e9lections au cours des sept derniers jours, aucune nouvelle candidature \u00e0 la pr\u00e9sidence de l\u2019Association professionnelle des agents du Service ext\u00e9rieur n\u2019a \u00e9t\u00e9 pr\u00e9sent\u00e9e. Par cons\u00e9quent et conform\u00e9ment au paragraphe 8 (g) des Statuts [&hellip;]<\/p>\n","protected":false},"author":1,"featured_media":0,"comment_status":"closed","ping_status":"closed","sticky":false,"template":"","format":"standard","meta":{"_acf_changed":false,"_seopress_robots_primary_cat":"","_seopress_titles_title":"","_seopress_titles_desc":"","_seopress_robots_index":"","footnotes":""},"categories":[41],"tags":[],"class_list":["post-4160","post","type-post","status-publish","format-standard","hentry","category-mise-a-jour-de-la-presidente"],"acf":[],"_links":{"self":[{"href":"https:\/\/pafso.com\/fr\/wp-json\/wp\/v2\/posts\/4160","targetHints":{"allow":["GET"]}}],"collection":[{"href":"https:\/\/pafso.com\/fr\/wp-json\/wp\/v2\/posts"}],"about":[{"href":"https:\/\/pafso.com\/fr\/wp-json\/wp\/v2\/types\/post"}],"author":[{"embeddable":true,"href":"https:\/\/pafso.com\/fr\/wp-json\/wp\/v2\/users\/1"}],"replies":[{"embeddable":true,"href":"https:\/\/pafso.com\/fr\/wp-json\/wp\/v2\/comments?post=4160"}],"version-history":[{"count":1,"href":"https:\/\/pafso.com\/fr\/wp-json\/wp\/v2\/posts\/4160\/revisions"}],"predecessor-version":[{"id":4378,"href":"https:\/\/pafso.com\/fr\/wp-json\/wp\/v2\/posts\/4160\/revisions\/4378"}],"wp:attachment":[{"href":"https:\/\/pafso.com\/fr\/wp-json\/wp\/v2\/media?parent=4160"}],"wp:term":[{"taxonomy":"category","embeddable":true,"href":"https:\/\/pafso.com\/fr\/wp-json\/wp\/v2\/categories?post=4160"},{"taxonomy":"post_tag","embeddable":true,"href":"https:\/\/pafso.com\/fr\/wp-json\/wp\/v2\/tags?post=4160"}],"curies":[{"name":"wp","href":"https:\/\/api.w.org\/{rel}","templated":true}]}}