{"id":4159,"date":"2022-03-04T16:58:49","date_gmt":"2022-03-04T16:58:49","guid":{"rendered":"https:\/\/pafso.aponiawebsolutions.ca\/non-classifiee\/mise-a-jour-de-la-presidente-de-lapase-pour-le-4-mars-2022\/"},"modified":"2023-08-23T20:24:06","modified_gmt":"2023-08-23T20:24:06","slug":"mise-a-jour-de-la-presidente-de-lapase-pour-le-4-mars-2022","status":"publish","type":"post","link":"https:\/\/pafso.com\/fr\/mise-a-jour-de-la-presidente\/mise-a-jour-de-la-presidente-de-lapase-pour-le-4-mars-2022\/","title":{"rendered":"Mise \u00e0 jour de la pr\u00e9sidente de l\u2019APASE pour le 4 mars 2022"},"content":{"rendered":"<p>Chers membres,<\/p>\n<p>Comme la plupart d\u2019entre vous, j\u2019ai \u00e9t\u00e9 m\u00e9dus\u00e9e par les terribles \u00e9v\u00e9nements qui se sont produits en Ukraine la semaine derni\u00e8re. Nos pens\u00e9es vont vers tous ceux et celles qui sont aux prises avec les horreurs de la guerre, notamment le personnel canadien et les employ\u00e9s recrut\u00e9s sur place de l\u2019ambassade du Canada \u00e0 Kyiv. Tout comme beaucoup d\u2019autres membres de l\u2019APASE \u00e0 l\u2019administration centrale et \u00e0 l\u2019\u00e9tranger, ils travaillent sans rel\u00e2che pour venir en aide aux gens de l\u2019Ukraine et faire en sorte que la Russie doive rendre compte de son agression. Nous sommes extr\u00eamement fiers de leur travail.<\/p>\n<p>Bon nombre de fonctionnaires en Ukraine sont rest\u00e9s sur place afin d\u2019assurer les services essentiels partout au pays en cette p\u00e9riode dangereuse. D\u2019autres ont \u00e9t\u00e9 oblig\u00e9s de fuir leurs domiciles et se retrouvent d\u00e9sormais sans nourriture ni abri. Dans un geste de solidarit\u00e9, l\u2019APASE a vers\u00e9 un don de 2000\u00a0$ destin\u00e9 \u00e0 aider les syndicats ukrainiens et leurs membres \u00e0 surmonter la d\u00e9vastation dont ils sont victimes. Ce don a \u00e9t\u00e9 vers\u00e9 par l\u2019interm\u00e9diaire de l\u2019Internationale des Services Publics (ISP), une organisation parapluie qui repr\u00e9sente des syndicats de travailleurs et travailleuses des services publics partout dans le monde. Nous avons d\u00e9j\u00e0 effectu\u00e9 des dons par l\u2019entremise de l\u2019ISP, tout r\u00e9cemment encore pour aider des syndiqu\u00e9s victimes de l\u2019explosion \u00e0 Beyrouth en 2020, et nous sommes convaincus que les fonds sont bien g\u00e9r\u00e9s et se rendent toujours \u00e0 leurs destinataires vis\u00e9s. Pour en savoir davantage au sujet de l\u2019ISP et de son programme de dons, il suffit de cliquer\u00a0<a href=\"https:\/\/publicservices.international\/resources\/news\/call-for-donations-for-the-workers-of-ukraine?id=12700&#038;lang=fr\" data-cke-saved-href=\"https:\/\/publicservices.international\/resources\/news\/call-for-donations-for-the-workers-of-ukraine?id=12700&#038;lang=fr\">ici<\/a>. Si vous d\u00e9sirez faire un don personnel en soutien \u00e0 la population de l\u2019Ukraine, songez \u00e0 contribuer au\u00a0<a href=\"https:\/\/donnez.croixrouge.ca\/page\/100227\/donate\/1?locale=fr-CA&#038;_ga=2.40728610.1454731484.1646402387-1080295801.1646402387&#038;_gl=1*xwe2k3*_ga*MTA4MDI5NTgwMS4xNjQ2NDAyMzg3*_ga_376D8LHM0R*MTY0NjQwODQ4MS4yLjEuMTY0NjQwODU3Ny4w\" data-cke-saved-href=\"https:\/\/donnez.croixrouge.ca\/page\/100227\/donate\/1?locale=fr-CA&#038;_ga=2.40728610.1454731484.1646402387-1080295801.1646402387&#038;_gl=1*xwe2k3*_ga*MTA4MDI5NTgwMS4xNjQ2NDAyMzg3*_ga_376D8LHM0R*MTY0NjQwODQ4MS4yLjEuMTY0NjQwODU3Ny4w\">Fonds de secours\u00a0: Crise humanitaire en Ukraine<\/a>\u00a0de la Croix-Rouge canadienne.<\/p>\n<p>Je suis heureuse d\u2019annoncer que Roman Waschuk, ancien ambassadeur du Canada en Ukraine, a accept\u00e9 d\u2019\u00eatre mon invit\u00e9 au prochain petit d\u00e9jeuner virtuel de l\u2019APASE, le mardi 8 mars, \u00e0 09h00 HNE, pour discuter de la situation actuelle. \u00c9tant donn\u00e9 sa vaste expertise et ses nombreux contacts en Ukraine et dans la r\u00e9gion, je suis persuad\u00e9e que la s\u00e9ance se r\u00e9v\u00e9lera fort int\u00e9ressante. Vous pouvez vous inscrire\u00a0<a href=\"https:\/\/us02web.zoom.us\/webinar\/register\/WN_wFDLJdBhQTyubcHtmJZdcg\" data-cke-saved-href=\"https:\/\/us02web.zoom.us\/webinar\/register\/WN_wFDLJdBhQTyubcHtmJZdcg\">ici<\/a>.<\/p>\n<p>Compte tenu de tout ce que nous voyons dans les actualit\u00e9s ces jours-ci, on pourrait facilement oublier que nous sommes au beau milieu d\u2019une pand\u00e9mie mondiale. M\u00eame si Omicron et son sous-variant BA.2 se propagent toujours dans le monde, bon nombre de pays et r\u00e9gions sont en voie de prendre d\u2019importantes mesures de retour \u00e0 une nouvelle normale postpand\u00e9mique. Ici, au Canada, la plupart des provinces all\u00e8gent les mesures sanitaires et l\u00e8vent l\u2019obligation de pr\u00e9senter une preuve vaccinale pour les restaurants, les bars, les gym et autres commerces. Il semble que nous soyons sur le point de commencer \u00e0 vivre avec le virus.<\/p>\n<p>\u00c0 pr\u00e9sent que Omicron semble reculer dans la RCN, les plans de retour au travail de l\u2019employeur sont revenus sur le tapis. Et, nous, \u00e0 l\u2019APASE, de concert avec les autres agents n\u00e9gociateurs de l\u2019administration publique centrale, continuons \u00e0 veiller \u00e0 ce que ces plans soient aussi s\u00fbrs que possible pour tous nos membres. Durant la lente transition du t\u00e9l\u00e9travail au retour sur nos lieux de travail, nous devons faire en sorte que les mesures sanitaires de base comme la distanciation, le port du masque et la d\u00e9sinfection restent en place. En outre, d\u2019apr\u00e8s ce que nous savons du virus, ces mesures doivent tenir compte de la r\u00e9alit\u00e9 de la transmission par voie a\u00e9rienne et donner la priorit\u00e9 \u00e0 une ventilation ad\u00e9quate dans nos lieux de travail au Canada et dans les missions \u00e0 l\u2019\u00e9tranger.<\/p>\n<p>Sur le plan des actualit\u00e9s syndicales, j\u2019ai servi hier l\u2019avis de n\u00e9gocier \u00e0 l\u2019employeur. Dans les faits, cela g\u00e8le les dispositions de la convention collective actuelle, qui expire en juin, jusqu\u2019\u00e0 ce qu\u2019une nouvelle soit sign\u00e9e. Nous nous attendons \u00e0 ce que les n\u00e9gociations d\u00e9butent \u00e0 l\u2019automne. Dans l\u2019intervalle, notre \u00e9quipe de n\u00e9gociation collective r\u00e9digera le cahier de revendications qu\u2019elle d\u00e9posera \u00e0 la table de n\u00e9gociation. Pour ce faire, elle sollicitera votre apport. Le mois prochain, nous vous enverrons un bref sondage visant \u00e0 pr\u00e9ciser les enjeux les plus importants pour vous dans cette ronde de n\u00e9gociation. Commencez d\u00e9j\u00e0 \u00e0 y penser, car votre apport est crucial afin d\u2019obtenir la meilleure entente possible pour nous tous et toutes.<\/p>\n<p>La semaine prochaine, c\u2019est la Semaine internationale des femmes et, dans ce contexte, je vous signale qu\u2019une int\u00e9ressante activit\u00e9 se d\u00e9roulera \u00e0 14h30, le mercredi 9 mars, gracieuset\u00e9 du R\u00e9seau des femmes et du Cercle des peuples autochtones de Services partag\u00e9s Canada. Athl\u00e8te olympique de water-polo et activiste Mohawk, Waneek Horn-Miller parlera d\u2019une vie enti\u00e8re \u00e0 surmonter la discrimination et la violence \u2013 notamment derri\u00e8re les lignes durant la Crise d\u2019Oka en 1990 \u2013 pour\u00a0devenir l\u2019une des conf\u00e9renci\u00e8res autochtones les plus inspirantes d\u2019Am\u00e9rique du Nord. Pour r\u00e9server votre place, veuillez envoyer un courriel \u00e0\u00a0<a href=\"mailto:indigenouscircle-cercleautochtone@ssc-spc.gc.ca\" data-cke-saved-href=\"mailto:indigenouscircle-cercleautochtone@ssc-spc.gc.ca\">indigenouscircle-cercleautochtone@ssc-spc.gc.ca<\/a>\u00a0d\u2019ici le mercredi 9 mars, 09h00 (HNE).<\/p>\n<p>Pour ceux et celles qui aimeraient r\u00e9seauter avec la communaut\u00e9 de l\u2019APASE pour un entretien informel, n\u2019oubliez pas nos activit\u00e9s mensuelles virtuelles. Mercredi prochain, 9 mars, joignez-vous \u00e0 moi pour une\u00a0<a href=\"https:\/\/us02web.zoom.us\/meeting\/register\/tZAvdeCsqD8tH9A7nSrPFxrahit4rpjor6hC\" data-cke-saved-href=\"https:\/\/us02web.zoom.us\/meeting\/register\/tZAvdeCsqD8tH9A7nSrPFxrahit4rpjor6hC\">pause-caf\u00e9 virtuelle<\/a>\u00a0\u00e0 10h30, HNE. En outre, la semaine suivante, le mercredi 16 mars, je vais animer un\u00a0<a href=\"https:\/\/us02web.zoom.us\/meeting\/register\/tZUvcOutqj8vEtKqMOQWi8W747ZZHF0ZSvbb\" data-cke-saved-href=\"https:\/\/us02web.zoom.us\/meeting\/register\/tZUvcOutqj8vEtKqMOQWi8W747ZZHF0ZSvbb\">cinq \u00e0 sept virtuel<\/a>\u00a0\u00e0 17h00, heure d\u2019Ottawa.<\/p>\n<p>Enfin, si vous avez des pr\u00e9occupations au sujet de votre situation particuli\u00e8re au travail, n\u2019h\u00e9sitez pas \u00e0 envoyer un courriel \u00e0 notre directrice g\u00e9n\u00e9rale,\u00a0<a href=\"mailto:kim.coles@pafso.com\" data-cke-saved-href=\"mailto:kim.coles@pafso.com\">Kim Coles<\/a>,\u00a0en lui donnant votre nom, votre minist\u00e8re et une br\u00e8ve description de votre cas. Elle s\u2019empressera de vous mettre en contact avec l\u2019un ou l\u2019autre de nos conseillers en relations de travail. Pour toute autre question, il suffit d\u2019envoyer un courriel \u00e0\u00a0<a href=\"mailto:info@pafso.com\" data-cke-saved-href=\"mailto:info@pafso.com\">info@pafso.com<\/a>\u00a0en tout temps, et quelqu\u2019un communiquera rapidement avec vous.<\/p>\n<p>Nous passons par une p\u00e9riode tumultueuse. Tout ce qu\u2019on peut esp\u00e9rer, c\u2019est que la raison pr\u00e9vale et que le conflit actuel connaisse un d\u00e9nouement rapide. Apr\u00e8s tout ce que nous avons v\u00e9cu depuis deux ans, le monde n\u2019a pas besoin d\u2019une autre crise, et nous non plus.<\/p>\n<p>Je vous reviens bient\u00f4t. D\u2019ici l\u00e0, restez prudents. Gardez espoir. Prenez soin de vous et les uns des autres.<\/p>\n<p>Cordialement,<\/p>\n<p><strong>Pam Isfeld<\/strong><br \/>\nPr\u00e9sidente<\/p>\n","protected":false},"excerpt":{"rendered":"<p>Chers membres, Comme la plupart d\u2019entre vous, j\u2019ai \u00e9t\u00e9 m\u00e9dus\u00e9e par les terribles \u00e9v\u00e9nements qui se sont produits en Ukraine la semaine derni\u00e8re. Nos pens\u00e9es vont vers tous ceux et celles qui sont aux prises avec les horreurs de la guerre, notamment le personnel canadien et les employ\u00e9s recrut\u00e9s sur place de l\u2019ambassade du Canada [&hellip;]<\/p>\n","protected":false},"author":1,"featured_media":0,"comment_status":"closed","ping_status":"closed","sticky":false,"template":"","format":"standard","meta":{"_acf_changed":false,"_seopress_robots_primary_cat":"","_seopress_titles_title":"","_seopress_titles_desc":"","_seopress_robots_index":"","footnotes":""},"categories":[41],"tags":[],"class_list":["post-4159","post","type-post","status-publish","format-standard","hentry","category-mise-a-jour-de-la-presidente"],"acf":[],"_links":{"self":[{"href":"https:\/\/pafso.com\/fr\/wp-json\/wp\/v2\/posts\/4159","targetHints":{"allow":["GET"]}}],"collection":[{"href":"https:\/\/pafso.com\/fr\/wp-json\/wp\/v2\/posts"}],"about":[{"href":"https:\/\/pafso.com\/fr\/wp-json\/wp\/v2\/types\/post"}],"author":[{"embeddable":true,"href":"https:\/\/pafso.com\/fr\/wp-json\/wp\/v2\/users\/1"}],"replies":[{"embeddable":true,"href":"https:\/\/pafso.com\/fr\/wp-json\/wp\/v2\/comments?post=4159"}],"version-history":[{"count":1,"href":"https:\/\/pafso.com\/fr\/wp-json\/wp\/v2\/posts\/4159\/revisions"}],"predecessor-version":[{"id":4379,"href":"https:\/\/pafso.com\/fr\/wp-json\/wp\/v2\/posts\/4159\/revisions\/4379"}],"wp:attachment":[{"href":"https:\/\/pafso.com\/fr\/wp-json\/wp\/v2\/media?parent=4159"}],"wp:term":[{"taxonomy":"category","embeddable":true,"href":"https:\/\/pafso.com\/fr\/wp-json\/wp\/v2\/categories?post=4159"},{"taxonomy":"post_tag","embeddable":true,"href":"https:\/\/pafso.com\/fr\/wp-json\/wp\/v2\/tags?post=4159"}],"curies":[{"name":"wp","href":"https:\/\/api.w.org\/{rel}","templated":true}]}}