{"id":4158,"date":"2022-03-01T05:05:34","date_gmt":"2022-03-01T05:05:34","guid":{"rendered":"https:\/\/pafso.aponiawebsolutions.ca\/non-classifiee\/le-point-sur-les-candidatures-a-la-presidence-1er-mars-2022\/"},"modified":"2023-08-23T20:24:06","modified_gmt":"2023-08-23T20:24:06","slug":"le-point-sur-les-candidatures-a-la-presidence-1er-mars-2022","status":"publish","type":"post","link":"https:\/\/pafso.com\/fr\/mise-a-jour-de-la-presidente\/le-point-sur-les-candidatures-a-la-presidence-1er-mars-2022\/","title":{"rendered":"Le point sur les candidatures \u00e0 la pr\u00e9sidence \/ 1er mars, 2022"},"content":{"rendered":"<h1>MISE \u00c0 JOUR<\/h1>\n<h3>LA P\u00c9RIODE DE MISE EN CANDIDATURE \u00c0 LA<br \/>\nPR\u00c9SIDENCE EST DE NOUVEAU PROLONG\u00c9E<\/h3>\n<h3><\/h3>\n<p>Conform\u00e9ment au paragraphe 8 (g) des\u00a0<a href=\"https:\/\/pafso.com\/fr\/a-propos\/statuts-de-lapase\/\" target=\"_blank\" rel=\"noopener\" data-cke-saved-href=\"https:\/\/pafso.com\/fr\/a-propos\/statuts-de-lapase\/\">Statuts<\/a>\u00a0de l\u2019Association professionnelle des agents du Service ext\u00e9rieur, \u00e9tant donn\u00e9 qu\u2019une seule candidature a \u00e9t\u00e9 re\u00e7ue, la p\u00e9riode de mise en candidature \u00e0 la pr\u00e9sidence est de nouveau prolong\u00e9e de sept (7) jours, soit jusqu\u2019au\u00a0<strong>7\u00a0mars 2022<\/strong>.<\/p>\n<p>Les candidats int\u00e9ress\u00e9s doivent pr\u00e9senter un \u00e9tat de leurs qualit\u00e9s et de leurs intentions, avec l\u2019appui de dix (10) membres titulaires en r\u00e8gle de l\u2019APASE, au moyen du\u00a0<a href=\"https:\/\/pafso.com\/wp-content\/uploads\/2022\/01\/NominationForm_President22_F2.pdf\" target=\"_blank\" rel=\"noopener\" data-cke-saved-href=\"https:\/\/pafso.com\/wp-content\/uploads\/2022\/01\/NominationForm_President22_F2.pdf\">formulaire de candidature<\/a>\u00a0suivant. Les formulaires de mise candidature doivent \u00eatre retourn\u00e9s au si\u00e8ge social de l\u2019APASE par courrier (Candidatures, APASE, 412 &#8211; 47 rue Clarence, Ottawa, ON K1N 9K1) ou par courriel (<a data-cke-saved-href=\"mailto:info@pafso-apase.com\">info@pafso-apase.com<\/a>) avant\u00a0<strong>23h59 HNE, le<\/strong>\u00a0<strong>lundi 7 mars 2022<\/strong>.<\/p>\n<p>Comme mentionn\u00e9 ci-dessus, une seule candidature a \u00e9t\u00e9 pr\u00e9sent\u00e9e pour Pamela Isfeld. Dans sa candidature soumise, appuy\u00e9e par dix (10) membres en r\u00e8gle, Mme\u00a0Isfeld expose ses qualifications et intentions comme suit\u00a0:<\/p>\n<blockquote><p><em>Mes mandats \u00e0 la pr\u00e9sidence de l\u2019APASE, jumel\u00e9s \u00e0 mes six affectations dans des missions difficiles et \u00e0 mes 18 ans de gestion et de leadership, m\u2019ont dot\u00e9e de l\u2019exp\u00e9rience, des qualit\u00e9s, des r\u00e9seaux et de l\u2019empathie voulus pour promouvoir et prot\u00e9ger vos int\u00e9r\u00eats.<\/em><\/p>\n<p><em>Voici quelques-unes de mes principales r\u00e9alisations :<\/em><\/p>\n<ul>\n<li><em>Conclusion de la premi\u00e8re convention collective \u00ab\u00a0d\u00e9cente\u00a0\u00bb de l\u2019APASE depuis des d\u00e9cennies, comportant une solide augmentation \u00e9conomique.<\/em><\/li>\n<li><em>\u00c9tablissement de notre premi\u00e8re disposition relative \u00e0 la sant\u00e9 et \u00e0 la s\u00e9curit\u00e9, qui vous prot\u00e8ge durant la pand\u00e9mie et au-del\u00e0.<\/em><\/li>\n<li><em>Obtention d\u2019un traitement juste et ad\u00e9quat pour les membres concernant les vaccinations, les dispositions de t\u00e9l\u00e9travail, les cong\u00e9s et d\u2019autres enjeux, par l\u2019interm\u00e9diaire du groupe de travail sur la Covid-19 du Conseil national mixte.<\/em><\/li>\n<li><em>N\u00e9gociation de soutien additionnel relatif \u00e0 la Covid hors du cadre des DSE, par exemple, du financement pour la quarantaine obligatoire.<\/em><\/li>\n<li><em>\u00c9tablissement d\u2019une vision directrice claire, transparente, dans le cadre des premiers Examen et Plan strat\u00e9giques.<\/em><\/li>\n<li><em>Am\u00e9lioration de la gouvernance gr\u00e2ce \u00e0 la pr\u00e9sidence \u00e0 temps plein, les membres du Comit\u00e9 ex\u00e9cutif si\u00e9geant \u00e0 distance, la responsabilit\u00e9 de gestion, la modernisation des pratiques financi\u00e8res, etc.<\/em><\/li>\n<li><em>Accroissement de l\u2019engagement des membres et des communications avec eux par des communications de crise, des messages aux deux semaines, des petits d\u00e9jeuners virtuels et la Semaine de l\u2019art de la profession.<\/em><\/li>\n<li><em>Cr\u00e9ation du Prix comm\u00e9moratif Randy-Orr.<\/em><\/li>\n<\/ul>\n<p><em>Si je suis r\u00e9\u00e9lue, je combattrai pour une remise en question exhaustive des DSE de mani\u00e8re \u00e0 tirer parti des le\u00e7ons apprises durant la pand\u00e9mie. Vos pr\u00e9occupations concernant le mieux-\u00eatre \u00e9conomique et l\u2019\u00e9rosion du soutien des membres \u00e0 l\u2019\u00e9tranger deviendront mes priorit\u00e9s lors des prochaines n\u00e9gociations collectives. Je m\u2019engage aussi \u00e0 accentuer nos efforts en mati\u00e8re de DEI et de d\u00e9fense des int\u00e9r\u00eats\/communications strat\u00e9giques.<\/em><\/p>\n<p><em>Apr\u00e8s mes trois ann\u00e9es \u00e0 titre de pr\u00e9sidente \u00e0 temps plein, l\u2019APASE est bien plac\u00e9e pour relever les d\u00e9fis qui se poseront pour la communaut\u00e9 FS. Cependant, il sera crucial de pouvoir compter sur du leadership strat\u00e9gique, exp\u00e9riment\u00e9, visionnaire, pour que vous puissiez obtenir le respect et la reconnaissance que vous m\u00e9ritez. J\u2019esp\u00e8re que vous continuerez \u00e0 me faire confiance pour la promotion et la protection de vos int\u00e9r\u00eats.<\/em><\/p><\/blockquote>\n<p>Au cours des sept (7) prochains jours, le Comit\u00e9 des candidatures et des \u00e9lections communiquera avec les membres en vue d\u2019identifier d\u2019autres candidats ou candidates. Si aucune autre candidature n\u2019est pr\u00e9sent\u00e9e durant cette p\u00e9riode, la seule et unique candidate actuelle sera \u00e9lue par acclamation \u00e0 la pr\u00e9sidence.<\/p>\n<p><strong>LE COMIT\u00c9 DES CANDIDATURES ET DES \u00c9LECTIONS DE L\u2019APASE<\/strong><br \/>\nLe 1<sup>er<\/sup>\u00a0mars 2022<\/p>\n","protected":false},"excerpt":{"rendered":"<p>MISE \u00c0 JOUR LA P\u00c9RIODE DE MISE EN CANDIDATURE \u00c0 LA PR\u00c9SIDENCE EST DE NOUVEAU PROLONG\u00c9E Conform\u00e9ment au paragraphe 8 (g) des\u00a0Statuts\u00a0de l\u2019Association professionnelle des agents du Service ext\u00e9rieur, \u00e9tant donn\u00e9 qu\u2019une seule candidature a \u00e9t\u00e9 re\u00e7ue, la p\u00e9riode de mise en candidature \u00e0 la pr\u00e9sidence est de nouveau prolong\u00e9e de sept (7) jours, soit [&hellip;]<\/p>\n","protected":false},"author":1,"featured_media":0,"comment_status":"closed","ping_status":"closed","sticky":false,"template":"","format":"standard","meta":{"_acf_changed":false,"_seopress_robots_primary_cat":"","_seopress_titles_title":"","_seopress_titles_desc":"","_seopress_robots_index":"","footnotes":""},"categories":[41],"tags":[],"class_list":["post-4158","post","type-post","status-publish","format-standard","hentry","category-mise-a-jour-de-la-presidente"],"acf":[],"_links":{"self":[{"href":"https:\/\/pafso.com\/fr\/wp-json\/wp\/v2\/posts\/4158","targetHints":{"allow":["GET"]}}],"collection":[{"href":"https:\/\/pafso.com\/fr\/wp-json\/wp\/v2\/posts"}],"about":[{"href":"https:\/\/pafso.com\/fr\/wp-json\/wp\/v2\/types\/post"}],"author":[{"embeddable":true,"href":"https:\/\/pafso.com\/fr\/wp-json\/wp\/v2\/users\/1"}],"replies":[{"embeddable":true,"href":"https:\/\/pafso.com\/fr\/wp-json\/wp\/v2\/comments?post=4158"}],"version-history":[{"count":1,"href":"https:\/\/pafso.com\/fr\/wp-json\/wp\/v2\/posts\/4158\/revisions"}],"predecessor-version":[{"id":4380,"href":"https:\/\/pafso.com\/fr\/wp-json\/wp\/v2\/posts\/4158\/revisions\/4380"}],"wp:attachment":[{"href":"https:\/\/pafso.com\/fr\/wp-json\/wp\/v2\/media?parent=4158"}],"wp:term":[{"taxonomy":"category","embeddable":true,"href":"https:\/\/pafso.com\/fr\/wp-json\/wp\/v2\/categories?post=4158"},{"taxonomy":"post_tag","embeddable":true,"href":"https:\/\/pafso.com\/fr\/wp-json\/wp\/v2\/tags?post=4158"}],"curies":[{"name":"wp","href":"https:\/\/api.w.org\/{rel}","templated":true}]}}