{"id":4152,"date":"2022-01-21T17:19:08","date_gmt":"2022-01-21T17:19:08","guid":{"rendered":"https:\/\/pafso.aponiawebsolutions.ca\/non-classifiee\/mise-a-jour-de-la-presidente-de-lapase-pour-le-21-janvier-2022\/"},"modified":"2023-08-23T20:24:08","modified_gmt":"2023-08-23T20:24:08","slug":"mise-a-jour-de-la-presidente-de-lapase-pour-le-21-janvier-2022","status":"publish","type":"post","link":"https:\/\/pafso.com\/fr\/mise-a-jour-de-la-presidente\/mise-a-jour-de-la-presidente-de-lapase-pour-le-21-janvier-2022\/","title":{"rendered":"Mise \u00e0 jour de la pr\u00e9sidente de l\u2019APASE pour le 21 janvier 2022"},"content":{"rendered":"<p>Chers membres,<\/p>\n<p>\u00c0 l\u2019heure o\u00f9 je m\u2019appr\u00eate \u00e0 r\u00e9diger ce message, la r\u00e9gion de la capitale nationale est recouverte d\u2019un \u00e9pais manteau de neige. Pour l\u2019instant, tout para\u00eet si calme et paisible. La r\u00e9alit\u00e9 sur le terrain n\u2019en demeure pas moins que le variant omicron continue de s\u00e9vir partout au Canada et ailleurs \u00e0 l\u2019\u00e9tranger. Les tests de d\u00e9pistage fonctionnant \u00e0 pleine capacit\u00e9, les seuls chiffres dont nous disposions sont des nombres vertigineux d\u2019hospitalisations et de d\u00e9c\u00e8s. Lorsqu\u2019on ajoute \u00e0 cela les complexit\u00e9s de vivre en p\u00e9riode de restrictions sanitaires r\u00e9cemment prolong\u00e9es et, pour bon nombre d\u2019entre vous, de composer avec l\u2019enseignement \u00e0 distance pour vos enfants, il n\u2019y a donc rien d\u2019\u00e9tonnant \u00e0 ce que les niveaux de stress et d\u2019anxi\u00e9t\u00e9 semblent plus \u00e9lev\u00e9s que jamais encore depuis les 22 derniers mois.<\/p>\n<p>Les experts craignent \u00e0 pr\u00e9sent une \u00ab\u00a0deuxi\u00e8me\u00a0\u00bb pand\u00e9mie, aussi appel\u00e9e pand\u00e9mie \u00ab\u00a0fant\u00f4me\u00a0\u00bb, dans le secteur de la sant\u00e9 mentale. Il est plus crucial que jamais que nous nous pr\u00e9occupions de notre sant\u00e9 mentale ainsi que des facteurs de stress dans nos environnements. \u00c0 titre de co-championne du mieux-\u00eatre psychologique \u00e0 AMC, je suis heureuse de vous faire part de quelques initiatives con\u00e7ues pour nous venir en aide dans cette p\u00e9riode difficile.<\/p>\n<p>Vous connaissez peut-\u00eatre d\u00e9j\u00e0 la premi\u00e8re. Cr\u00e9\u00e9 en r\u00e9action \u00e0 une hausse sans pr\u00e9c\u00e9dent des pr\u00e9occupations concernant la sant\u00e9 mentale et la consommation de substances par suite de la pand\u00e9mie, <a href=\"https:\/\/wellnesstogether.ca\/fr-CA\">Espace Mieux-\u00eatre Canada<\/a> (EMC) est un site web exhaustif offrant des outils d\u2019auto-\u00e9valuation et de d\u00e9pistage du mieux-\u00eatre, des cours de mieux-\u00eatre autog\u00e9r\u00e9s et du soutien communautaire au moyen de services de coaching et de counseling par t\u00e9l\u00e9phone ou texto. Si ce n\u2019est d\u00e9j\u00e0 fait, consultez ce site.<\/p>\n<p>Il y a aussi PocketWell\/Mieux-\u00eatre, une nouvelle application compagnon du portail Espace Mieux-\u00eatre Canada. Gr\u00e2ce \u00e0 PocketWell\/Mieux-\u00eatre, vous pouvez acc\u00e9der \u00e0 toutes les ressources du portail EMC et \u00e0 de nouveaux outils pour contr\u00f4ler votre humeur et votre bien-\u00eatre mental. Vous pouvez t\u00e9l\u00e9charger l\u2019application gratuitement \u00e0 partir d\u2019<a href=\"https:\/\/go.mentalhealthcommission.ca\/e\/597791\/ca-app-pocketwell-id1576878966\/2p91dr\/799468364?h=fAnPwJWQL_IYGpAqQ1vLXYCejcUEnRP4yYNGQvVZLnk\">Apple App Store<\/a> ou de <a href=\"https:\/\/go.mentalhealthcommission.ca\/e\/597791\/ls-id-com-greenspacehealth-wtc\/2p91dt\/799468364?h=fAnPwJWQL_IYGpAqQ1vLXYCejcUEnRP4yYNGQvVZLnk\">Google Play<\/a>.<\/p>\n<p>Et, enfin, Bell vient tout juste de lancer pour 2022 sa campagne de sensibilisation aux maladies mentales, <a href=\"https:\/\/cause.bell.ca\/fr\/\">Cause pour la cause<\/a>, dont la renomm\u00e9e n\u2019est plus \u00e0 faire. Diverses activit\u00e9s sont pr\u00e9sent\u00e9es sous cette banni\u00e8re. <strong>Mercredi prochain, le 26 janvier<\/strong>, \u00e0 l\u2019occasion de la journ\u00e9e Bell \u00ab\u00a0Cause pour la cause\u00a0\u00bb, il y aura un <a href=\"https:\/\/csps-efpc.gc.ca\/events\/bell-letstalk2022\/index-fra.aspx\">\u00e9v\u00e9nement sp\u00e9cial \u00e0 l\u2019intention de tous les fonctionnaires f\u00e9d\u00e9raux<\/a>. Cet \u00e9v\u00e9nement sp\u00e9cial r\u00e9unira des sp\u00e9cialistes du domaine et des repr\u00e9sentants d&rsquo;organisations qui expliqueront comment le soutien par les pairs, officiel et informel, peut aider les fonctionnaires \u00e0 composer avec les r\u00e9percussions psychologiques de la COVID-19 tant au travail qu&rsquo;\u00e0 la maison. Les participants d\u00e9couvriront les avantages que pr\u00e9sentent les programmes de soutien par les pairs en milieu de travail et la fa\u00e7on de les mettre en \u0153uvre, et pourront tirer des le\u00e7ons de l&rsquo;exp\u00e9rience d&rsquo;organisations qui ont mis en \u0153uvre de tels programmes. <a href=\"https:\/\/csps-efpc.gc.ca\/events\/bell-letstalk2022\/index-fra.aspx\">Cliquez ici<\/a> pour vous inscrire.<\/p>\n<p>Dans la m\u00eame perspective, deux autres activit\u00e9s sont pr\u00e9vues. Le <strong>lundi 24 janvier<\/strong>, tous les fonctionnaires sont invit\u00e9s \u00e0 se joindre \u00e0 l\u2019athl\u00e8te paralympienne m\u00e9daill\u00e9e et actuellement s\u00e9natrice Chantal Petitclerc pour une causerie intitul\u00e9e <a href=\"https:\/\/www.eventbrite.ca\/e\/key-success-senator-chantal-petitclerc-attitude-passion-determination-fr-tickets-227794528567\">Cl\u00e9 du succ\u00e8s\u00a0: attitude, passion et d\u00e9termination<\/a>. Pr\u00e9sent\u00e9e par le Centre canadien d\u2019innovation pour la sant\u00e9 mentale en milieu de travail \u00e0 Innovation, Science et D\u00e9veloppement \u00e9conomique Canada, cette s\u00e9ance se tiendra le lundi 24 janvier, de 13h30 \u00e0 14h45, HNE. Utilisez <a href=\"https:\/\/www.eventbrite.ca\/e\/key-success-senator-chantal-petitclerc-attitude-passion-determination-fr-tickets-227794528567\">ce lien<\/a> pour vous inscrire. Et, le <strong>jeudi 27\u00a0janvier<\/strong>, les cadres sup\u00e9rieurs sont convi\u00e9s \u00e0 se joindre \u00e0 <a href=\"https:\/\/apex.gc.ca\/events\/isolation-nation-supporting-mental-health\/?lang=fr\">Isolation Nation : Soutenir la sant\u00e9 mentale<\/a>, pr\u00e9sent\u00e9e par l\u2019Association professionnelle des cadres sup\u00e9rieurs de la fonction publique du Canada (APEX). L\u2019activit\u00e9 mettra en vedette Michael Landsberg, porte-parole de Bell Cause pour la cause et fondateur de #SickNotWeak. <a href=\"https:\/\/apex.gc.ca\/events\/isolation-nation-supporting-mental-health\/?lang=fr\">Cliquez ici<\/a> pour vous inscrire \u00e0 cet expos\u00e9.<\/p>\n<p>Pour ce qui est des affaires de l\u2019APASE, la mise en \u0153uvre de la pr\u00e9sidence \u00e0 temps plein progresse bien. Le comit\u00e9 des candidatures et des \u00e9lections, compos\u00e9 de Michael Eyestone, Tam Ames et Kristen Jansen (pr\u00e9sidente), doit se r\u00e9unir cette semaine pour entreprendre l\u2019\u00e9laboration du cadre requis pour lancer le processus le mois prochain, avec l\u2019objectif de proc\u00e9der \u00e0 un vote aupr\u00e8s de l\u2019ensemble des membres avant la fin d\u2019avril. S\u2019il vous int\u00e9resse d\u2019en apprendre davantage sur la pr\u00e9sidence \u00e0 temps plein, l\u2019\u00e9lection et le processus de mise en candidature, les prochaines \u00e9tapes et comment tout cela s\u2019inscrit dans le cadre de notre Plan strat\u00e9gique, je vais tenir une s\u00e9ance d\u2019information sur la question en compagnie des membres du comit\u00e9, le <strong>mercredi 26 janvier \u00e0 14h00<\/strong>, heure d\u2019Ottawa. Vous pouvez vous inscrire <a href=\"https:\/\/us02web.zoom.us\/webinar\/register\/WN_3rXldv0vTKyAj-BQQNZBIg\">ici<\/a>.<\/p>\n<p>Comme toujours, si vous avez des pr\u00e9occupations au sujet de votre situation particuli\u00e8re au travail, n\u2019h\u00e9sitez pas \u00e0 envoyer un courriel \u00e0 notre directrice g\u00e9n\u00e9rale,\u00a0<a href=\"mailto:kim.coles@pafso.com\">Kim Coles<\/a>, qui est votre premier point de contact, pour lui en exposer les d\u00e9tails.\u00a0Elle s\u2019empressera de vous mettre en contact avec l\u2019un ou l\u2019autre de nos conseillers en relations de travail. Pour toute autre question, il suffit d\u2019envoyer un courriel \u00e0\u00a0<a href=\"mailto:info@pafso.com\">info@pafso.com<\/a>.<\/p>\n<p>Bien que les nouvelles concernant la COVID-19 soient peu r\u00e9jouissantes \u00e0 l\u2019heure actuelle, une l\u00e9g\u00e8re lueur d\u2019espoir est apparue ces derniers jours. Des experts en sant\u00e9, au pays comme \u00e0 l\u2019\u00e9tranger, ont prudemment lanc\u00e9 l\u2019id\u00e9e que le variant omicron soit sur le point d\u2019atteindre son pic au Canada et ait d\u00e9j\u00e0 commenc\u00e9 \u00e0 baisser dans d\u2019autres r\u00e9gions du monde. Gr\u00e2ce \u00e0 notre strict respect des protocoles sanitaires en place, \u00e0 notre endossement des programmes de vaccination et de rappel et \u00e0 notre patience et \u00e0 notre pers\u00e9v\u00e9rance en cette p\u00e9riode difficile, il semble que les niveaux de propagation dans certaines r\u00e9gions du Canada aient atteint un plateau. Si la tendance se maintient, il pourrait s\u2019agir l\u00e0 d\u2019excellentes nouvelles et d\u2019un important point tournant de la pand\u00e9mie, du moins ici au pays. Je ne suis pas du genre \u00e0 vouloir vendre la peau de l\u2019ours avant de l\u2019avoir tu\u00e9, mais c\u2019est peut-\u00eatre l\u00e0 pr\u00e9cis\u00e9ment le genre de bonnes de nouvelles que nous avons besoin d\u2019entendre.<\/p>\n<p>Gardons les doigts crois\u00e9s, et je vous reviens dans quelques semaines. Dans l\u2019intervalle, restez prudents. Prenez soin de vous et les uns des autres.<\/p>\n<p>Cordialement,<\/p>\n<p><strong>Pam Isfeld<br \/>\n<\/strong>Pr\u00e9sidente<\/p>\n","protected":false},"excerpt":{"rendered":"<p>Chers membres, \u00c0 l\u2019heure o\u00f9 je m\u2019appr\u00eate \u00e0 r\u00e9diger ce message, la r\u00e9gion de la capitale nationale est recouverte d\u2019un \u00e9pais manteau de neige. Pour l\u2019instant, tout para\u00eet si calme et paisible. La r\u00e9alit\u00e9 sur le terrain n\u2019en demeure pas moins que le variant omicron continue de s\u00e9vir partout au Canada et ailleurs \u00e0 l\u2019\u00e9tranger. [&hellip;]<\/p>\n","protected":false},"author":1,"featured_media":0,"comment_status":"closed","ping_status":"closed","sticky":false,"template":"","format":"standard","meta":{"_acf_changed":false,"_seopress_robots_primary_cat":"","_seopress_titles_title":"","_seopress_titles_desc":"","_seopress_robots_index":"","footnotes":""},"categories":[41],"tags":[],"class_list":["post-4152","post","type-post","status-publish","format-standard","hentry","category-mise-a-jour-de-la-presidente"],"acf":[],"_links":{"self":[{"href":"https:\/\/pafso.com\/fr\/wp-json\/wp\/v2\/posts\/4152","targetHints":{"allow":["GET"]}}],"collection":[{"href":"https:\/\/pafso.com\/fr\/wp-json\/wp\/v2\/posts"}],"about":[{"href":"https:\/\/pafso.com\/fr\/wp-json\/wp\/v2\/types\/post"}],"author":[{"embeddable":true,"href":"https:\/\/pafso.com\/fr\/wp-json\/wp\/v2\/users\/1"}],"replies":[{"embeddable":true,"href":"https:\/\/pafso.com\/fr\/wp-json\/wp\/v2\/comments?post=4152"}],"version-history":[{"count":1,"href":"https:\/\/pafso.com\/fr\/wp-json\/wp\/v2\/posts\/4152\/revisions"}],"predecessor-version":[{"id":4386,"href":"https:\/\/pafso.com\/fr\/wp-json\/wp\/v2\/posts\/4152\/revisions\/4386"}],"wp:attachment":[{"href":"https:\/\/pafso.com\/fr\/wp-json\/wp\/v2\/media?parent=4152"}],"wp:term":[{"taxonomy":"category","embeddable":true,"href":"https:\/\/pafso.com\/fr\/wp-json\/wp\/v2\/categories?post=4152"},{"taxonomy":"post_tag","embeddable":true,"href":"https:\/\/pafso.com\/fr\/wp-json\/wp\/v2\/tags?post=4152"}],"curies":[{"name":"wp","href":"https:\/\/api.w.org\/{rel}","templated":true}]}}