{"id":4145,"date":"2021-10-22T13:49:11","date_gmt":"2021-10-22T13:49:11","guid":{"rendered":"https:\/\/pafso.aponiawebsolutions.ca\/non-classifiee\/mise-a-jour-de-la-presidente-pour-le-22-octobre-2021\/"},"modified":"2023-08-23T20:24:09","modified_gmt":"2023-08-23T20:24:09","slug":"mise-a-jour-de-la-presidente-pour-le-22-octobre-2021","status":"publish","type":"post","link":"https:\/\/pafso.com\/fr\/mise-a-jour-de-la-presidente\/mise-a-jour-de-la-presidente-pour-le-22-octobre-2021\/","title":{"rendered":"Mise \u00e0 jour de la pr\u00e9sidente de l&rsquo;APASE pour le 22 octobre 2021"},"content":{"rendered":"<p>Chers membres,<\/p>\n<p>L\u2019APASE et les autres agents n\u00e9gociateurs de l\u2019administration publique centrale continuent de passer par une p\u00e9riode tr\u00e8s active. Ensemble, nous poursuivons notre travail afin de garantir que la politique de l\u2019employeur en mati\u00e8re de vaccination soit appliqu\u00e9e avec coh\u00e9rence, de prot\u00e9ger le droit \u00e0 la vie priv\u00e9e de nos membres, de faire en sorte que les droits de toutes les personnes soient respect\u00e9s et d\u2019assurer des accommodements raisonnables \u00e0 ceux et celles qui ont des motifs l\u00e9gitimes de ne pas se faire vacciner. Si vous estimez avoir une raison valable de demander une exemption \u00e0 la politique de vaccination obligatoire de l\u2019employeur, nous vous encourageons \u00e0 en demander une. Si vous vous retrouvez en cong\u00e9 forc\u00e9 par suite de cette politique, ou que votre demande d\u2019exemption est rejet\u00e9e, veuillez communiquer avec notre directrice g\u00e9n\u00e9rale, <a href=\"mailto:kim.coles@pafso.com\">Kim Coles<\/a>, qui vous orientera vers l\u2019un ou l\u2019une de nos conseillers en relations de travail.<\/p>\n<p>Dans le cadre des efforts que nous d\u00e9ployons pour veiller \u00e0 ce que les membres de l\u2019APASE obtiennent des informations fiables tout au cours de la pand\u00e9mie qui s\u2019\u00e9ternise, nous avons, la semaine derni\u00e8re, eu encore une fois la chance d\u2019accueillir le professeur <a href=\"https:\/\/sante.uottawa.ca\/personnes\/deonandan-raywat\">Raywat Deonandan<\/a>\u00a0de l\u2019Universit\u00e9 d\u2019Ottawa, qui nous a parl\u00e9 de ce \u00e0 quoi on peut s\u2019attendre pour les prochaines \u00e9tapes. Si vous avez rat\u00e9 l\u2019occasion, vous pouvez visionner un enregistrement de notre discussion anim\u00e9e <a href=\"https:\/\/www.youtube.com\/watch?v=y3bUwRb5Ffs\">ici<\/a> sur notre canal YouTube.<\/p>\n<p>La semaine prochaine sera particuli\u00e8rement affair\u00e9e et int\u00e9ressante pour l\u2019APASE. Comme vous le savez, nous tiendrons notre 56<sup>e<\/sup> assembl\u00e9e g\u00e9n\u00e9rale annuelle le lundi 25 octobre, \u00e0 16h00. Outre les rapports habituels portant sur nos diverses activit\u00e9s, notamment <strong>bout de papier <\/strong>et notre programme d\u2019assurances collectives, nous ferons \u00e9galement le point sur les grands changements \u00e0 notre structure de gouvernance qui vont survenir \u00e0 la suite de votre d\u00e9cision d\u2019ench\u00e2sser dans nos Statuts le mod\u00e8le de pr\u00e9sidence r\u00e9mun\u00e9r\u00e9e \u00e0 temps plein. Il s\u2019agit l\u00e0 d\u2019un grand pas en avant pour notre petite association. Si vous avez des questions ou d\u00e9sirez simplement en savoir davantage \u00e0 cet \u00e9gard, je vous invite \u00e0 participer \u00e0 l\u2019AGA de lundi prochain. Pour obtenir le lien \u00e0 l\u2019assembl\u00e9e, il suffit d\u2019envoyer un courriel \u00e0 <a href=\"mailto:agm-aga@pafso-apase.com\">agm-aga@pafso-apase.com<\/a>. En pr\u00e9vision de l\u2019assembl\u00e9e de lundi, les rapports pertinents et autres documents qui feront l\u2019objet de discussion sont accessibles <a href=\"https:\/\/pafso.com\/fr\/aga2021\/\">ici pour fins d\u2019examen<\/a>.<\/p>\n<p>En outre, l\u2019APASE tiendra la semaine prochaine sa toute premi\u00e8re Semaine de l\u2019art de la profession du service ext\u00e9rieur. Parrain\u00e9e par le Comit\u00e9 professionnel, elle vous offrira une excellente occasion de r\u00e9seauter, d\u2019\u00e9changer vos exp\u00e9riences, d\u2019entendre des experts dans toute une gamme de disciplines et de vous renseigner sur les probl\u00e8mes qui se posent pour vos coll\u00e8gues des autres fili\u00e8res. Il y aura deux s\u00e9ances chaque jour dont les th\u00e8mes varieront de la promotion des entreprises autochtones au mieux-\u00eatre psychologique de nos membres, en passant par une journ\u00e9e dans la vie de l\u2019agent ou de l\u2019agente de l\u2019AISE. Il s\u2019agit de notre plus ambitieuse conf\u00e9rence de perfectionnement professionnel jusqu\u2019ici. Elle se composera de cinq grosses journ\u00e9es de discussions en table ronde et en panel couvrant toutes les facettes de notre profession, de notre m\u00e9tier, de notre art. Pour consulter le programme complet et le d\u00e9tail des activit\u00e9s et vous inscrire, <a href=\"https:\/\/pafso.com\/fr\/artduserviceexterieur2021\/\">cliquez ici<\/a>.<\/p>\n<p>Je suis heureuse de vous annoncer que notre Comit\u00e9 des communications vient tout juste de lancer sa plus r\u00e9cente campagne de sensibilisation. Sous le th\u00e8me \u00ab\u00a0L\u2019APASE est l\u00e0 pour vous\u00a0\u00bb, la campagne vise \u00e0 sensibiliser nos membres \u00e0 ce que nous pouvons leur offrir \u00e0 titre de syndicat et d\u2019association professionnelle. Par le pass\u00e9, nous ne vous avons peut-\u00eatre pas fait comprendre aussi bien que nous aurions d\u00fb la valeur d\u2019\u00eatre membre de l\u2019APASE. L\u2019APASE a beaucoup \u00e0 offrir \u00e0 ses membres, et nous voulons que vous le sachiez. Que vous soyez un nouveau membre souhaitant se familiariser avec nous ou un membre de longue date avec lequel nous n\u2019avons pas communiqu\u00e9, l\u2019APASE tient \u00e0 ce que vous sachiez que nous travaillons pour vous. Restez \u00e0 l\u2019aff\u00fbt de la campagne dans les m\u00e9dias sociaux, partagez-la avec vos amis et coll\u00e8gues et apprenez-en davantage sur toutes les fa\u00e7ons dont <a href=\"https:\/\/pafso.com\/fr\/lapase-est-la-pour-vous\/\">l\u2019APASE est l\u00e0 pour vous<\/a>.<\/p>\n<p>Je resterai br\u00e8ve car nous sommes sur le point d\u2019entamer une autre semaine affair\u00e9e. Si vous avez des pr\u00e9occupations au sujet de votre situation au travail, n\u2019h\u00e9sitez pas \u00e0 communiquer avec notre directrice g\u00e9n\u00e9rale,\u00a0<a href=\"mailto:kim.coles@pafso.com\">Kim Coles<\/a>.\u00a0Elle vous mettra en contact avec l\u2019un ou l\u2019une de nos conseillers en relations de travail. Pour toute autre question, envoyez un courriel \u00e0 <a href=\"mailto:info@pafso.com\">info@pafso.com<\/a>.<\/p>\n<p>Nos pause-caf\u00e9 virtuelles hebdomadaires se poursuivent toujours \u00e0 l\u2019intention de ceux et celles qui souhaitent un \u00e9change rapide et informel, mais il n\u2019y en aura pas la semaine prochaine \u00e0 cause des activit\u00e9s de la Semaine de l\u2019art de la profession. Elles se tiennent habituellement le mercredi \u00e0 10h30, heure d\u2019Ottawa. Pour y participer, vous pouvez vous inscrire <a href=\"https:\/\/us02web.zoom.us\/webinar\/register\/WN_AR7K6Q7zRSG7C2YVCvviEw\">ici<\/a>. Et, comme toujours, si cette heure ne vous convient pas \u00e0 vous et \u00e0 vos coll\u00e8gues pour quelque raison que ce soit, <a href=\"mailto:pamela.isfeld@pafso.com\">envoyez-moi un courriel<\/a> et nous organiserons une s\u00e9ance sp\u00e9ciale \u00e0 l\u2019heure qui vous conviendra.<\/p>\n<p>J\u2019ai vraiment h\u00e2te \u00e0 la semaine prochaine. J\u2019esp\u00e8re vous voir en grand nombre \u00e0 l\u2019AGA de lundi (envoyez un courriel <a href=\"mailto:agm-aga@pafso.com\">ici<\/a> si vous d\u00e9sirez y participer). Et je suis impatiente de prendre part \u00e0 toutes les belles discussions tout au cours de la <a href=\"https:\/\/pafso.com\/fr\/artduserviceexterieur2021\/\">Semaine de l\u2019art de la profession<\/a>. Je suis convaincue que vous serez nombreux et nombreuses devant vos \u00e9crans.<\/p>\n<p>Je vous reviens dans quelques semaines. Dans l\u2019intervalle, j\u2019esp\u00e8re que vous et vos proches resterez prudents. Prenez soin de vous et les uns des autres.<\/p>\n<p>Cordialement,<\/p>\n<p><strong>Pam Isfeld<br \/>\n<\/strong>Pr\u00e9sidente<\/p>\n","protected":false},"excerpt":{"rendered":"<p>Chers membres, L\u2019APASE et les autres agents n\u00e9gociateurs de l\u2019administration publique centrale continuent de passer par une p\u00e9riode tr\u00e8s active. Ensemble, nous poursuivons notre travail afin de garantir que la politique de l\u2019employeur en mati\u00e8re de vaccination soit appliqu\u00e9e avec coh\u00e9rence, de prot\u00e9ger le droit \u00e0 la vie priv\u00e9e de nos membres, de faire en [&hellip;]<\/p>\n","protected":false},"author":1,"featured_media":0,"comment_status":"closed","ping_status":"closed","sticky":false,"template":"","format":"standard","meta":{"_acf_changed":false,"_seopress_robots_primary_cat":"","_seopress_titles_title":"","_seopress_titles_desc":"","_seopress_robots_index":"","footnotes":""},"categories":[41],"tags":[],"class_list":["post-4145","post","type-post","status-publish","format-standard","hentry","category-mise-a-jour-de-la-presidente"],"acf":[],"_links":{"self":[{"href":"https:\/\/pafso.com\/fr\/wp-json\/wp\/v2\/posts\/4145","targetHints":{"allow":["GET"]}}],"collection":[{"href":"https:\/\/pafso.com\/fr\/wp-json\/wp\/v2\/posts"}],"about":[{"href":"https:\/\/pafso.com\/fr\/wp-json\/wp\/v2\/types\/post"}],"author":[{"embeddable":true,"href":"https:\/\/pafso.com\/fr\/wp-json\/wp\/v2\/users\/1"}],"replies":[{"embeddable":true,"href":"https:\/\/pafso.com\/fr\/wp-json\/wp\/v2\/comments?post=4145"}],"version-history":[{"count":1,"href":"https:\/\/pafso.com\/fr\/wp-json\/wp\/v2\/posts\/4145\/revisions"}],"predecessor-version":[{"id":4393,"href":"https:\/\/pafso.com\/fr\/wp-json\/wp\/v2\/posts\/4145\/revisions\/4393"}],"wp:attachment":[{"href":"https:\/\/pafso.com\/fr\/wp-json\/wp\/v2\/media?parent=4145"}],"wp:term":[{"taxonomy":"category","embeddable":true,"href":"https:\/\/pafso.com\/fr\/wp-json\/wp\/v2\/categories?post=4145"},{"taxonomy":"post_tag","embeddable":true,"href":"https:\/\/pafso.com\/fr\/wp-json\/wp\/v2\/tags?post=4145"}],"curies":[{"name":"wp","href":"https:\/\/api.w.org\/{rel}","templated":true}]}}