{"id":4136,"date":"2021-06-21T13:52:39","date_gmt":"2021-06-21T13:52:39","guid":{"rendered":"https:\/\/pafso.aponiawebsolutions.ca\/non-classifiee\/lapase-annonce-le-lancement-du-concours-de-photos-2021\/"},"modified":"2023-08-23T20:24:11","modified_gmt":"2023-08-23T20:24:11","slug":"lapase-annonce-le-lancement-du-concours-de-photos-2021","status":"publish","type":"post","link":"https:\/\/pafso.com\/fr\/non-classifiee\/lapase-annonce-le-lancement-du-concours-de-photos-2021\/","title":{"rendered":"L&rsquo;APASE annonce le lancement du concours de photos 2021"},"content":{"rendered":"<p>L\u2019Association professionnelle des agents du Service ext\u00e9rieur (APASE) est heureuse de vous inviter\u00a0\u00e0 participer au concours annuel de photos 2021.<\/p>\n<p><strong><br \/>\n<\/strong><strong>Th\u00e8me du concours<\/strong><\/p>\n<p>Le th\u00e8me du concours de cette ann\u00e9e est <strong>La prochaine normalit\u00e9<\/strong>. De votre point de vue particulier, o\u00f9 vous \u00eates dans le monde, que voyez-vous \u00e9merger comme notre vie post-pand\u00e9mique? Nos juges sont int\u00e9ress\u00e9s \u00e0 voir \u00e0 travers vos yeux \u2013 et vos objectifs \u2013\u00a0comment change l\u2019exp\u00e9rience quotidienne dans laquelle vous travaillez et vivez alors que le monde commence sa lente r\u00e9cup\u00e9ration apr\u00e8s plus d\u2019un an de crise.<\/p>\n<p><strong><br \/>\n<\/strong><strong>Admissibilit\u00e9<\/strong><\/p>\n<p>Le concours est ouvert \u00e0 tous les membres de l\u2019APASE. Les photos peuvent \u00eatre fournies par les conjoints et les personnes \u00e0 charge, mais elles doivent toutes \u00eatre soumises sous le nom du membre de l\u2019Association.<\/p>\n<p><strong><br \/>\n<\/strong><strong>Soumissions<\/strong><\/p>\n<p><strong>Nombre limite d\u2019inscriptions<\/strong><\/p>\n<p>Limite de trois photos par membre.<\/p>\n<p><strong>Images originales seulement<\/strong><\/p>\n<p>Les inscriptions doivent \u00eatre des images originales qui n\u2019ont pas d\u00e9j\u00e0 \u00e9t\u00e9 publi\u00e9es.<\/p>\n<p><strong>Modifications num\u00e9riques<\/strong><\/p>\n<p>De l\u00e9g\u00e8res am\u00e9liorations des images num\u00e9riques sont permises, mais toute image modifi\u00e9e substantiellement ne sera pas accept\u00e9e.<\/p>\n<p><strong>Consentement des sujets<\/strong><\/p>\n<p>Assurez-vous d\u2019obtenir le consentement de toutes personnes qui figurent dans les images que vous soumettez au concours.<\/p>\n<p><strong>Taille des fichiers<\/strong><\/p>\n<p>Les images doivent \u00eatre soumises en format JPEG (\u00e0 haute r\u00e9solution) ou TIFF. Pour fins de publication optimale, une r\u00e9solution minimale de 5 m\u00e9gapixels ou 300 dpi et une taille d\u2019au plus 15 Mo par image sont exig\u00e9es.<\/p>\n<p><strong>Noms de fichiers<\/strong><\/p>\n<p>Le nom de fichier de vos soumissions doit inclure votre nom au complet, le titre de la photo et l\u2019emplacement\u00a0<em>(par ex., Nomdefichier_Nomdefamille_Titredemaphoto_Ville_Pays.jpg)<\/em>.<br \/>\n<strong>Comment participer<\/strong><\/p>\n<p>Vous pouvez vous inscrire au concours en utilisant ce <a href=\"https:\/\/pafso.com\/fr\/concours-de-photos-2021\/\">formulaire de soumission<\/a>.<\/p>\n<p><strong><br \/>\n<\/strong><strong>Date limite de soumission<\/strong><\/p>\n<p>Toutes les soumissions doivent \u00eatre re\u00e7ues au plus tard\u00a0<strong>le vendredi 13 ao\u00fbt 2021<\/strong>.<\/p>\n<p><strong><br \/>\n<\/strong><strong>Crit\u00e8res de jugement<\/strong><\/p>\n<p>Les photos seront jug\u00e9es en fonction de leur cr\u00e9ativit\u00e9, de leur composition, de leur impact visuel et du respect du th\u00e8me du concours.<\/p>\n<p><strong><br \/>\n<\/strong><strong>Photos laur\u00e9ates<\/strong><\/p>\n<p>Les photos laur\u00e9ates seront publi\u00e9es dans le calendrier de bureau 2022 de l\u2019APASE, les m\u00e9dias sociaux de l\u2019APASE, notre magazine <strong>bout de papier<\/strong> et sur le site web de l\u2019APASE. Les trois premiers laur\u00e9ats se verront attribuer des certificats-cadeaux.<\/p>\n<p><strong><br \/>\n<\/strong><strong>Modalit\u00e9s et conditions<\/strong><\/p>\n<p>L\u2019APASE se r\u00e9serve le droit illimit\u00e9 d\u2019utiliser toutes les photographies soumises pour fins de mat\u00e9riel promotionnel de l\u2019APASE, de publication dans\u00a0<em>bout de papier<\/em>\u00a0et d\u2019affichage sur le site web de l\u2019APASE. Les participants conf\u00e8rent par ailleurs \u00e0 l\u2019APASE un droit non exclusif pour une dur\u00e9e ind\u00e9termin\u00e9e de publier, d\u2019utiliser, de distribuer, de reproduire ou d\u2019exposer dans un endroit public leurs photographies et de cr\u00e9er des produits d\u00e9riv\u00e9s \u00e0 partir de celles-ci, que ce soit en ligne, dans les imprim\u00e9s ou d\u2019autres m\u00e9dias, dans des documents ou des expositions, \u00e0 des fins de promotion de l\u2019APASE, et ce, sans compensation, sauf l\u00e0 o\u00f9 interdit par la loi. Les photographies seront attribu\u00e9es \u00e0 l\u2019auteur. Sous r\u00e9serve des droits confi\u00e9s \u00e0 l\u2019APASE, vous conservez les droits d\u2019auteur pour tout usage ult\u00e9rieur des photographies que vous soumettrez \u00e0 ce concours.<\/p>\n<p>Nous attendons vos chefs-d\u2019\u0153uvre!<\/p>\n<p><strong>Comit\u00e9 ex\u00e9cutif de l\u2019APASE<\/strong><\/p>\n","protected":false},"excerpt":{"rendered":"<p>L\u2019Association professionnelle des agents du Service ext\u00e9rieur (APASE) est heureuse de vous inviter\u00a0\u00e0 participer au concours annuel de photos 2021. Th\u00e8me du concours Le th\u00e8me du concours de cette ann\u00e9e est La prochaine normalit\u00e9. De votre point de vue particulier, o\u00f9 vous \u00eates dans le monde, que voyez-vous \u00e9merger comme notre vie post-pand\u00e9mique? Nos juges [&hellip;]<\/p>\n","protected":false},"author":1,"featured_media":0,"comment_status":"closed","ping_status":"closed","sticky":false,"template":"","format":"standard","meta":{"_acf_changed":false,"_seopress_robots_primary_cat":"","_seopress_titles_title":"","_seopress_titles_desc":"","_seopress_robots_index":"","footnotes":""},"categories":[31],"tags":[],"class_list":["post-4136","post","type-post","status-publish","format-standard","hentry","category-non-classifiee"],"acf":[],"_links":{"self":[{"href":"https:\/\/pafso.com\/fr\/wp-json\/wp\/v2\/posts\/4136","targetHints":{"allow":["GET"]}}],"collection":[{"href":"https:\/\/pafso.com\/fr\/wp-json\/wp\/v2\/posts"}],"about":[{"href":"https:\/\/pafso.com\/fr\/wp-json\/wp\/v2\/types\/post"}],"author":[{"embeddable":true,"href":"https:\/\/pafso.com\/fr\/wp-json\/wp\/v2\/users\/1"}],"replies":[{"embeddable":true,"href":"https:\/\/pafso.com\/fr\/wp-json\/wp\/v2\/comments?post=4136"}],"version-history":[{"count":1,"href":"https:\/\/pafso.com\/fr\/wp-json\/wp\/v2\/posts\/4136\/revisions"}],"predecessor-version":[{"id":4402,"href":"https:\/\/pafso.com\/fr\/wp-json\/wp\/v2\/posts\/4136\/revisions\/4402"}],"wp:attachment":[{"href":"https:\/\/pafso.com\/fr\/wp-json\/wp\/v2\/media?parent=4136"}],"wp:term":[{"taxonomy":"category","embeddable":true,"href":"https:\/\/pafso.com\/fr\/wp-json\/wp\/v2\/categories?post=4136"},{"taxonomy":"post_tag","embeddable":true,"href":"https:\/\/pafso.com\/fr\/wp-json\/wp\/v2\/tags?post=4136"}],"curies":[{"name":"wp","href":"https:\/\/api.w.org\/{rel}","templated":true}]}}