{"id":4134,"date":"2021-06-17T19:00:31","date_gmt":"2021-06-17T19:00:31","guid":{"rendered":"https:\/\/pafso.aponiawebsolutions.ca\/non-classifiee\/les-laureats-des-prix-de-lapase-2021\/"},"modified":"2023-08-23T20:24:12","modified_gmt":"2023-08-23T20:24:12","slug":"les-laureats-des-prix-de-lapase-2021","status":"publish","type":"post","link":"https:\/\/pafso.com\/fr\/non-classifiee\/les-laureats-des-prix-de-lapase-2021\/","title":{"rendered":"Les laur\u00e9ats des Prix de l&rsquo;APASE 2021"},"content":{"rendered":"<figure id=\"attachment_8552\" aria-describedby=\"caption-attachment-8552\" style=\"width: 1024px\" class=\"wp-caption aligncenter\"><img fetchpriority=\"high\" decoding=\"async\" class=\"size-large wp-image-8552\" src=\"https:\/\/pafso.com\/wp-content\/uploads\/2021\/06\/2021PAFSOAwardsRecipients-1024x320.jpg\" alt=\"\" width=\"1024\" height=\"320\" \/><figcaption id=\"caption-attachment-8552\" class=\"wp-caption-text\">De gauche \u00e0 droite : St\u00e9fanie Bergeron, Robin Crowder, Francis Huot et Phedra Moon Morris.<\/figcaption><\/figure>\n<p>Apr\u00e8s une ann\u00e9e de pause attribuable \u00e0 la COVID-19, l\u2019Association professionnelle des agents du Service ext\u00e9rieur (l\u2019APASE) relance cette ann\u00e9e son programme de prix. Le comit\u00e9 des prix a re\u00e7u au cours des deux derni\u00e8res ann\u00e9es un nombre exceptionnel de mises en candidature qui ont \u00e9t\u00e9 soumises \u00e0 l\u2019examen des membres distingu\u00e9s du jury de s\u00e9lection des prix. Le jury a choisi quatre dignes laur\u00e9ats et laur\u00e9ates repr\u00e9sentants les fili\u00e8res Politique, Commerce, Immigration et Aide internationale du service ext\u00e9rieur.<\/p>\n<p>La 31<sup>e<\/sup> \u00e9dition du programme de prix de l\u2019APASE est exceptionnelle \u00e0 maints \u00e9gards. Elle raconte les histoires d\u2019agents et agentes du service ext\u00e9rieur qui se sont d\u00e9marqu\u00e9s au cours d\u2019une ann\u00e9e extr\u00eamement difficile, tant en r\u00e9action \u00e0 des crises urgentes r\u00e9sultant de la pand\u00e9mie que dans l\u2019exercice de leurs fonctions \u00ab\u00a0ordinaires\u00a0\u00bb du service ext\u00e9rieur dans des circonstances qui n\u2019avaient rien de normales. C\u2019est aussi la premi\u00e8re fois que des agents et agentes du service ext\u00e9rieur de la nouvelle fili\u00e8re Aide internationale (AISE) \u00e9taient admissibles \u00e0 la mise en candidature et, \u00e9galement, la premi\u00e8re fois qu\u2019un coll\u00e8gue de l\u2019AISE se voyait d\u00e9cerner un prix de l\u2019APASE.<\/p>\n<p>Les laur\u00e9ats des prix de l\u2019APASE pour 2021 sont\u00a0:<\/p>\n<p><strong>ST\u00c9FANIE BERGERON<br \/>\n<\/strong>St\u00e9fanie Bergeron en \u00e9tait sur sa premi\u00e8re affectation \u00e0 l\u2019\u00e9tranger, \u00e0 Bamako au Mali, comme une Agente junior de Service ext\u00e9rieur. Mais, d\u00e8s sa premi\u00e8re ann\u00e9e elle a occup\u00e9 un poste de niveau FS3 par int\u00e9rim\u00a0: Gestionnaire de programme en politique \u00e9trang\u00e8re et diplomatie.<\/p>\n<p>Au mois de mars, l\u2019an dernier, St\u00e9fanie avait contribu\u00e9 \u00e0 rapatrier la victime canadienne d\u2019un enl\u00e8vement; puis, la Mission a \u00e9t\u00e9 forc\u00e9e d\u2019\u00e9vacuer le personnel non-essentiel \u00e0 cause de la pand\u00e9mie. St\u00e9fanie a pris sur elle seule le travail de la section enti\u00e8re du Service en travaillant souvent tard dans la nuit pour aider des Canadiens bloqu\u00e9s \u00e0 quitter le Mali.<\/p>\n<p>Au mois d\u2019ao\u00fbt, \u00e0 peine deux jours apr\u00e8s le coup d\u2019\u00e9tat militaire, on lui a demand\u00e9 d\u2019occuper le poste de Charg\u00e9e d\u2019affaires du Canada en l\u2019absence de l\u2019ambassadeur. Pendant les six mois qui ont suivi, en d\u00e9pit de l\u2019incertitude politique et d\u2019un conflit arm\u00e9, elle a orient\u00e9 et respect\u00e9 les priorit\u00e9s du Canada, parfois au prix d\u2019un risque personnel important. En \u00e9troite collaboration avec ses coll\u00e8gues, avec le personnel engag\u00e9 sur place et avec la communaut\u00e9 diplomatique, elle a fourni des analyses politiques et des conseils opportuns au sujet du coup d\u2019\u00e9tat.<\/p>\n<p>De plus, elle a fait progresser les int\u00e9r\u00eats du Canada dans la r\u00e9gion, du point de vue consulaire et commercial comme celui du d\u00e9veloppement. Pendant tout ce temps, elle est rest\u00e9e fortement engag\u00e9e face \u00e0 la s\u00e9curit\u00e9 du personnel qui retournait au travail.<\/p>\n<p>Il est rare, dans l\u2019histoire du Minist\u00e8re, qu\u2019une agente d\u00e9butante ait occup\u00e9 un poste sup\u00e9rieur dans des circonstances aussi difficiles. St\u00e9fanie Bergeron a fait preuve de leadership admirable\u00a0: elle est une agente du Service ext\u00e9rieur remarquable.<\/p>\n<p><strong>ROBIN CROWDER<br \/>\n<\/strong>Au cours d\u2019une ann\u00e9e normale, le r\u00f4le de Robin Crowder \u00e0 titre de Gestionnaire des affectations de la Direction de la gestion des effectifs au R\u00e9seau international d\u2019IRCC est d\u00e9j\u00e0 exigeant. Elle jumelle les personnes aux affectations, agissant comme pivot pour le perfectionnement professionnel et le bien-\u00eatre personnel de chaque personne dans un poste FS.<\/p>\n<div>\n<p class=\"Default\"><span lang=\"FR-CA\">Toutefois, l\u2019ann\u00e9e fut loin d\u2019\u00eatre normale. D\u00e8s janvier, avec la premi\u00e8re \u00e9closion de la Covid-19 en Chine continentale, Robin a particip\u00e9 au processus d\u2019\u00e9vacuation des agents d\u2019IRCC et des membres de leur famille. Tout le monde pensait que ce serait temporaire, pour quatre \u00e0 six semaines.\u00a0<\/span><\/p>\n<\/div>\n<div>\n<p class=\"Default\"><span lang=\"FR-CA\">Robin Crowder a g\u00e9r\u00e9 l\u2019une des pires situations constamment changeantes possibles. \u00c0 mesure que la pand\u00e9mie croissait et que les demandes urgentes se multipliaient dans le monde, son \u00e9quipe a pr\u00eat\u00e9 l\u2019oreille, s\u2019est adapt\u00e9e et a offert des solutions et des alternatives \u00e0 la moindre occasion. Sa priorit\u00e9 a toujours \u00e9t\u00e9 la s\u00e9curit\u00e9 des agents et des membres de leur famille.<\/span><\/p>\n<\/div>\n<div>\n<p class=\"Default\"><span lang=\"FR-CA\">Par des mises \u00e0 jour par courriel, des appels personnels et des vid\u00e9oconf\u00e9rences, Robin a tenu tout le monde au courant, branch\u00e9 et calme sur une base souvent quotidienne. Et m\u00eame lorsque litt\u00e9ralement des centaines se trouvaient en ligne dans un appel vid\u00e9o \u00e0 partir de son sous-sol, elle a r\u00e9ussi \u00e0 faire en sorte que chacun, chacune, se sente appr\u00e9ci\u00e9 et appuy\u00e9. Elle a r\u00e9pondu \u00e0 toutes sortes de questions, qu\u2019il s\u2019agisse des familles \u00e9largies et des \u00e9tudes des enfants, sans oublier les foyers, les carri\u00e8res et les coll\u00e8gues. Son \u00e9coute attentive et empathique et, surtout, son humanit\u00e9 et son honn\u00eatet\u00e9, ont inspir\u00e9 confiance.<\/span><\/p>\n<\/div>\n<div><span lang=\"FR-CA\">Robin Crowder elle-m\u00eame constitue l\u2019exemple parfait d\u2019une gestionnaire charg\u00e9e de trouver la bonne personne pour chaque emploi. Par sa compassion et sa bont\u00e9, sa sagesse et sa prise en charge s\u00e9curisante, elle a rendu un service ph\u00e9nom\u00e9nal \u00e0 IRCC et au Canada. <\/span><\/div>\n<p><strong>FRANCIS HUOT<br \/>\n<\/strong>Francis Huot est un d\u00e9l\u00e9gu\u00e9 commercial d\u2019exp\u00e9rience. Ainsi, en arrivant en Nouvelle-Z\u00e9lande, il a tout de suite not\u00e9 une particularit\u00e9 dans ce march\u00e9\u00a0: l\u2019\u00e9conomie maorie croissait plus rapidement qu\u2019aucun autre secteur de l\u2019\u00e9conomie du pays. Il y a per\u00e7u un march\u00e9 en croissance, mais \u00e9galement une fa\u00e7on de s\u2019ins\u00e9rer dans le domaine sous-repr\u00e9sent\u00e9 des \u00e9changes directs entre indig\u00e8nes.<\/p>\n<p>Pour les Maoris, le commerce efficace est fond\u00e9 sur une relation de confiance. Francis a \u00e9tabli ces relations en misant sur l\u2019opportunit\u00e9 r\u00e9ciproque et sur le commerce durable. Il est devenu la personne-ressource au sein de la communaut\u00e9 d\u2019affaires maorie et du gouvernement n\u00e9o-z\u00e9landais.<\/p>\n<p>Il a aid\u00e9 \u00e0 mettre sur pied une d\u00e9l\u00e9gation canadienne de gens d\u2019affaires indig\u00e8nes au Forum mondial des Entreprises autochtones; la premi\u00e8re mission commerciale autochtone du Canada et l\u2019occasion de tisser des liens avec plus de cinq cent cinquante dirigeants et entreprises.<\/p>\n<p>Francis a particip\u00e9 au lancement de Indigi-X, un programme d\u2019\u00e9changes \u00e0 l\u2019intention de jeunes professionnels autochtones visant la cr\u00e9ation de r\u00e9seaux politiques et commerciaux. D\u2019ailleurs, les Hauts commissariats du Canada et de la Nouvelle-Z\u00e9lande soutiennent cette initiative du secteur priv\u00e9.<\/p>\n<p>De concert avec le gouvernement n\u00e9o-z\u00e9landais, Francis a accompagn\u00e9 une d\u00e9l\u00e9gation de dirigeants commerciaux maoris \u00e0 Vancouver \u00e0 l\u2019occasion Forum mondial des Entreprises autochtones, organis\u00e9 par le Canada en deux mille dix-neuf.<\/p>\n<p>Francis Huot s\u2019av\u00e8re un pionnier en mati\u00e8re de politiques et de programmes. Ces fondations solides et ces r\u00e9seaux forts qu\u2019il a construits demeureront bien apr\u00e8s que Francis ait quitt\u00e9 son poste.<\/p>\n<p><strong>PHEDRA MOON MORRIS<br \/>\n<\/strong>Phedra Moon Morris a toujours fait bouger les choses, si complexes soient-elles. En 2017, elle a entrepris une affectation comme chef de l\u2019Aide au Haut-Commissariat du Canada au Bangladesh, pr\u00eate \u00e0 g\u00e9rer l\u2019aide au d\u00e9veloppement.<\/p>\n<p>Mais, \u00e0 peine quelques jours apr\u00e8s son arriv\u00e9e, un million de Rohingya ont surgi et franchi la fronti\u00e8re en provenance du Myanmar et Phedra Moon a d\u00fb pivoter rapidement. S\u2019adaptant \u00e0 l\u2019exode de personnes fuyant un g\u00e9nocide, elle est devenue leur alli\u00e9e dans une crise humanitaire. Gr\u00e2ce \u00e0 son vaste r\u00e9seau couvrant de nombreuses missions et pays, Phedra Moon a r\u00e9uni les personnes comp\u00e9tentes pour cr\u00e9er des solutions novatrices et b\u00e2tir des consensus. Elle a formul\u00e9 des recommandations en appui non seulement \u00e0 la r\u00e9action d\u2019Ottawa \u00e0 la crise, mais aussi au fondement de la strat\u00e9gie triennale du Canada. Elle a ainsi plac\u00e9 le Canada \u00e0 l\u2019avant-plan de la r\u00e9ponse internationale. Phedra Moon est devenue LA personne-ressource au sein de la communaut\u00e9 diplomatique.<\/p>\n<p>Phedra Moon a \u00e9galement fait preuve d\u2019un solide engagement en mati\u00e8re de responsabilisation et de justice \u00e0 l\u2019\u00e9chelle internationale pour les Rohingya par ses efforts de soutien de la cause de la Gambie contre le Myanmar devant le Tribunal international. Elle a personnellement vu au passage s\u00fbr des t\u00e9moins des r\u00e9fugi\u00e9s afin qu\u2019ils puissent t\u00e9moigner \u00e0 La Haye et fait en sorte qu\u2019une mission d\u2019enqu\u00eate de la GRC visant \u00e0 \u00e9tayer les d\u00e9clarations dans les camps puisse aller de l\u2019avant, tout cela pendant la pand\u00e9mie.<\/p>\n<p>Phedra Moon Morris d\u00e9place les montagnes \u2013 et parfois toute la communaut\u00e9 internationale \u2013 afin de soutenir les personnes les plus vuln\u00e9rables au monde. Elle m\u00e9rite vraiment le prix de cette ann\u00e9e.<\/p>\n<p>&#8212;&#8211;<\/p>\n<p>Le jury de s\u00e9lection de 2018 \u00e9tait compos\u00e9 de\u00a0: D<sup>r<\/sup>\u00a0Roland Paris (pr\u00e9sident), M<sup>me<\/sup>\u00a0Anne Arnott, M.\u00a0Bill Crosbie, M<sup>me\u00a0<\/sup>Meredith Preston McGhie, M. Tom MacDonald et M<sup>me<\/sup>\u00a0Emmanuelle Latraverse.<\/p>\n","protected":false},"excerpt":{"rendered":"<p>Apr\u00e8s une ann\u00e9e de pause attribuable \u00e0 la COVID-19, l\u2019Association professionnelle des agents du Service ext\u00e9rieur (l\u2019APASE) relance cette ann\u00e9e son programme de prix. Le comit\u00e9 des prix a re\u00e7u au cours des deux derni\u00e8res ann\u00e9es un nombre exceptionnel de mises en candidature qui ont \u00e9t\u00e9 soumises \u00e0 l\u2019examen des membres distingu\u00e9s du jury de [&hellip;]<\/p>\n","protected":false},"author":1,"featured_media":0,"comment_status":"closed","ping_status":"closed","sticky":false,"template":"","format":"standard","meta":{"_acf_changed":false,"_seopress_robots_primary_cat":"","_seopress_titles_title":"","_seopress_titles_desc":"","_seopress_robots_index":"","footnotes":""},"categories":[31],"tags":[],"class_list":["post-4134","post","type-post","status-publish","format-standard","hentry","category-non-classifiee"],"acf":[],"_links":{"self":[{"href":"https:\/\/pafso.com\/fr\/wp-json\/wp\/v2\/posts\/4134","targetHints":{"allow":["GET"]}}],"collection":[{"href":"https:\/\/pafso.com\/fr\/wp-json\/wp\/v2\/posts"}],"about":[{"href":"https:\/\/pafso.com\/fr\/wp-json\/wp\/v2\/types\/post"}],"author":[{"embeddable":true,"href":"https:\/\/pafso.com\/fr\/wp-json\/wp\/v2\/users\/1"}],"replies":[{"embeddable":true,"href":"https:\/\/pafso.com\/fr\/wp-json\/wp\/v2\/comments?post=4134"}],"version-history":[{"count":1,"href":"https:\/\/pafso.com\/fr\/wp-json\/wp\/v2\/posts\/4134\/revisions"}],"predecessor-version":[{"id":4404,"href":"https:\/\/pafso.com\/fr\/wp-json\/wp\/v2\/posts\/4134\/revisions\/4404"}],"wp:attachment":[{"href":"https:\/\/pafso.com\/fr\/wp-json\/wp\/v2\/media?parent=4134"}],"wp:term":[{"taxonomy":"category","embeddable":true,"href":"https:\/\/pafso.com\/fr\/wp-json\/wp\/v2\/categories?post=4134"},{"taxonomy":"post_tag","embeddable":true,"href":"https:\/\/pafso.com\/fr\/wp-json\/wp\/v2\/tags?post=4134"}],"curies":[{"name":"wp","href":"https:\/\/api.w.org\/{rel}","templated":true}]}}