{"id":4130,"date":"2021-04-16T18:49:49","date_gmt":"2021-04-16T18:49:49","guid":{"rendered":"https:\/\/pafso.aponiawebsolutions.ca\/non-classifiee\/le-point-sur-la-covid-19-de-la-presidente-de-lapase-pour-le-16-avril-2021\/"},"modified":"2023-08-23T20:24:13","modified_gmt":"2023-08-23T20:24:13","slug":"le-point-sur-la-covid-19-de-la-presidente-de-lapase-pour-le-16-avril-2021","status":"publish","type":"post","link":"https:\/\/pafso.com\/fr\/mise-a-jour-de-la-presidente\/le-point-sur-la-covid-19-de-la-presidente-de-lapase-pour-le-16-avril-2021\/","title":{"rendered":"Le point sur la COVID-19 de la pr\u00e9sidente de l\u2019APASE pour le 16 avril 2021"},"content":{"rendered":"<p>Chers membres,<\/p>\n<p>Mon dernier message remonte \u00e0 presque un mois et, dans ce court laps de temps, il semble que le printemps se soit install\u00e9 ici, dans l\u2019h\u00e9misph\u00e8re nord. Quoique de nombreux pays partout dans le monde, y compris le Canada, soient actuellement aux prises avec la pire vague de la pand\u00e9mie, le printemps n\u2019en demeure pas moins une saison propice \u00e0 l\u2019optimisme. Les progr\u00e8s marqu\u00e9s dans les programmes de vaccination au Canada et \u00e0 l\u2019\u00e9tranger sont riches de promesses pour l\u2019avenir.<\/p>\n<p>Pour bon nombre d\u2019entre vous, cet avenir prometteur comprend une nouvelle affectation plus tard cet \u00e9t\u00e9. Au d\u00e9but de la semaine, j\u2019ai \u00e9t\u00e9 heureuse d\u2019apprendre que AMC collabore avec les Forces arm\u00e9es canadiennes \u00e0 la vaccination de ceux et celles qui partiront en mission. Les d\u00e9tails restent encore flous, mais il s\u2019agit d\u2019un important pas dans la bonne direction.<\/p>\n<p>Ceux et celles qui se rendront en affectation devront subir une \u00e9valuation m\u00e9dicale. D\u2019apr\u00e8s quelques-uns de nos membres, ces \u00e9valuations auraient \u00e9t\u00e9 effectu\u00e9es de fa\u00e7on injuste ou discriminatoire. Je tiens \u00e0 vous rappeler que, depuis juillet, Sant\u00e9 Canada a \u00e9tabli un cadre en vertu duquel votre propre m\u00e9decin traitant peut proc\u00e9der \u00e0 votre \u00e9valuation. Si vous avez des pr\u00e9occupations au sujet de la mani\u00e8re dont votre \u00e9valuation s\u2019est d\u00e9roul\u00e9e, n\u2019h\u00e9sitez pas \u00e0\u00a0<a href=\"mailto:info@pafso.com\">communiquer avec notre si\u00e8ge social<\/a>\u00a0pour obtenir de l\u2019aide de l\u2019un ou l\u2019une de nos conseillers en relations de travail.<\/p>\n<p>Comme je l\u2019ai d\u00e9j\u00e0 mentionn\u00e9, l\u2019APASE, l\u2019AFPC et les autres agents n\u00e9gociateurs sont sur le point d\u2019amorcer une nouvelle ronde de n\u00e9gociations avec le Conseil du Tr\u00e9sor afin d\u2019actualiser et de renforcer le R\u00e9gime de soins de sant\u00e9 de la fonction publique (RSSFP). Les pourparlers qui ont tant tard\u00e9 vont d\u00e9boucher apr\u00e8s que les syndicats de fonctionnaires f\u00e9d\u00e9raux et l\u2019Association nationale des retrait\u00e9s f\u00e9d\u00e9raux eurent, plus t\u00f4t cette ann\u00e9e, menac\u00e9 d\u2019intenter une poursuite au gouvernement pour l\u2019obliger \u00e0 se pr\u00e9senter \u00e0 la table de n\u00e9gociation.<\/p>\n<p>Le r\u00e9gime de soins de sant\u00e9, qui prot\u00e8ge la majorit\u00e9 des employ\u00e9s et des retrait\u00e9s de la fonction publique f\u00e9d\u00e9rale, n\u2019a pas \u00e9t\u00e9 actualis\u00e9 de mani\u00e8re utile depuis 2006 et d\u2019importantes mises \u00e0 jour s\u2019imposent pour tenir compte des r\u00e9centes perc\u00e9es m\u00e9dicales, des hausses du co\u00fbt des services de sant\u00e9 et des nouvelles technologies. Nous proposons une s\u00e9rie exhaustive de modifications visant \u00e0 am\u00e9liorer le r\u00e9gime de soins de sant\u00e9, notamment\u00a0:<\/p>\n<ul>\n<li>Augmenter la protection pour les soins de la vue (y compris la chirurgie oculaire au laser)<\/li>\n<li>Augmenter la protection pour tous les services param\u00e9dicaux (par exemple, soins de physioth\u00e9rapie, massoth\u00e9rapie, chiropractie)<\/li>\n<li>Augmenter la protection pour les services psychologiques (y compris le montant maximum admissible et l\u2019acc\u00e8s \u00e0 un plus grand \u00e9ventail de praticiens)<\/li>\n<li>Ne plus exiger d\u2019ordonnances pour les demandes de remboursement de soins param\u00e9dicaux<\/li>\n<li>Nouvelle protection pour les services d\u2019acupuncture<\/li>\n<li>Nouvelle protection pour le cannabis \u00e0 des fins m\u00e9dicales<\/li>\n<\/ul>\n<p>Vous pouvez consulter la liste compl\u00e8te des modifications que nous et les autres agents n\u00e9gociateurs proposons\u00a0<a href=\"https:\/\/pafso.com\/wp-content\/uploads\/2021\/04\/final_draft_full_proposals_for_comms_pshcp_fr.pdf\" data-cke-saved-href=\"https:\/\/pafso.com\/wp-content\/uploads\/2021\/04\/final_draft_full_proposals_for_comms_pshcp_fr.pdf\">ici sur notre site web<\/a>.<\/p>\n<p>R\u00e9cemment, dans le cadre de notre s\u00e9rie permanente de petits d\u00e9jeuners virtuels de l\u2019APASE, nous avons eu le plaisir d\u2019accueillir le D<sup>r<\/sup>\u00a0Raywat Deonandan pour une importante discussion sur l\u2019\u00e9tat actuel de la pand\u00e9mie. Si vous n\u2019avez pas eu la chance d\u2019y participer, vous trouverez l\u2019enregistrement int\u00e9gral de l\u2019activit\u00e9 sur\u00a0<a href=\"https:\/\/www.youtube.com\/watch?v=DDn0yX9VG2I\" data-cke-saved-href=\"https:\/\/www.youtube.com\/watch?v=DDn0yX9VG2I\">notre canal YouTube<\/a>. Notre prochain petit d\u00e9jeuner aura lieu le mardi 11 mai et mettra en vedette Stewart Wheeler, chef du protocole du Canada, qui nous parlera du r\u00e9seautage cr\u00e9atif en p\u00e9riode de pand\u00e9mie. Veuillez vous inscrire\u00a0<a href=\"https:\/\/us02web.zoom.us\/webinar\/register\/WN_C4vdyxl3S3STuVOPZ0n4NA\" data-cke-saved-href=\"https:\/\/us02web.zoom.us\/webinar\/register\/WN_C4vdyxl3S3STuVOPZ0n4NA\">ici<\/a>.<\/p>\n<p>\u00c0 propos de la s\u00e9rie de petits d\u00e9jeuners de l\u2019APASE, Tim Martin, auteur, ancien coll\u00e8gue et ancien invit\u00e9 de la s\u00e9rie, va rencontrer Hannah Thibedeau de la CBC pour une conversation sur le pouvoir et le potentiel des femmes dans l\u2019optique de la s\u00e9curit\u00e9 internationale. Tim parlera \u00e0 Hannah de son polar politique,\u00a0<em>Moral Hazards<\/em>, et des enjeux qu\u2019il soul\u00e8ve\u00a0: l\u2019intervention militaire, le viol comme arme de guerre et le r\u00f4le des chefs de guerre. La rencontre aura lieu le 20 avril, de 19h00 \u00e0 20h00, heure d\u2019Ottawa. On peut se procurer\u00a0<a href=\"https:\/\/www.canadahelps.org\/en\/charities\/project-tembo\/events\/powerandpotential\/\" data-cke-saved-href=\"https:\/\/www.canadahelps.org\/en\/charities\/project-tembo\/events\/powerandpotential\/\">ici<\/a>\u00a0des billets au co\u00fbt de 25\u00a0$. Il s\u2019agit d\u2019une collecte de fonds pour\u00a0<a href=\"https:\/\/www.projectembo.org\/\" data-cke-saved-href=\"https:\/\/www.projectembo.org\/\">Project TEMBO<\/a>, un organisme de bienfaisance qui offre \u00e9ducation et occasions de micro-affaires aux femmes et aux jeunes filles en Tanzanie.<\/p>\n<p>Je suis ravie d\u2019annoncer que le premier num\u00e9ro de la relance de\u00a0<strong>bout de papier<\/strong>\u00a0est enfin sorti des presses et pr\u00eat pour diffusion. Le nouveau num\u00e9ro est fantastique, et le comit\u00e9 de r\u00e9daction de bout planche actuellement sur des plans en vue d\u2019une \u00e9dition num\u00e9rique, peut-\u00eatre \u00e0 temps pour l\u2019automne. Je suis consciente que bon nombre d\u2019entre vous de la r\u00e9gion de la capitale nationale ne se rendent pas au bureau et pourraient donc rater cet important num\u00e9ro de notre publication phare. Si c\u2019est le cas,\u00a0<a href=\"mailto:info@pafso.com\" data-cke-saved-href=\"mailto:info@pafso.com\">veuillez donner votre adresse postale personnelle \u00e0 notre si\u00e8ge social<\/a>, et nous verrons \u00e0 ce que vous receviez votre exemplaire de\u00a0<strong>bout de papier<\/strong>.<\/p>\n<p>Enfin, nous restons tr\u00e8s inquiets du sort r\u00e9serv\u00e9 \u00e0 notre ami et coll\u00e8gue Michael Kovrig \u00e0 la suite du r\u00e9sultat de son proc\u00e8s \u00e0 Beijing le 22 mars. Depuis le 10 d\u00e9cembre 2018, soit 858 jours, lui et son compatriote canadien Michael Spavor sont d\u00e9tenus arbitrairement en Chine. Nous sommes encourag\u00e9s par la r\u00e9cente attention que le sort des deux Michael a suscit\u00e9e dans la communaut\u00e9 internationale, notamment au Secr\u00e9tariat d\u2019\u00c9tat des \u00c9.-U. Nous esp\u00e9rons qu\u2019une pression accrue au palier international aboutira \u00e9ventuellement \u00e0 la lib\u00e9ration de Michael Kovrig et de Michael Spavor.\u00a0Si vous souhaitez\u00a0<a href=\"https:\/\/pafso.com\/fr\/liberez-les-maintenant\/\" data-cke-saved-href=\"https:\/\/pafso.com\/fr\/liberez-les-maintenant\/\">faire reuve de solidarit\u00e9<\/a>\u00a0avec les deux Michael,\u00a0n\u2019h\u00e9sitez pas \u00e0 utiliser notre\u00a0trousse de graphiques\u00a0pour faire passer le message sur vos m\u00e9dias sociaux.<\/p>\n<p>Comme toujours, si vous avez des questions ou pr\u00e9occupations au sujet de votre situation particuli\u00e8re au travail, n\u2019h\u00e9sitez pas \u00e0 communiquer avec notre directrice g\u00e9n\u00e9rale,\u00a0<a href=\"mailto:kim.coles@pafso.com\" data-cke-saved-href=\"mailto:kim.coles@pafso.com\">Kim Coles<\/a>.\u00a0Elle s\u2019empressera de vous mettre en contact avec l\u2019un ou l\u2019autre de nos conseillers en relations de travail. Pour toute autre question, il suffit d\u2019envoyer un courriel \u00e0\u00a0<a data-cke-saved-href=\"mailto:info@pafso.com\">info@pafso.com<\/a>\u00a0en tout temps, et quelqu\u2019un communiquera rapidement avec vous.<\/p>\n<p>En outre, n\u2019oubliez pas nos pause-caf\u00e9 virtuelles du mercredi \u00e0 10h30, heure d\u2019Ottawa.\u00a0<a href=\"https:\/\/us02web.zoom.us\/j\/82239758551?pwd=dzgwUlIySFhWZ3RnZE1RZHRjMC8xZz09\" data-cke-saved-href=\"https:\/\/us02web.zoom.us\/j\/82239758551?pwd=dzgwUlIySFhWZ3RnZE1RZHRjMC8xZz09\">Cliquez ici<\/a>\u00a0si vous voulez vous joindre \u00e0 nous. En outre, si votre fuseau horaire vous emp\u00eache de vous joindre \u00e0 nous \u00e0 cette heure-l\u00e0,\u00a0<a href=\"mailto:pamela.isfeld@pafso.com\" data-cke-saved-href=\"mailto:pamela.isfeld@pafso.com\">envoyez-moi un courriel<\/a>\u00a0pour voir si nous pourrions organiser une s\u00e9ance convenable pour vous et vos coll\u00e8gues.<\/p>\n<p>Si vous vous trouvez dans une r\u00e9gion o\u00f9 l\u2019hiver a capitul\u00e9 devant le printemps, t\u00e2chez d\u2019en profiter au maximum et abandonnez-vous aux rayons du soleil. Les temps sont difficiles, mais il y a de l\u2019espoir. Je vous reviens au d\u00e9but de mai. D\u2019ici l\u00e0, prenez soin de vous et des autres.<\/p>\n<p>Cordialement,<\/p>\n<p><strong>Pam Isfeld<\/strong><br \/>\nPr\u00e9sidente<\/p>\n","protected":false},"excerpt":{"rendered":"<p>Chers membres, Mon dernier message remonte \u00e0 presque un mois et, dans ce court laps de temps, il semble que le printemps se soit install\u00e9 ici, dans l\u2019h\u00e9misph\u00e8re nord. Quoique de nombreux pays partout dans le monde, y compris le Canada, soient actuellement aux prises avec la pire vague de la pand\u00e9mie, le printemps n\u2019en [&hellip;]<\/p>\n","protected":false},"author":1,"featured_media":0,"comment_status":"closed","ping_status":"closed","sticky":false,"template":"","format":"standard","meta":{"_acf_changed":false,"_seopress_robots_primary_cat":"","_seopress_titles_title":"","_seopress_titles_desc":"","_seopress_robots_index":"","footnotes":""},"categories":[41],"tags":[],"class_list":["post-4130","post","type-post","status-publish","format-standard","hentry","category-mise-a-jour-de-la-presidente"],"acf":[],"_links":{"self":[{"href":"https:\/\/pafso.com\/fr\/wp-json\/wp\/v2\/posts\/4130","targetHints":{"allow":["GET"]}}],"collection":[{"href":"https:\/\/pafso.com\/fr\/wp-json\/wp\/v2\/posts"}],"about":[{"href":"https:\/\/pafso.com\/fr\/wp-json\/wp\/v2\/types\/post"}],"author":[{"embeddable":true,"href":"https:\/\/pafso.com\/fr\/wp-json\/wp\/v2\/users\/1"}],"replies":[{"embeddable":true,"href":"https:\/\/pafso.com\/fr\/wp-json\/wp\/v2\/comments?post=4130"}],"version-history":[{"count":1,"href":"https:\/\/pafso.com\/fr\/wp-json\/wp\/v2\/posts\/4130\/revisions"}],"predecessor-version":[{"id":4408,"href":"https:\/\/pafso.com\/fr\/wp-json\/wp\/v2\/posts\/4130\/revisions\/4408"}],"wp:attachment":[{"href":"https:\/\/pafso.com\/fr\/wp-json\/wp\/v2\/media?parent=4130"}],"wp:term":[{"taxonomy":"category","embeddable":true,"href":"https:\/\/pafso.com\/fr\/wp-json\/wp\/v2\/categories?post=4130"},{"taxonomy":"post_tag","embeddable":true,"href":"https:\/\/pafso.com\/fr\/wp-json\/wp\/v2\/tags?post=4130"}],"curies":[{"name":"wp","href":"https:\/\/api.w.org\/{rel}","templated":true}]}}