{"id":4112,"date":"2020-09-09T17:55:05","date_gmt":"2020-09-09T17:55:05","guid":{"rendered":"https:\/\/pafso.aponiawebsolutions.ca\/non-classifiee\/resultats-du-concours-de-photos-2020-de-lapase-communique\/"},"modified":"2023-08-23T20:24:17","modified_gmt":"2023-08-23T20:24:17","slug":"resultats-du-concours-de-photos-2020-de-lapase-communique","status":"publish","type":"post","link":"https:\/\/pafso.com\/fr\/non-classifiee\/resultats-du-concours-de-photos-2020-de-lapase-communique\/","title":{"rendered":"R\u00e9sultats du Concours de photos 2020 de l\u2019APASE"},"content":{"rendered":"<p>\u00a0<\/p>\n<figure id=\"attachment_7462\" aria-describedby=\"caption-attachment-7462\" style=\"width: 672px\" class=\"wp-caption aligncenter\"><img fetchpriority=\"high\" decoding=\"async\" class=\"wp-image-7462 size-full\" src=\"https:\/\/pafso.com\/wp-content\/uploads\/2020\/09\/Nicolas_St-Pierre_First-COVID-Haircut_Ottawa_Canada.jpg\" alt=\"\" width=\"672\" height=\"448\" \/><figcaption id=\"caption-attachment-7462\" class=\"wp-caption-text\">Photo gagnante: \u00ab Premi\u00e8re coupe de cheveux COVID-19, Ottawa, Canada \u00bb par Nicolas St-Pierre.<\/figcaption><\/figure>\n<p>L\u2019Association professionnelle des agents du Service ext\u00e9rieur (APASE) est heureuse d\u2019annoncer les laur\u00e9ats du concours annuel de photos 2020 tenu plus t\u00f4t cette ann\u00e9e.<\/p>\n<p>Le th\u00e8me du concours cette ann\u00e9e,\u00a0<strong>Vision 2020<\/strong>, visait \u00e0 donner aux membres de l\u2019APASE une occasion de d\u00e9montrer leurs comp\u00e9tences photographiques en captant comment les particuliarit\u00e9s de 2020 ont impact\u00e9 leur exp\u00e9rience unique de la vie des agents du service ext\u00e9rieur partout dans le monde.<\/p>\n<p>Le jury de cette ann\u00e9e a octroy\u00e9 le premier prix \u00e0 l\u2019\u0153uvre de Nicolas St-Pierre, \u00ab Premi\u00e8re coupe de cheveuxCOVID-19, Ottawa, Canada \u00bb.<\/p>\n<p>\u00ab Lorsque le gouvernement du Qu\u00e9bec a d\u00e9cid\u00e9 de fermer tous les services non-essentiels, y compris le salon de coiffure que je fr\u00e9quente, j\u2019ai r\u00e9alis\u00e9 que je devrais faire appel \u00e0 mon \u00e9pouse Julie pour couper mes cheveux si je ne voulais pas sortir du confinement en ayant l\u2019air d\u2019un homme des cavernes \u00bb, se rappelle-t-il. \u00ab Dans un esprit documentaire, j\u2019ai d\u00e9cid\u00e9 de tourner mon objectif vers mes proches et de capter notre quotidien en ces temps peu ordinaires. Sentant qu\u2019il s\u2019agissait d\u2019un \u2018moment historique\u2019 pour notre famille, j\u2019ai install\u00e9 mon appareil photo sur un tr\u00e9pied et demand\u00e9 \u00e0 ma fille d\u2019appuyer sur le d\u00e9clencheur pendant qu\u2019on me coupait les cheveux. Heureusement, Julie s\u2019est av\u00e9r\u00e9e une coiffeuse tr\u00e8s dou\u00e9e et une catastrophe a pu \u00eatre \u00e9vit\u00e9e. \u00bb<\/p>\n<p>Le deuxi\u00e8me prix a \u00e9t\u00e9 d\u00e9cern\u00e9 \u00e0 Jessica Brousseau pour sa photo intitul\u00e9e \u00ab Milieu de travail COVID.0, Buenos Aires, Argentine \u00bb. Et \u00ab Un trajet tranquile, Dakar, S\u00e9n\u00e9gal \u00bb, par Corina Pinto, a remport\u00e9 le troisi\u00e8me prix.<\/p>\n<p>Les laur\u00e9ats du concours recevront chacun et chacune un certificat-cadeau de chez Henry\u2019s, un grand d\u00e9taillant canadien d\u2019\u00e9quipement photographique et \u00e9lectronique (150\u00a0$ pour le premier prix, 100\u00a0$ pour le deuxi\u00e8me prix et 50\u00a0$ pour le troisi\u00e8me prix).<\/p>\n<p>Des mentions honorables ont \u00e9t\u00e9 d\u00e9cern\u00e9es \u00e0 Tsung-Wei Lin, Gurvir Khosa, Michael Otton, Laura Atar, Jennifer Cargill, Kristin Janson, Kapil Madan et Ala Ji.<\/p>\n<p>Cette ann\u00e9e encore, les photos soumises serviront \u00e0 illustrer le calendrier de bureau 2021 pour les membres de l\u2019APASE.<\/p>\n<p>F\u00e9licitations \u00e0 tous les laur\u00e9ats et aux r\u00e9cipiendaires des mentions honorables!<\/p>\n<p><strong>\u00a0<\/strong><\/p>\n<p><strong>Le comit\u00e9 executif de l&rsquo;APASE<\/strong><\/p>\n","protected":false},"excerpt":{"rendered":"<p>\u00a0 L\u2019Association professionnelle des agents du Service ext\u00e9rieur (APASE) est heureuse d\u2019annoncer les laur\u00e9ats du concours annuel de photos 2020 tenu plus t\u00f4t cette ann\u00e9e. Le th\u00e8me du concours cette ann\u00e9e,\u00a0Vision 2020, visait \u00e0 donner aux membres de l\u2019APASE une occasion de d\u00e9montrer leurs comp\u00e9tences photographiques en captant comment les particuliarit\u00e9s de 2020 ont impact\u00e9 [&hellip;]<\/p>\n","protected":false},"author":1,"featured_media":0,"comment_status":"closed","ping_status":"closed","sticky":false,"template":"","format":"standard","meta":{"_acf_changed":false,"_seopress_robots_primary_cat":"","_seopress_titles_title":"","_seopress_titles_desc":"","_seopress_robots_index":"","footnotes":""},"categories":[31],"tags":[],"class_list":["post-4112","post","type-post","status-publish","format-standard","hentry","category-non-classifiee"],"acf":[],"_links":{"self":[{"href":"https:\/\/pafso.com\/fr\/wp-json\/wp\/v2\/posts\/4112","targetHints":{"allow":["GET"]}}],"collection":[{"href":"https:\/\/pafso.com\/fr\/wp-json\/wp\/v2\/posts"}],"about":[{"href":"https:\/\/pafso.com\/fr\/wp-json\/wp\/v2\/types\/post"}],"author":[{"embeddable":true,"href":"https:\/\/pafso.com\/fr\/wp-json\/wp\/v2\/users\/1"}],"replies":[{"embeddable":true,"href":"https:\/\/pafso.com\/fr\/wp-json\/wp\/v2\/comments?post=4112"}],"version-history":[{"count":1,"href":"https:\/\/pafso.com\/fr\/wp-json\/wp\/v2\/posts\/4112\/revisions"}],"predecessor-version":[{"id":4426,"href":"https:\/\/pafso.com\/fr\/wp-json\/wp\/v2\/posts\/4112\/revisions\/4426"}],"wp:attachment":[{"href":"https:\/\/pafso.com\/fr\/wp-json\/wp\/v2\/media?parent=4112"}],"wp:term":[{"taxonomy":"category","embeddable":true,"href":"https:\/\/pafso.com\/fr\/wp-json\/wp\/v2\/categories?post=4112"},{"taxonomy":"post_tag","embeddable":true,"href":"https:\/\/pafso.com\/fr\/wp-json\/wp\/v2\/tags?post=4112"}],"curies":[{"name":"wp","href":"https:\/\/api.w.org\/{rel}","templated":true}]}}