{"id":4107,"date":"2020-07-27T14:19:37","date_gmt":"2020-07-27T14:19:37","guid":{"rendered":"https:\/\/pafso.aponiawebsolutions.ca\/non-classifiee\/assemblee-generale-annuelle-2020\/"},"modified":"2023-08-23T20:24:18","modified_gmt":"2023-08-23T20:24:18","slug":"assemblee-generale-annuelle-2020","status":"publish","type":"post","link":"https:\/\/pafso.com\/fr\/non-classifiee\/assemblee-generale-annuelle-2020\/","title":{"rendered":"Assembl\u00e9e g\u00e9n\u00e9rale annuelle 2020"},"content":{"rendered":"<h1>AVIS<\/h1>\n<h3>ASSEMBL\u00c9E G\u00c9N\u00c9RALE ANNUELLE<br \/>\nLE LUNDI 26 OCTOBRE 2020, 16\u00a0h<\/h3>\n<h3><\/h3>\n<p>Une Assembl\u00e9e g\u00e9n\u00e9rale annuelle de l\u2019Association professionnelle des agents du Service ext\u00e9rieur se tiendra \u00e0 Ottawa\u00a0<strong>le lundi 26 octobre 2020<\/strong>\u00a0conform\u00e9ment \u00e0 l\u2019article 11 de la Constitution de l\u2019APASE. \u00c9tant donn\u00e9 les circonstances cette ann\u00e9e, l\u2019assembl\u00e9e sera virtuelle et diffus\u00e9e en ligne. De plus amples d\u00e9tails sur comment y participer, incluant les dispositions concernant le vote \u00e9lectronique, seront fournis plus pr\u00e8s de la date de l\u2019assembl\u00e9e.<\/p>\n<p>Plusieurs postes au Comit\u00e9 ex\u00e9cutif sont \u00e0 pourvoir cette ann\u00e9e dans les fili\u00e8res suivantes :<br \/>\n<strong>Commerce<\/strong>\u00a0\u2013 0 poste vacant;\u00a0<strong>Immigration<\/strong>\u00a0\u2013 0 poste vacant;\u00a0<strong>Gestion et affaires consulaires<\/strong>\u00a0\u2013 1 poste vacant;\u00a0<strong>Politique<\/strong>\u00a0\u2013 2 postes vacants;\u00a0<strong>Aide internationale<\/strong>\u00a0\u2013 0 poste vacant;\u00a0<strong>Membres \u00e0 titre particulier<\/strong>\u00a0\u2013 3 postes vacants. Les \u00e9lections \u00e0 ces postes se tiendront en conformit\u00e9 avec l\u2019article 7 des Statuts de l\u2019APASE.<\/p>\n<p>Toute mise en candidature \u00e0 l\u2019\u00e9lection au Comit\u00e9 ex\u00e9cutif devra \u00eatre soumise par \u00e9crit et appuy\u00e9e par au moins trois membres titulaires et devra parvenir au Secr\u00e9taire avant le\u00a0<strong>18 septembre 2020.<\/strong>\u00a0Les candidats doivent aussi faire parvenir au Secr\u00e9taire le\/ou avant la m\u00eame date, un bref descriptif\u00a0d\u2019eux\u2011m\u00eames ainsi que de leurs buts et objectifs en tant que membres du Comit\u00e9 ex\u00e9cutif. Une fois le Comit\u00e9 ex\u00e9cutif assur\u00e9 que les candidats ainsi propos\u00e9s sont \u00e9ligibles et acceptent de faire partie du Comit\u00e9, un bulletin de vote \u00e9lectronique sera envoy\u00e9 \u00e0 tous les membres de l\u2019Association avant l\u2019Assembl\u00e9e.<\/p>\n<p>Une s\u00e9ance d&rsquo;information pour les candidats et candidates int\u00e9ress\u00e9s aura lieu au prochain d\u00e9jeuner de l&rsquo;APASE, le 11 aout \u00e0 8h. <a href=\"https:\/\/us02web.zoom.us\/webinar\/register\/WN_7lv_VH2DQQSFLtJ7P2BCuQ\/\/\" target=\"_blank\" rel=\"noopener noreferrer\">Cliquez ici<\/a> pour vous y inscrire. Pour ceux qui ne seront pas en mesure d&rsquo;y assister, un\u00a0enregistrement\u00a0de la s\u00e9ance sera disponible sur MonAPASE. Ceux qui sont int\u00e9ress\u00e9s peuvent consulter <a href=\"https:\/\/pafso.com\/wp-content\/uploads\/2020\/07\/PAFSO_ExCom_TermsOfReference_July2020-FR.pdf\">le mandat<\/a> et <a href=\"https:\/\/pafso.com\/wp-content\/uploads\/2020\/07\/PAFSO_ExCom_CodeOfConduct_July2020-FR.pdf\">le code de conduite<\/a> des membres du comit\u00e9 ex\u00e9cutif.<\/p>\n<p>Les membres sont aussi pri\u00e9s de noter que, tel que stipul\u00e9 \u00e0 l\u2019article 6(c) de la Constitution\u00a0:<\/p>\n<p><em>Dans la composition du Comit\u00e9 ex\u00e9cutif, on tiendra compte des fili\u00e8res professionnelles et des niveaux du groupe FS. Le Comit\u00e9 ex\u00e9cutif comptera pas moins de deux (2) membres de chaque fili\u00e8re professionnelle, sous r\u00e9serve du sous alin\u00e9a 7 (b) (vi).<\/em><\/p>\n<p><strong>LE COMIT\u00c9 EX\u00c9CUTIF DE L\u2019APASE<\/strong><br \/>\nLe 27 juillet 2020<\/p>\n<p><a href=\"https:\/\/pafso.com\/wp-content\/uploads\/2020\/07\/NominationForm2020_F.pdf\" target=\"_blank\" rel=\"noopener noreferrer\">[icon name=\u00a0\u00bbwpforms\u00a0\u00bb class=\u00a0\u00bb\u00a0\u00bb unprefixed_class=\u00a0\u00bb\u00a0\u00bb] T\u00e9l\u00e9charger le formulaire de mise en candidature<\/a><\/p>\n","protected":false},"excerpt":{"rendered":"<p>AVIS ASSEMBL\u00c9E G\u00c9N\u00c9RALE ANNUELLE LE LUNDI 26 OCTOBRE 2020, 16\u00a0h Une Assembl\u00e9e g\u00e9n\u00e9rale annuelle de l\u2019Association professionnelle des agents du Service ext\u00e9rieur se tiendra \u00e0 Ottawa\u00a0le lundi 26 octobre 2020\u00a0conform\u00e9ment \u00e0 l\u2019article 11 de la Constitution de l\u2019APASE. \u00c9tant donn\u00e9 les circonstances cette ann\u00e9e, l\u2019assembl\u00e9e sera virtuelle et diffus\u00e9e en ligne. De plus amples d\u00e9tails [&hellip;]<\/p>\n","protected":false},"author":1,"featured_media":0,"comment_status":"closed","ping_status":"closed","sticky":false,"template":"","format":"standard","meta":{"_acf_changed":false,"_seopress_robots_primary_cat":"","_seopress_titles_title":"","_seopress_titles_desc":"","_seopress_robots_index":"","footnotes":""},"categories":[31],"tags":[],"class_list":["post-4107","post","type-post","status-publish","format-standard","hentry","category-non-classifiee"],"acf":[],"_links":{"self":[{"href":"https:\/\/pafso.com\/fr\/wp-json\/wp\/v2\/posts\/4107","targetHints":{"allow":["GET"]}}],"collection":[{"href":"https:\/\/pafso.com\/fr\/wp-json\/wp\/v2\/posts"}],"about":[{"href":"https:\/\/pafso.com\/fr\/wp-json\/wp\/v2\/types\/post"}],"author":[{"embeddable":true,"href":"https:\/\/pafso.com\/fr\/wp-json\/wp\/v2\/users\/1"}],"replies":[{"embeddable":true,"href":"https:\/\/pafso.com\/fr\/wp-json\/wp\/v2\/comments?post=4107"}],"version-history":[{"count":1,"href":"https:\/\/pafso.com\/fr\/wp-json\/wp\/v2\/posts\/4107\/revisions"}],"predecessor-version":[{"id":4431,"href":"https:\/\/pafso.com\/fr\/wp-json\/wp\/v2\/posts\/4107\/revisions\/4431"}],"wp:attachment":[{"href":"https:\/\/pafso.com\/fr\/wp-json\/wp\/v2\/media?parent=4107"}],"wp:term":[{"taxonomy":"category","embeddable":true,"href":"https:\/\/pafso.com\/fr\/wp-json\/wp\/v2\/categories?post=4107"},{"taxonomy":"post_tag","embeddable":true,"href":"https:\/\/pafso.com\/fr\/wp-json\/wp\/v2\/tags?post=4107"}],"curies":[{"name":"wp","href":"https:\/\/api.w.org\/{rel}","templated":true}]}}