{"id":4100,"date":"2020-05-22T15:50:11","date_gmt":"2020-05-22T15:50:11","guid":{"rendered":"https:\/\/pafso.aponiawebsolutions.ca\/non-classifiee\/le-point-sur-la-covid-19-de-la-presidente-de-lapase-pour-le-22-mai-2020\/"},"modified":"2023-08-23T20:24:19","modified_gmt":"2023-08-23T20:24:19","slug":"le-point-sur-la-covid-19-de-la-presidente-de-lapase-pour-le-22-mai-2020","status":"publish","type":"post","link":"https:\/\/pafso.com\/fr\/mise-a-jour-de-la-presidente\/le-point-sur-la-covid-19-de-la-presidente-de-lapase-pour-le-22-mai-2020\/","title":{"rendered":"Le point sur la COVID-19 de la pr\u00e9sidente de l\u2019APASE pour le 22 mai 2020"},"content":{"rendered":"<p>Chers membres,<\/p>\n<p>Je suis heureuse de vous signaler que, pour la premi\u00e8re fois depuis que j\u2019ai entrepris de vous envoyer ces mises \u00e0 jour hebdomadaires \u00e0 la mi-mars, je n\u2019ai pas de \u00ab\u00a0nouvelles-chocs\u00a0\u00bb \u00e0 vous annoncer \u00e0 la suite de mes contacts avec le SCT, IRCC ou AMC. Il s\u2019agit l\u00e0 d\u2019une bonne nouvelle en soi, mais l\u2019APASE n\u2019en a pas moins continu\u00e9 \u00e0 travailler d\u2019arrache-pied pour votre compte.<\/p>\n<p>La semaine derni\u00e8re, j\u2019ai mentionn\u00e9 que le Conseil du Tr\u00e9sor avait commenc\u00e9 \u00e0 discuter de ce que la \u00ab\u00a0nouvelle normale\u00a0\u00bb pourrait \u00eatre avec les pr\u00e9sidents des agents n\u00e9gociateurs de la fonction publique f\u00e9d\u00e9raux qui composent le Conseil national mixte. Cette semaine, nous avons obtenu en peu plus de d\u00e9tails sur le processus de planification et les directives que le SCT est sur le point d\u2019envoyer aux minist\u00e8res individuels concernant un \u00e9ventuel retour au travail. Des approches asym\u00e9triques seront normales, selon les situations \u00e9pid\u00e9miologiques et les directives de la sant\u00e9 publique fond\u00e9es sur les donn\u00e9es disponibles, mais ces approches reposeront sur des principes clairs et uniformes.<\/p>\n<p>L\u2019APASE, tout comme les autres agents n\u00e9gociateurs, continue de faire pression sur l\u2019Employeur afin d\u2019obtenir des d\u00e9tails pour l\u2019ensemble de l\u2019administration publique f\u00e9d\u00e9rale et les lieux de travail individuels. Par exemple, Nous cherchons \u00e0 garantir qu\u2019il existe des lignes directrices claires pour les fonctionnaires qui se trouvent dans un environnement dangereux non contr\u00f4l\u00e9 par l\u2019Employeur (comme des installations d\u2019un gouvernement h\u00f4te \u00e0 l\u2019\u00e9tranger). Notre responsable en mati\u00e8re de sant\u00e9 et s\u00e9curit\u00e9 au travail, Suehila Elkateb, pilote ce dossier \u00e0 AMC, et Randy Orr, notre vice-pr\u00e9sident Immigration, fait de m\u00eame \u00e0 IRCC. N\u2019h\u00e9sitez pas \u00e0 communiquer avec eux, soit directement, soit par l\u2019interm\u00e9diaire du si\u00e8ge social de l\u2019APASE, si vous avez des pr\u00e9occupations particuli\u00e8res au sujet de ce qui se passe dans votre minist\u00e8re.<\/p>\n<p>\u00c0 pr\u00e9sent que IRCC et AMC ont finalis\u00e9 de nombreux prolongements \u00e0 l\u2019\u00e9tranger et entrepris de confirmer d\u2019autres missions et affectations, notre \u00e9quipe des relations de travail est \u00e0 l\u2019\u0153uvre et aide bon nombre d\u2019entre vous \u00e0 r\u00e9gler vos situations particuli\u00e8res. Nous avons aussi commenc\u00e9 \u00e0 recevoir des messages de ceux et celles qui \u00e9prouvent des probl\u00e8mes r\u00e9sultant des restrictions impos\u00e9es aux d\u00e9placements, notamment le gel actuel des autorisations en vertu de la DSE 15, et nous exer\u00e7ons des pressions afin d\u2019obtenir plus de souplesse en fonction des circonstances individuelles. N\u2019h\u00e9sitez pas \u00e0 communiquer avec notre directrice ex\u00e9cutive <a href=\"mailto:kim.coles@pafso.com\">Kim Coles<\/a>\u00a0si vous voulez qu\u2019elle vous mette en contact avec l\u2019un ou l\u2019autre de nos conseillers en relations de travail.<\/p>\n<p>L\u2019APASE va aussi de l\u2019avant en vue de tenir un certain nombre d\u2019engagements pris envers vous avant l\u2019\u00e9closion de la COVID19. Hier, le Comit\u00e9 ex\u00e9cutif a approuv\u00e9 le Plan de communications strat\u00e9giques. Nous avons \u00e9galement pr\u00e9sent\u00e9 l\u2019avant-projet du Plan strat\u00e9gique global qui fera l\u2019objet de consultations au cours de l\u2019\u00e9t\u00e9 et sera pr\u00e9sent\u00e9 aux membres \u00e0 notre assembl\u00e9e g\u00e9n\u00e9rale annuelle du 26 octobre. Nous nous penchons actuellement sur la logistique d\u2019une AGA virtuelle qui permettrait \u00e0 un plus grand nombre d\u2019entre vous de participer \u00e0 cet organe d\u00e9cisionnel cl\u00e9.<\/p>\n<p>Enfin, je suis heureuse de vous annoncer qu\u2019apr\u00e8s un long retard, le plus r\u00e9cent num\u00e9ro de <em>bout de papier<\/em> est enfin boucl\u00e9 et que les pr\u00e9paratifs vont bon train en vue de son impression et de sa diffusion en juillet. Nous avons d\u00e9cid\u00e9 qu\u2019une modernisation de <em>bout en bout<\/em> (jeu de mot voulu) et un red\u00e9marrage de <em>bout<\/em> s\u2019imposent depuis longtemps; le magazine prendra donc une pause pendant que nous pr\u00e9parerons sa relance pour le d\u00e9but de 2021. Si vous d\u00e9sirez participer cet \u00e9t\u00e9 \u00e0 un groupe de travail sur la refonte de cette ic\u00f4ne du service ext\u00e9rieur, veuillez <a href=\"mailto:pamela.isfeld@pafso.com\">m\u2019envoyer un courriel<\/a> avant le 29 mai.<\/p>\n<p>Dans l\u2019intervalle, n\u2019oubliez pas nos pause-caf\u00e9 virtuelles quotidiennes\u00a0:\u00a0<a href=\"https:\/\/blogspot.us15.list-manage.com\/track\/click?u=282e72044e6c7eba8205d3031&#038;id=39a1e786f3&#038;e=99b76b29d7\">en semaine \u00e0 10h30<\/a>\u00a0et les\u00a0<a href=\"https:\/\/blogspot.us15.list-manage.com\/track\/click?u=282e72044e6c7eba8205d3031&#038;id=c3785d7775&#038;e=99b76b29d7\">mercredis en soir\u00e9e \u00e0 20h00<\/a>, heure d\u2019Ottawa.<\/p>\n<p>D\u2019ici la semaine prochaine, prenez soin de vous et des autres.<\/p>\n<p>Cordialement,<\/p>\n<p><strong>Pam Isfeld<\/strong><br \/>\nPr\u00e9sidente<\/p>\n","protected":false},"excerpt":{"rendered":"<p>Chers membres, Je suis heureuse de vous signaler que, pour la premi\u00e8re fois depuis que j\u2019ai entrepris de vous envoyer ces mises \u00e0 jour hebdomadaires \u00e0 la mi-mars, je n\u2019ai pas de \u00ab\u00a0nouvelles-chocs\u00a0\u00bb \u00e0 vous annoncer \u00e0 la suite de mes contacts avec le SCT, IRCC ou AMC. Il s\u2019agit l\u00e0 d\u2019une bonne nouvelle en [&hellip;]<\/p>\n","protected":false},"author":1,"featured_media":0,"comment_status":"closed","ping_status":"closed","sticky":false,"template":"","format":"standard","meta":{"_acf_changed":false,"_seopress_robots_primary_cat":"","_seopress_titles_title":"","_seopress_titles_desc":"","_seopress_robots_index":"","footnotes":""},"categories":[41],"tags":[],"class_list":["post-4100","post","type-post","status-publish","format-standard","hentry","category-mise-a-jour-de-la-presidente"],"acf":[],"_links":{"self":[{"href":"https:\/\/pafso.com\/fr\/wp-json\/wp\/v2\/posts\/4100","targetHints":{"allow":["GET"]}}],"collection":[{"href":"https:\/\/pafso.com\/fr\/wp-json\/wp\/v2\/posts"}],"about":[{"href":"https:\/\/pafso.com\/fr\/wp-json\/wp\/v2\/types\/post"}],"author":[{"embeddable":true,"href":"https:\/\/pafso.com\/fr\/wp-json\/wp\/v2\/users\/1"}],"replies":[{"embeddable":true,"href":"https:\/\/pafso.com\/fr\/wp-json\/wp\/v2\/comments?post=4100"}],"version-history":[{"count":1,"href":"https:\/\/pafso.com\/fr\/wp-json\/wp\/v2\/posts\/4100\/revisions"}],"predecessor-version":[{"id":4438,"href":"https:\/\/pafso.com\/fr\/wp-json\/wp\/v2\/posts\/4100\/revisions\/4438"}],"wp:attachment":[{"href":"https:\/\/pafso.com\/fr\/wp-json\/wp\/v2\/media?parent=4100"}],"wp:term":[{"taxonomy":"category","embeddable":true,"href":"https:\/\/pafso.com\/fr\/wp-json\/wp\/v2\/categories?post=4100"},{"taxonomy":"post_tag","embeddable":true,"href":"https:\/\/pafso.com\/fr\/wp-json\/wp\/v2\/tags?post=4100"}],"curies":[{"name":"wp","href":"https:\/\/api.w.org\/{rel}","templated":true}]}}