{"id":4098,"date":"2020-05-08T15:07:40","date_gmt":"2020-05-08T15:07:40","guid":{"rendered":"https:\/\/pafso.aponiawebsolutions.ca\/non-classifiee\/le-point-sur-la-covid-19-de-la-presidente-de-lapase-pour-le-8-mai-2020\/"},"modified":"2023-08-23T20:24:20","modified_gmt":"2023-08-23T20:24:20","slug":"le-point-sur-la-covid-19-de-la-presidente-de-lapase-pour-le-8-mai-2020","status":"publish","type":"post","link":"https:\/\/pafso.com\/fr\/mise-a-jour-de-la-presidente\/le-point-sur-la-covid-19-de-la-presidente-de-lapase-pour-le-8-mai-2020\/","title":{"rendered":"Le point sur la COVID-19 de la pr\u00e9sidente de l\u2019APASE pour le 8 mai 2020"},"content":{"rendered":"<p><img decoding=\"async\" class=\"cke_anchor\" title=\"Anchor\" src=\"data:image\/gif;base64,R0lGODlhAQABAPABAP\/\/\/wAAACH5BAEKAAAALAAAAAABAAEAAAICRAEAOw==\" alt=\"Anchor\" align=\"\" data-cke-realelement=\"%3Ca%20id%3D%22FR%22%20data-cke-saved-name%3D%22FR%22%20name%3D%22FR%22%3E%3C%2Fa%3E\" data-cke-real-node-type=\"1\" data-cke-real-element-type=\"anchor\" \/>Chers membres,<\/p>\n<p>Je vous adresse aujourd\u2019hui mon neuvi\u00e8me message hebdomadaire sur les effets de la pand\u00e9mie de la COVID-19 et, s\u2019il y a une chose qui ressort de cette crise, c\u2019est que nous avons plus que jamais besoin les uns des autres. Dans notre r\u00e9cent sondage instantan\u00e9 sur les incidences de la crise, plus de 96\u00a0% des r\u00e9pondants ont fait \u00e9tat de sympt\u00f4mes de stress psychologique, variant entre des troubles du sommeil et l\u2019anxi\u00e9t\u00e9, en passant par l\u2019\u00e9puisement et la difficult\u00e9 de concentration. Vous n\u2019\u00eates pas seuls, et le contact avec les autres joue un r\u00f4le important dans la fa\u00e7on dont nous r\u00e9ussirons \u00e0 nous en sortir. Non seulement le contact fait-il du bien, mais il est essentiel \u00e0 notre sant\u00e9 mentale.<\/p>\n<p>La sant\u00e9 psychologique des employ\u00e9s est l\u2019un des principaux th\u00e8mes de discussion aux rencontres ordinaires du groupe de travail des agents n\u00e9gociateurs et du Conseil du Tr\u00e9sor. Cette semaine, c\u2019est la Semaine de la sant\u00e9 mentale qui, cette ann\u00e9e, a pour th\u00e8me les contacts sociaux. En ma qualit\u00e9 de cochampionne de la sant\u00e9 psychologique pour AMC, je vous invite \u00e0 consulter\u00a0<a href=\"https:\/\/ca.portal.gs\/\" data-cke-saved-href=\"https:\/\/ca.portal.gs\/\">Espace mieux-\u00eatre Canada<\/a>, un site offrant des outils et des ressources destin\u00e9es \u00e0 aider les Canadiens et les Canadiennes \u00e0 passer au travers de la p\u00e9riode d\u2019incertitude actuelle. Il comprend l\u2019auto-\u00e9valuation du bien-\u00eatre et le suivi, des cours autoguid\u00e9s, du coaching de groupe, une communaut\u00e9 de soutien et des s\u00e9ances de consultation par SMS ou par t\u00e9l\u00e9phone.<\/p>\n<p>Hier, l\u2019Agence de la sant\u00e9 publique et des planificateurs du SCT nous ont parl\u00e9 des pr\u00e9paratifs en vue d\u2019une \u00e9ventuelle rentr\u00e9e au travail dans la fonction publique. Le SCT \u00e9labore actuellement un projet de directives, notamment une liste de contr\u00f4le devant servir \u00e0 \u00e9tablir si des lieux particuliers sont pr\u00eats \u00e0 rouvrir, pour fins de consultation d\u2019ici la fin de la semaine prochaine. Ces directives tiendront compte de l\u2019apport des agents n\u00e9gociateurs concernant les ressources physiques et humaines et les aspects num\u00e9riques qu\u2019il y a lieu de prendre en consid\u00e9ration. Le SCT ne peut pas encore parler d\u2019\u00e9ch\u00e9anciers, mais il a d\u00e9clar\u00e9 qu\u2019il adoptera une d\u00e9marche graduelle et que les premi\u00e8res mesures de r\u00e9ouverture ne comporteront pas la rentr\u00e9e au travail de tous les employ\u00e9s. Bon nombre de fonctionnaires resteront en t\u00e9l\u00e9travail pour quelque temps, peut-\u00eatre m\u00eame jusqu\u2019\u00e0 ce que nous ayons un vaccin.<\/p>\n<p>Hier \u00e9galement, j\u2019ai eu le plaisir d\u2019\u00e9changer avec vous lors de nos deux rencontres virtuelles. J\u2019ai \u00e9t\u00e9 heureuse d\u2019entendre directement ce que vous avez \u00e0 dire sur les d\u00e9fis qui se posent pour vous dans vos situations particuli\u00e8res et sur les probl\u00e8mes communs qui semblent surgir dans le prochain cycle d\u2019affectations. Il r\u00e8gne encore beaucoup d\u2019incertitude, mais soyez assur\u00e9s que nous collaborons avec AMC et IRCC afin d\u2019obtenir le plus de pr\u00e9cisions possible dans les plus brefs d\u00e9lais.<\/p>\n<p>S\u2019il vous a \u00e9t\u00e9 impossible de participer aux rencontres virtuelles, vous pouvez t\u00e9l\u00e9charger l\u2019enregistrement de la s\u00e9ance du midi\u00a0<a href=\"https:\/\/www.icloud.com\/attachment\/?u=https%3A%2F%2Fcvws.icloud-content.com%2FB%2FAUpx4DajxI6CST2wQ8C9QLDkMf9tAaemDA0albx8zletPxRsuUKyGkKC%2F%24%7Bf%7D%3Fo%3DAvIaCQ0QONF8RHzrG0aSQs_QCetJb7-n6REdmoOPSc5A%26v%3D1%26x%3D3%26a%3DCAogPb3knD_HnM6yhQYtZLqtWnQhHhfY17TfTcuZgzVKQS8SJxC_yZCTny4Yv9mL56guIgEAKggByAD_JuWJWFIE5DH_bVoEshpCgg%26e%3D1591501581%26k%3D%24%7Buk%7D%26fl%3D%26r%3D746E0BD8-B3CC-4EF3-BA87-8821EF3FCD51-1%26ckc%3Dcom.apple.largeattachment%26ckz%3D9B63E869-2D31-4342-8989-34F17573378E%26p%3D52%26s%3DSZh33s1zmCAHqnXEPXGvlNMhm4g&#038;uk=bFYFAPGSEWWjut6w5eU5qQ&#038;f=Town%20Hall%20edited.mp4.zip&#038;sz=90309038\" data-cke-saved-href=\"https:\/\/www.icloud.com\/attachment\/?u=https%3A%2F%2Fcvws.icloud-content.com%2FB%2FAUpx4DajxI6CST2wQ8C9QLDkMf9tAaemDA0albx8zletPxRsuUKyGkKC%2F%24%7Bf%7D%3Fo%3DAvIaCQ0QONF8RHzrG0aSQs_QCetJb7-n6REdmoOPSc5A%26v%3D1%26x%3D3%26a%3DCAogPb3knD_HnM6yhQYtZLqtWnQhHhfY17TfTcuZgzVKQS8SJxC_yZCTny4Yv9mL56guIgEAKggByAD_JuWJWFIE5DH_bVoEshpCgg%26e%3D1591501581%26k%3D%24%7Buk%7D%26fl%3D%26r%3D746E0BD8-B3CC-4EF3-BA87-8821EF3FCD51-1%26ckc%3Dcom.apple.largeattachment%26ckz%3D9B63E869-2D31-4342-8989-34F17573378E%26p%3D52%26s%3DSZh33s1zmCAHqnXEPXGvlNMhm4g&#038;uk=bFYFAPGSEWWjut6w5eU5qQ&#038;f=Town%20Hall%20edited.mp4.zip&#038;sz=90309038\">ici<\/a>. En outre, vous pouvez toujours communiquer avec la directrice ex\u00e9cutive,\u00a0<a href=\"mailto:kim.coles@pafso.com\" data-cke-saved-href=\"mailto:kim.coles@pafso.com\">Kim Coles<\/a>, pour lui exposer vos questions ou pr\u00e9occupations, et elle vous mettra en contact avec l\u2019un ou l\u2019une de nos conseillers en relations de travail.<\/p>\n<p>Enfin, comme il est si important de rester en contact, je vais poursuivre les pause-caf\u00e9 virtuelles quotidiennes :\u00a0<a href=\"https:\/\/zoom.us\/meeting\/register\/vJEkdeypqDIqbp_dGGwMYztuqiPP_FPuAA\" data-cke-saved-href=\"https:\/\/zoom.us\/meeting\/register\/vJEkdeypqDIqbp_dGGwMYztuqiPP_FPuAA\">en semaine \u00e0 10h30<\/a>\u00a0et\u00a0<a href=\"https:\/\/zoom.us\/meeting\/register\/vpMpc-6vqj4iSWK8CvJrXeLHod7ktzsugQ\" data-cke-saved-href=\"https:\/\/zoom.us\/meeting\/register\/vpMpc-6vqj4iSWK8CvJrXeLHod7ktzsugQ\">les mercredis en soir\u00e9e 20h00<\/a>, heure d\u2019Ottawa.<\/p>\n<p>Je suis aussi heureuse d\u2019annoncer que notre premier petit d\u00e9jeuner virtuel de l\u2019APASE aura lieu le mardi 12 mai \u00e0 08h00, sur un th\u00e8me non li\u00e9 \u00e0 la COVID-19. Le professeur Jamey Essex de l\u2019Universit\u00e9 de Windsor nous parlera des effets persistants de la fusion MAECI-ACDI. Son expos\u00e9, intitul\u00e9 \u00ab\u00a0Do Clothes Make the (Wo)man\u00a0\u00bb, illustrera comment les propos des fonctionnaires travaillant \u00e0 AMC sur les v\u00eatements font ressortir la mani\u00e8re dont\u00a0les perceptions de genre, de professionnalisme et d\u2019affiliation institutionnelle fa\u00e7onnent le nouveau minist\u00e8re. Vous pouvez vous inscrire \u00e0 la s\u00e9ance sur Zoom\u00a0<a href=\"https:\/\/us02web.zoom.us\/meeting\/register\/tZctceqsrTIqE9IaBlD6PXaQsE_VmPuJUwuu\" data-cke-saved-href=\"https:\/\/us02web.zoom.us\/meeting\/register\/tZctceqsrTIqE9IaBlD6PXaQsE_VmPuJUwuu\">ici<\/a>.<\/p>\n<p>Si vous avez besoin d\u2019aide pour quoi que ce soit d\u2019autre, ou si vous avez des questions, n\u2019h\u00e9sitez pas \u00e0 les faire parvenir \u00e0\u00a0<a data-cke-saved-href=\"mailto:info@pafso.com\">info@pafso.com<\/a>\u00a0en tout temps, et nous communiquerons avec vous dans les plus brefs d\u00e9lais.<\/p>\n<p>D\u2019ici \u00e0 la semaine prochaine, restez en s\u00e9curit\u00e9 et connect\u00e9s. Prenez soin de vous et des autres.<\/p>\n<p>Cordialement,<\/p>\n<p><strong>Pam Isfeld<\/strong><br \/>\nPr\u00e9sidente<\/p>\n<hr \/>\n","protected":false},"excerpt":{"rendered":"<p>Chers membres, Je vous adresse aujourd\u2019hui mon neuvi\u00e8me message hebdomadaire sur les effets de la pand\u00e9mie de la COVID-19 et, s\u2019il y a une chose qui ressort de cette crise, c\u2019est que nous avons plus que jamais besoin les uns des autres. Dans notre r\u00e9cent sondage instantan\u00e9 sur les incidences de la crise, plus de [&hellip;]<\/p>\n","protected":false},"author":1,"featured_media":0,"comment_status":"closed","ping_status":"closed","sticky":false,"template":"","format":"standard","meta":{"_acf_changed":false,"_seopress_robots_primary_cat":"","_seopress_titles_title":"","_seopress_titles_desc":"","_seopress_robots_index":"","footnotes":""},"categories":[41],"tags":[],"class_list":["post-4098","post","type-post","status-publish","format-standard","hentry","category-mise-a-jour-de-la-presidente"],"acf":[],"_links":{"self":[{"href":"https:\/\/pafso.com\/fr\/wp-json\/wp\/v2\/posts\/4098","targetHints":{"allow":["GET"]}}],"collection":[{"href":"https:\/\/pafso.com\/fr\/wp-json\/wp\/v2\/posts"}],"about":[{"href":"https:\/\/pafso.com\/fr\/wp-json\/wp\/v2\/types\/post"}],"author":[{"embeddable":true,"href":"https:\/\/pafso.com\/fr\/wp-json\/wp\/v2\/users\/1"}],"replies":[{"embeddable":true,"href":"https:\/\/pafso.com\/fr\/wp-json\/wp\/v2\/comments?post=4098"}],"version-history":[{"count":1,"href":"https:\/\/pafso.com\/fr\/wp-json\/wp\/v2\/posts\/4098\/revisions"}],"predecessor-version":[{"id":4440,"href":"https:\/\/pafso.com\/fr\/wp-json\/wp\/v2\/posts\/4098\/revisions\/4440"}],"wp:attachment":[{"href":"https:\/\/pafso.com\/fr\/wp-json\/wp\/v2\/media?parent=4098"}],"wp:term":[{"taxonomy":"category","embeddable":true,"href":"https:\/\/pafso.com\/fr\/wp-json\/wp\/v2\/categories?post=4098"},{"taxonomy":"post_tag","embeddable":true,"href":"https:\/\/pafso.com\/fr\/wp-json\/wp\/v2\/tags?post=4098"}],"curies":[{"name":"wp","href":"https:\/\/api.w.org\/{rel}","templated":true}]}}