{"id":4095,"date":"2020-04-17T19:46:08","date_gmt":"2020-04-17T19:46:08","guid":{"rendered":"https:\/\/pafso.aponiawebsolutions.ca\/non-classifiee\/le-point-sur-la-covid-19-de-la-presidente-de-lapase-pour-le-17-avril-2020\/"},"modified":"2023-08-23T20:24:20","modified_gmt":"2023-08-23T20:24:20","slug":"le-point-sur-la-covid-19-de-la-presidente-de-lapase-pour-le-17-avril-2020","status":"publish","type":"post","link":"https:\/\/pafso.com\/fr\/mise-a-jour-de-la-presidente\/le-point-sur-la-covid-19-de-la-presidente-de-lapase-pour-le-17-avril-2020\/","title":{"rendered":"Le point sur la COVID-19 de la pr\u00e9sidente de l\u2019APASE pour le 17 avril 2020"},"content":{"rendered":"<p>Chers membres,<\/p>\n<p>Une autre semaine d\u2019\u00e9coul\u00e9e, ou alors serait-ce u un mois\u00a0?,\u00a0\u00a0et tout comme l\u2019ensemble d\u2019entre vous, votre \u00e9quipe de l&rsquo;APASE est encore aux prises avec les effets de la COVID-19.<\/p>\n<p>Au cours de la derni\u00e8re semaine, nous avons \u00e9t\u00e9 t\u00e9moins de d\u00e9veloppements importants, alors qu\u2019IRCC a avis\u00e9 le personnel de ses plans pour la saison d&rsquo;affectations 2020. Certains et certaines d&rsquo;entre vous seront d\u00e9\u00e7us par certains aspects de leur d\u00e9cision, mais celle-ci apporte certains \u00e9claircissement qui sont les bienvenus. Comme toujours, la directrice ex\u00e9cutive de l&rsquo;APASE, Kim Coles, et son \u00e9quipe des relations de travail sont \u00e0 votre disposition pour r\u00e9pondre \u00e0 vos questions et pr\u00e9occupations sp\u00e9cifiques.<\/p>\n<p>L&rsquo;approche d&rsquo; AMC en ce qui a trait au\u00a0\u00a0cycles d&rsquo;affectations \u00e0 l\u2019\u00e9tranger et \u00e0 la centrale fait toujours l&rsquo;objet de discussions actives aux niveaux les plus \u00e9lev\u00e9s. Nous sommes en contact r\u00e9gulier avec la haute gestion et nous continuons \u00e0 faire pression pour obtenir le plus de clart\u00e9 possible et ce, dans les meilleurs d\u00e9lais. J&rsquo;esp\u00e8re pouvoir \u00eatre en mesure de vous pr\u00e9senter une mise \u00e0 jour plus substantielle d&rsquo;ici la semaine prochaine \u00e0 la m\u00eame heure.<\/p>\n<p>Nous travaillons \u00e9galement d&rsquo;arrache-pied pour nous assurer que l\u2019ensemble d\u2019entre vous, et en particulier nos membres sur le terrain, b\u00e9n\u00e9ficiez du soutien dont vous avez besoin. Notre bureau a aid\u00e9 des membres sur des questions telles que le paiement des heures suppl\u00e9mentaires et les allocations pour l&rsquo;acc\u00e8s aux soins de sant\u00e9, les dispositions de la DSE64 et l&rsquo;application des directives sur la s\u00e9curit\u00e9 et la sant\u00e9 au travail dans les missions \u00e0 l&rsquo;\u00e9tranger.<\/p>\n<p>Je continue \u00e0 insister sur la question de l\u2019assistance et des renforts n\u00e9cessaires pour ceux et celles qui travaillent sur les mesures d&rsquo;urgence. Nous sommes conscients que nombre d&rsquo;entre vous, en particulier nos agents de gestion consulaires et nos gestionnaires de programmes de pr\u00e9paration, ont \u00e9t\u00e9 amen\u00e9s \u00e0 travailler de tr\u00e8s longues heures sous une pression intense, et sont plus qu\u2018\u00e9puis\u00e9s.\u00a0\u00a0Le gouvernement du Canada d\u00e9pend de vous non seulement pour les services consulaires, mais aussi pour tous les aspects de ses op\u00e9rations \u00e0 l&rsquo;\u00e9tranger, et vous m\u00e9ritez un soutien et une reconnaissance appropri\u00e9s.<\/p>\n<p>Nos r\u00e9unions r\u00e9guli\u00e8res avec le Conseil du Tr\u00e9sor se poursuivent et offrent aux agents n\u00e9gociateurs une tribune o\u00f9 les questions peuvent \u00eatre abord\u00e9es \u00e0 un niveau plus \u00e9lev\u00e9. Cela nous permettra \u00e9galement de participer \u00e0 la prochaine phase de la crise, qui impliquera un retour progressif \u00e0 des op\u00e9rations plus normales, et de veiller alors \u00e0 ce que les besoins particuliers du groupe FS soient pris en compte.<\/p>\n<p>En pr\u00e9vision de ces discussions avec le Conseil du Tr\u00e9sor, IRCC et AMC, je suis en train de dresser un tableau des effets de la crise de la COVID-19 sur les membres de l&rsquo;APASE. Nous vous saurions donc gr\u00e9 de prendre un moment au cours de la semaine prochaine pour remplir le questionnaire ci-dessous en <a href=\"https:\/\/www.surveymonkey.com\/r\/RBGKC6S\" target=\"_blank\" rel=\"noopener noreferrer\" data-cke-saved-href=\"https:\/\/www.surveymonkey.com\/r\/RBGKC6S\">anglais<\/a>\u00a0ou en <a href=\"https:\/\/www.surveymonkey.com\/r\/RHTFWCY\" target=\"_blank\" rel=\"noopener noreferrer\" data-cke-saved-href=\"https:\/\/www.surveymonkey.com\/r\/RHTFWCY\">fran\u00e7ais<\/a>.\u00a0Une fois que nous aurons recueilli des informations sur vos questions et pr\u00e9occupations, nous organiserons une r\u00e9union publique pour discuter plus en d\u00e9tail des enjeux qui nous sont propres. Gardez l\u2019\u0153il ouvert pour plus de d\u00e9tails \u00e0 venir dans les deux prochaines semaines.<\/p>\n<p>D\u2019ici l\u00e0, je vous invite \u00e0 vous joindre \u00e0 l&rsquo;un de nos \u00ab\u00a0check-in\u00a0\u00bb communautaires, en semaine \u00e0 10h30 heure d&rsquo;Ottawa (<a href=\"https:\/\/zoom.us\/meeting\/register\/vJEkdeypqDIqbp_dGGwMYztuqiPP_FPuAA\" target=\"_blank\" rel=\"noopener noreferrer\" data-cke-saved-href=\"https:\/\/zoom.us\/meeting\/register\/vJEkdeypqDIqbp_dGGwMYztuqiPP_FPuA\">inscription ici<\/a>)\u00a0et \u00e0 20h00 heure d&rsquo;Ottawa le mercredi (<a href=\"https:\/\/zoom.us\/meeting\/register\/vpMpc-6vqj4iSWK8CvJrXeLHod7ktzsugQ\" target=\"_blank\" rel=\"noopener noreferrer\" data-cke-saved-href=\"https:\/\/zoom.us\/meeting\/register\/vpMpc-6vqj4iSWK8CvJrXeLHod7ktzsugQ\">inscription ici<\/a>).\u00a0Ils sont un excellent moyen de se rapprocher de la communaut\u00e9 et de se sentir un peu moins seul en cette p\u00e9riode un peu folle.<\/p>\n<p>Restez en s\u00e9curit\u00e9 et prenez soin de vous et des autres.<\/p>\n<p>Cordialement,<\/p>\n<p><strong>Pam Isfeld<br \/>\nPr\u00e9sidente<\/strong><\/p>\n","protected":false},"excerpt":{"rendered":"<p>Chers membres, Une autre semaine d\u2019\u00e9coul\u00e9e, ou alors serait-ce u un mois\u00a0?,\u00a0\u00a0et tout comme l\u2019ensemble d\u2019entre vous, votre \u00e9quipe de l&rsquo;APASE est encore aux prises avec les effets de la COVID-19. Au cours de la derni\u00e8re semaine, nous avons \u00e9t\u00e9 t\u00e9moins de d\u00e9veloppements importants, alors qu\u2019IRCC a avis\u00e9 le personnel de ses plans pour la [&hellip;]<\/p>\n","protected":false},"author":1,"featured_media":0,"comment_status":"closed","ping_status":"closed","sticky":false,"template":"","format":"standard","meta":{"_acf_changed":false,"_seopress_robots_primary_cat":"","_seopress_titles_title":"","_seopress_titles_desc":"","_seopress_robots_index":"","footnotes":""},"categories":[41],"tags":[],"class_list":["post-4095","post","type-post","status-publish","format-standard","hentry","category-mise-a-jour-de-la-presidente"],"acf":[],"_links":{"self":[{"href":"https:\/\/pafso.com\/fr\/wp-json\/wp\/v2\/posts\/4095","targetHints":{"allow":["GET"]}}],"collection":[{"href":"https:\/\/pafso.com\/fr\/wp-json\/wp\/v2\/posts"}],"about":[{"href":"https:\/\/pafso.com\/fr\/wp-json\/wp\/v2\/types\/post"}],"author":[{"embeddable":true,"href":"https:\/\/pafso.com\/fr\/wp-json\/wp\/v2\/users\/1"}],"replies":[{"embeddable":true,"href":"https:\/\/pafso.com\/fr\/wp-json\/wp\/v2\/comments?post=4095"}],"version-history":[{"count":1,"href":"https:\/\/pafso.com\/fr\/wp-json\/wp\/v2\/posts\/4095\/revisions"}],"predecessor-version":[{"id":4443,"href":"https:\/\/pafso.com\/fr\/wp-json\/wp\/v2\/posts\/4095\/revisions\/4443"}],"wp:attachment":[{"href":"https:\/\/pafso.com\/fr\/wp-json\/wp\/v2\/media?parent=4095"}],"wp:term":[{"taxonomy":"category","embeddable":true,"href":"https:\/\/pafso.com\/fr\/wp-json\/wp\/v2\/categories?post=4095"},{"taxonomy":"post_tag","embeddable":true,"href":"https:\/\/pafso.com\/fr\/wp-json\/wp\/v2\/tags?post=4095"}],"curies":[{"name":"wp","href":"https:\/\/api.w.org\/{rel}","templated":true}]}}