{"id":4094,"date":"2020-04-09T18:43:37","date_gmt":"2020-04-09T18:43:37","guid":{"rendered":"https:\/\/pafso.aponiawebsolutions.ca\/non-classifiee\/le-point-sur-la-covid-19-de-la-presidente-de-lapase-pour-le-9-avril-2020\/"},"modified":"2023-08-23T20:24:20","modified_gmt":"2023-08-23T20:24:20","slug":"le-point-sur-la-covid-19-de-la-presidente-de-lapase-pour-le-9-avril-2020","status":"publish","type":"post","link":"https:\/\/pafso.com\/fr\/mise-a-jour-de-la-presidente\/le-point-sur-la-covid-19-de-la-presidente-de-lapase-pour-le-9-avril-2020\/","title":{"rendered":"Le point sur la COVID-19 de la pr\u00e9sidente de l\u2019APASE pour le 9 avril 2020"},"content":{"rendered":"<p>Chers membres,<\/p>\n<p>Alors que nous nous dirigeons vers ce qui sera une longue fin de semaine pour beaucoup d&rsquo;entre vous, nous sommes toujours confront\u00e9s aux bouleversements caus\u00e9s par la pand\u00e9mie de COVID-19.<\/p>\n<p>Je continue d&rsquo;\u00eatre fi\u00e8re de l&rsquo;excellent travail que vous faites tous et toutes au si\u00e8ge et sur le terrain, alors que vous vous efforcez d&rsquo;aider les Canadiens et de maintenir les op\u00e9rations gouvernementales essentielles, et ce, malgr\u00e9 vos propres incertitudes et inqui\u00e9tudes concernant vos amis et vos proches.<\/p>\n<p>L&rsquo;APASE travaille fort pour vous obtenir le soutien dont vous avez besoin. Au cours de la derni\u00e8re semaine, nous avons vu des engagements importants d\u2019AMC concernant l&rsquo;\u00e9vacuation m\u00e9dicale vers le Canada d\u2019employ\u00e9s canadiens, y compris dans les cas o\u00f9 la personne pr\u00e9sente des sympt\u00f4mes de la COVID-19. AMC a \u00e9galement mis en place des mesures pour assurer la livraison de m\u00e9dicaments essentiels au personnel \u00e0 l&rsquo;\u00e9tranger par l\u2019entremise de la valise diplomatique. Notre bureau a trait\u00e9 des demandes individuelles de membres portant sur des questions allant de l&rsquo;application des dispositions relatives aux heures suppl\u00e9mentaires aux d\u00e9parts anticip\u00e9s de la mission.<\/p>\n<p>Je continue \u00e9galement \u00e0 participer \u00e0 des r\u00e9unions r\u00e9guli\u00e8res avec le Conseil du Tr\u00e9sor. Cette semaine, la Dirigeante principale des ressources humaines a prolong\u00e9 jusqu&rsquo;\u00e0 nouvel ordre ses directives sur les cong\u00e9s li\u00e9s \u00e0 la COVID veillant \u00e0 ce que le code 699 soit disponible pour ceux et celles qui doivent s&rsquo;isoler, qui tombent malades du virus, qui doivent s&rsquo;occuper d&rsquo;une autre personne malade ou vuln\u00e9rable, et\/ou qui doivent s&rsquo;occuper d&rsquo;enfants suite \u00e0 la fermeture d&rsquo;\u00e9coles ou de garderies.<\/p>\n<p>Nous comprenons qu&rsquo;il reste encore beaucoup d&rsquo;incertitude pour tout le monde. Des questions telles que les cycles d&rsquo;affectation \u00e0 l\u2019\u00e9tranger et \u00e0 la centrale de cet \u00e9t\u00e9, ainsi que les r\u00e9sultats des concours, sont toujours en cours de discussion. Nous plaidons pour la plus grande transparence possible dans la prise de d\u00e9cision d\u2019AMC et d&rsquo;IRCC, et ce, m\u00eame si nous reconnaissons que de nombreux facteurs demeurent hors du contr\u00f4le de quiconque.<\/p>\n<p>Je suis particuli\u00e8rement consciente que ceux et celles d&rsquo;entre vous qui ont \u00e9t\u00e9 \u00e9vacu\u00e9s en vertu de la DSE64 ont encore de nombreuses questions, m\u00eame si vous deviez revenir en 2020 et que vous avez \u00e9t\u00e9 inform\u00e9s que vous ne retournerez pas en poste. La directrice ex\u00e9cutive Kim Coles et son \u00e9quipe de conseillers en relations de travail restent \u00e0 votre disposition pour vous aider sur la DSE64 ou sur toute autre question.<\/p>\n<p>Nous vivons sans nul doute une p\u00e9riode \u00e9trange, et la plupart d&rsquo;entre nous, ceux qui sont rest\u00e9s en place, trouvent nos nouvelles circonstances d\u00e9concertantes. Le fait que beaucoup d&rsquo;entre nous passeront la prochaine fin de semaine de vacances seuls, s\u00e9par\u00e9s de nos amis et de notre famille, risque de rendre les choses encore plus difficiles. Je vous encourage \u00e0 utiliser les ressources de la page web Sant\u00e9 mentale et COVID-19 pour les fonctionnaires <a href=\"https:\/\/www.canada.ca\/fr\/gouvernement\/fonctionpublique\/covid-19\/protegez-sante-mentale.html\">https:\/\/www.canada.ca\/fr\/gouvernement\/fonctionpublique\/covid-19\/protegez-sante-mentale.html<\/a> et d&rsquo;envisager de participer \u00e0 l&rsquo;un de nos \u00ab\u00a0check-in communautaires\u00a0\u00bb, chaque jour de semaine \u00e0 10h30 heure d&rsquo;Ottawa (inscription ici :\u00a0<a href=\"https:\/\/zoom.us\/meeting\/register\/vJEkdeypqDIqbp_dGGwMYztuqiPP_FPuAA\">https:\/\/zoom.us\/meeting\/register\/vJEkdeypqDIqbp_dGGwMYztuqiPP_FPuAA<\/a> \u00a0)\u00a0et \u00e9galement \u00e0 20h00 heure d&rsquo;Ottawa le mercredi (inscription ici : <a href=\"https:\/\/zoom.us\/meeting\/register\/vpMpc-6vqj4iSWK8CvJrXeLHod7ktzsugQ\">https:\/\/zoom.us\/meeting\/register\/vpMpc-6vqj4iSWK8CvJrXeLHod7ktzsugQ<\/a> \u00a0).<\/p>\n<p>Restez en s\u00e9curit\u00e9 et prenez soin de vous et des autres.<\/p>\n<p>Cordialement,<\/p>\n<p><strong>Pam Isfeld<\/strong><br \/>\n<strong>Pr\u00e9sidente de l&rsquo;APASE<\/strong><\/p>\n","protected":false},"excerpt":{"rendered":"<p>Chers membres, Alors que nous nous dirigeons vers ce qui sera une longue fin de semaine pour beaucoup d&rsquo;entre vous, nous sommes toujours confront\u00e9s aux bouleversements caus\u00e9s par la pand\u00e9mie de COVID-19. Je continue d&rsquo;\u00eatre fi\u00e8re de l&rsquo;excellent travail que vous faites tous et toutes au si\u00e8ge et sur le terrain, alors que vous vous [&hellip;]<\/p>\n","protected":false},"author":1,"featured_media":0,"comment_status":"closed","ping_status":"closed","sticky":false,"template":"","format":"standard","meta":{"_acf_changed":false,"_seopress_robots_primary_cat":"","_seopress_titles_title":"","_seopress_titles_desc":"","_seopress_robots_index":"","footnotes":""},"categories":[41],"tags":[],"class_list":["post-4094","post","type-post","status-publish","format-standard","hentry","category-mise-a-jour-de-la-presidente"],"acf":[],"_links":{"self":[{"href":"https:\/\/pafso.com\/fr\/wp-json\/wp\/v2\/posts\/4094","targetHints":{"allow":["GET"]}}],"collection":[{"href":"https:\/\/pafso.com\/fr\/wp-json\/wp\/v2\/posts"}],"about":[{"href":"https:\/\/pafso.com\/fr\/wp-json\/wp\/v2\/types\/post"}],"author":[{"embeddable":true,"href":"https:\/\/pafso.com\/fr\/wp-json\/wp\/v2\/users\/1"}],"replies":[{"embeddable":true,"href":"https:\/\/pafso.com\/fr\/wp-json\/wp\/v2\/comments?post=4094"}],"version-history":[{"count":1,"href":"https:\/\/pafso.com\/fr\/wp-json\/wp\/v2\/posts\/4094\/revisions"}],"predecessor-version":[{"id":4444,"href":"https:\/\/pafso.com\/fr\/wp-json\/wp\/v2\/posts\/4094\/revisions\/4444"}],"wp:attachment":[{"href":"https:\/\/pafso.com\/fr\/wp-json\/wp\/v2\/media?parent=4094"}],"wp:term":[{"taxonomy":"category","embeddable":true,"href":"https:\/\/pafso.com\/fr\/wp-json\/wp\/v2\/categories?post=4094"},{"taxonomy":"post_tag","embeddable":true,"href":"https:\/\/pafso.com\/fr\/wp-json\/wp\/v2\/tags?post=4094"}],"curies":[{"name":"wp","href":"https:\/\/api.w.org\/{rel}","templated":true}]}}