{"id":4093,"date":"2020-04-03T18:12:16","date_gmt":"2020-04-03T18:12:16","guid":{"rendered":"https:\/\/pafso.aponiawebsolutions.ca\/non-classifiee\/derniere-mise-a-jour-sur-la-covid-19-de-la-presidente-de-lapase\/"},"modified":"2023-08-23T20:24:21","modified_gmt":"2023-08-23T20:24:21","slug":"derniere-mise-a-jour-sur-la-covid-19-de-la-presidente-de-lapase","status":"publish","type":"post","link":"https:\/\/pafso.com\/fr\/mise-a-jour-de-la-presidente\/derniere-mise-a-jour-sur-la-covid-19-de-la-presidente-de-lapase\/","title":{"rendered":"Derni\u00e8re mise \u00e0 jour sur la COVID-19 de la pr\u00e9sidente de l&rsquo;APASE"},"content":{"rendered":"<p>Cher(e)s membres:<\/p>\n<p>Nous entamons un nouveau mois de gestion de crise d\u00fbe \u00e0 la pand\u00e9mie COVID-19 et j&rsquo;aimerais pouvoir dire que les choses reviennent \u00e0 la normale.<\/p>\n<p>Toutefois, le nombre de cas au Canada et ailleurs continu de cro\u00eetre et, bien qu&rsquo;il y ait certaines am\u00e9liorations, comme le rapatriement de dizaines de milliers de Canadiens, la crise est loin d&rsquo;\u00eatre termin\u00e9e. Nous avons peut-\u00eatre gagn\u00e9 une bataille, mais la guerre n\u2019est pas finie et nous ne savons pas ce qui nous attend dans la prochaine courbe.<\/p>\n<p>Depuis le d\u00e9but de cette crise, je suis fier d&rsquo;entendre parler de l&rsquo;excellent travail accompli par les membres de l&rsquo;APASE sur le terrain et \u00e0 l&rsquo;administration centrale. Vous ramenez des Canadiens et des r\u00e9sidents permanents au pays, vous vous efforcez de prot\u00e9ger les cha\u00eenes d&rsquo;approvisionnement essentielles, vous entretenez d&rsquo;importantes relations internationales et vous fournissez au gouvernement les rapports et les analyses qui nous permettront d&rsquo;\u00eatre pr\u00eats \u00e0 toute \u00e9ventualit\u00e9.<\/p>\n<p>Je sais que, pour beaucoup d&rsquo;entre vous, la fatigue s&rsquo;installe apr\u00e8s de longues semaines dans des environnements extr\u00eamement stressants. Nous restons en contact r\u00e9gulier avec AMC, IRCC et le SCT pour nous assurer que vous recevez le soutien dont vous avez besoin. La semaine derni\u00e8re, le bureau de l&rsquo;APASE et moi-m\u00eame avons soulev\u00e9 des questions aupr\u00e8s d\u2019eux, notamment sur la n\u00e9cessit\u00e9 de mesures de distanciation sociale dans les lieux de travail critiques, les dispositions relatives \u00e0 l&rsquo;\u00e9vacuation m\u00e9dicale du SCT dans les missions \u00e0 l&rsquo;\u00e9tranger, l\u2019envoi d\u2019esp\u00e8ce par colis d&rsquo;urgence pour faciliter la planification des urgences lorsque les transferts \u00e9lectroniques ne seraient pas disponibles, et les directives de s\u00e9curit\u00e9 pour le personnel organisant des vols de rapatriement. J&rsquo;ai \u00e9galement commenc\u00e9 \u00e0 soulever la question des secours et des renforts pour ceux qui travaillent sur la r\u00e9ponse d&rsquo;urgence, mais nous n&rsquo;en sommes qu&rsquo;au tout d\u00e9but de cette discussion.<\/p>\n<p>Nous comprenons \u00e9galement l\u2019incertitude qui demeure pour ceux d&rsquo;entre vous qui ont \u00e9t\u00e9 rapatri\u00e9s au Canada. Je sais qu\u2019AMC et l&rsquo;IRCC s&rsquo;efforcent de r\u00e9soudre le plus grand nombre possible de situations et ont commenc\u00e9 \u00e0 contacter ceux d&rsquo;entre vous qui devaient retourner au si\u00e8ge en 2020. Le fait que vous ne retournerez pas au poste et que vous passerez en statut de r\u00e9installation \u00e0 partir du 1er juin sera d\u00e9cevant pour certains d\u2019entre vous, mais sera \u00e9galement un soulagement de pouvoir prendre des plans et des d\u00e9cisions concr\u00e8tes pour d\u2019autres. Pour les propri\u00e9taires d\u2019animaux domestiques parmi vous et qui ont d\u00fb les laisser derri\u00e8re eux, soyez assur\u00e9s que nous avons soulev\u00e9 cette question avec AMC et que nous travaillerons avec eux pour trouver des moyens de les ramener au Canada.<\/p>\n<p>Je suis \u00e9galement heureuse de constater que le GAC a prolong\u00e9 jusqu&rsquo;au 31 mai les dispositions de la DSF64 pour les autres personnes en situation d&rsquo;\u00e9vacuation. Bien que je sache que beaucoup d&rsquo;entre vous esp\u00e9raient retourner \u00e0 leurs missions plus t\u00f4t que cela, cela donne \u00e0 chacun une certaine stabilit\u00e9 pour les prochaines semaines.<\/p>\n<p>D&rsquo;autres \u00e9l\u00e9ments du cycle d&rsquo;affectation, notamment le deuxi\u00e8me tour d\u2019affectations \u00e0 l\u2019\u00e9tranger et les dates de d\u00e9but des affectations confirm\u00e9es \u00e0 l&rsquo;\u00e9tranger, prendront probablement plus de temps \u00e0 organiser. Du c\u00f4t\u00e9 du si\u00e8ge, si AMC a annonc\u00e9 son intention d&rsquo;aller de l&rsquo;avant avec les affectations et les concours pr\u00e9vus, ceux-ci risquent \u00e9galement de subir des retards consid\u00e9rables. Bien que cela soit d\u00fb en grande partie \u00e0 des facteurs qui \u00e9chappent \u00e0 tout contr\u00f4le, nous continuerons \u00e0 plaider en faveur d&rsquo;une transparence maximale dans le processus.<\/p>\n<p>Comme toujours, la directrice ex\u00e9cutive Kim Coles et son \u00e9quipe de conseillers en relations de travail sont \u00e0 votre disposition si vous avez des questions li\u00e9es \u00e0 la DSE64, aux conditions de travail ou \u00e0 la convention collective.<\/p>\n<p>Veuillez continuer \u00e0 surveiller notre site web et myPAFSO pour obtenir les derni\u00e8res informations alors que nous faisons face \u00e0 cette situation en pleine \u00e9volution. Et n&rsquo;oubliez pas nos rencontres quotidiennes, du lundi au vendredi \u00e0 10h30, heure d&rsquo;Ottawa (inscription ici :\u00a0<a href=\"https:\/\/zoom.us\/meeting\/register\/vJEkdeypqDIqbp_dGGwMYztuqiPP_FPuAA\">https:\/\/zoom.us\/meeting\/register\/vJEkdeypqDIqbp_dGGwMYztuqiPP_FPuAA<\/a> )\u00a0et \u00e0 20h, heure d&rsquo;Ottawa le mercredi (inscription ici : <a href=\"https:\/\/zoom.us\/meeting\/register\/vpMpc-6vqj4iSWK8CvJrXeLHod7ktzsugQ\">https:\/\/zoom.us\/meeting\/register\/vpMpc-6vqj4iSWK8CvJrXeLHod7ktzsugQ<\/a> ) pour tous ceux qui souhaitent entrer en contact avec la communaut\u00e9.<\/p>\n<p>Soyez en s\u00e9curit\u00e9 et prenez soin de vous et des autres.<\/p>\n<p>Nous vous souhaitons bonne chance,<\/p>\n<p><strong>Pam Isfeld<\/strong><br \/>\n<strong>Pr\u00e9sidente<\/strong><\/p>\n","protected":false},"excerpt":{"rendered":"<p>Cher(e)s membres: Nous entamons un nouveau mois de gestion de crise d\u00fbe \u00e0 la pand\u00e9mie COVID-19 et j&rsquo;aimerais pouvoir dire que les choses reviennent \u00e0 la normale. Toutefois, le nombre de cas au Canada et ailleurs continu de cro\u00eetre et, bien qu&rsquo;il y ait certaines am\u00e9liorations, comme le rapatriement de dizaines de milliers de Canadiens, [&hellip;]<\/p>\n","protected":false},"author":1,"featured_media":0,"comment_status":"closed","ping_status":"closed","sticky":false,"template":"","format":"standard","meta":{"_acf_changed":false,"_seopress_robots_primary_cat":"","_seopress_titles_title":"","_seopress_titles_desc":"","_seopress_robots_index":"","footnotes":""},"categories":[41],"tags":[],"class_list":["post-4093","post","type-post","status-publish","format-standard","hentry","category-mise-a-jour-de-la-presidente"],"acf":[],"_links":{"self":[{"href":"https:\/\/pafso.com\/fr\/wp-json\/wp\/v2\/posts\/4093","targetHints":{"allow":["GET"]}}],"collection":[{"href":"https:\/\/pafso.com\/fr\/wp-json\/wp\/v2\/posts"}],"about":[{"href":"https:\/\/pafso.com\/fr\/wp-json\/wp\/v2\/types\/post"}],"author":[{"embeddable":true,"href":"https:\/\/pafso.com\/fr\/wp-json\/wp\/v2\/users\/1"}],"replies":[{"embeddable":true,"href":"https:\/\/pafso.com\/fr\/wp-json\/wp\/v2\/comments?post=4093"}],"version-history":[{"count":1,"href":"https:\/\/pafso.com\/fr\/wp-json\/wp\/v2\/posts\/4093\/revisions"}],"predecessor-version":[{"id":4445,"href":"https:\/\/pafso.com\/fr\/wp-json\/wp\/v2\/posts\/4093\/revisions\/4445"}],"wp:attachment":[{"href":"https:\/\/pafso.com\/fr\/wp-json\/wp\/v2\/media?parent=4093"}],"wp:term":[{"taxonomy":"category","embeddable":true,"href":"https:\/\/pafso.com\/fr\/wp-json\/wp\/v2\/categories?post=4093"},{"taxonomy":"post_tag","embeddable":true,"href":"https:\/\/pafso.com\/fr\/wp-json\/wp\/v2\/tags?post=4093"}],"curies":[{"name":"wp","href":"https:\/\/api.w.org\/{rel}","templated":true}]}}