{"id":4090,"date":"2020-03-23T12:57:35","date_gmt":"2020-03-23T12:57:35","guid":{"rendered":"https:\/\/pafso.aponiawebsolutions.ca\/non-classifiee\/mise-a-jour-de-la-presidente-au-sujet-de-la-pandemie-covid-19\/"},"modified":"2023-08-23T20:24:22","modified_gmt":"2023-08-23T20:24:22","slug":"mise-a-jour-de-la-presidente-au-sujet-de-la-pandemie-covid-19","status":"publish","type":"post","link":"https:\/\/pafso.com\/fr\/mise-a-jour-de-la-presidente\/mise-a-jour-de-la-presidente-au-sujet-de-la-pandemie-covid-19\/","title":{"rendered":"Mise \u00e0 jour de la pr\u00e9sidente au sujet de la pand\u00e9mie COVID-19"},"content":{"rendered":"<p>Chers membres:<\/p>\n<p>Il est difficile de croire qu&rsquo;une semaine seulement s&rsquo;est \u00e9coul\u00e9e depuis ma derni\u00e8re mise \u00e0 jour sur la r\u00e9ponse de l&rsquo;APASE \u00e0 la pand\u00e9mie COVID-19. Depuis mon dernier message, la situation est pass\u00e9e de pr\u00e9occupante \u00e0 une situation qui touche directement chacun d&rsquo;entre nous, \u00e0 la fois comme membres de l&rsquo;APASE et comme citoyens du Canada et du monde.<\/p>\n<p>D&rsquo;abord et avant tout, je veux que vous sachiez qu&rsquo;en cette p\u00e9riode de crise, votre \u00e9quipe de l&rsquo;APASE s&rsquo;efforce de prot\u00e9ger et de soutenir nos membres de toutes les fa\u00e7ons possibles. Nous sommes confront\u00e9s \u00e0 la plus importante crise sanitaire de m\u00e9moire d&rsquo;homme, ainsi qu&rsquo;\u00e0 une \u00e9vacuation sans pr\u00e9c\u00e9dent du personnel non essentiel bas\u00e9 au Canada et des personnes \u00e0 charge de nombreuses missions, alors que de nombreux Canadiens sont bloqu\u00e9s \u00e0 l&rsquo;\u00e9tranger et ont besoin de notre aide. Beaucoup d&rsquo;entre nous sont \u00e9puis\u00e9s, inquiets, incertains de l&rsquo;avenir et doivent faire face \u00e0 des d\u00e9fis et des d\u00e9cisions extr\u00eamement difficiles.<\/p>\n<p>En plus de nos contacts r\u00e9guliers avec l&rsquo;\u00e9quipe des relations de travail et des ressources humaines du GAC et de l&rsquo;IRCC, je participe \u00e0 des r\u00e9unions virtuelles quotidiennes avec le Conseil du Tr\u00e9sor et les autres agents n\u00e9gociateurs f\u00e9d\u00e9raux pour m&rsquo;assurer que nous avons notre mot \u00e0 dire sur les d\u00e9cisions gouvernementales qui nous concernent. Le week-end dernier, ce groupe a r\u00e9ussi \u00e0 persuader le gouvernement de la n\u00e9cessit\u00e9 de prendre l&rsquo;initiative de mettre en \u0153uvre les recommandations de distanciation sociale formul\u00e9es par l&rsquo;Agence de sant\u00e9 publique du Canada et de demander aux gestionnaires de mettre en \u0153uvre un protocole de travail \u00e0 domicile lorsque cela est possible pour tous les employ\u00e9s du gouvernement f\u00e9d\u00e9ral, au pays ou dans les missions \u00e0 l&rsquo;\u00e9tranger. En outre, nous avons \u00e9galement obtenu un accord selon lequel les personnes qui doivent s&rsquo;isoler ou rester \u00e0 la maison avec des enfants en raison de la pand\u00e9mie et qui ne peuvent pas t\u00e9l\u00e9travailler doivent utiliser le code de cong\u00e9 699, Autre cong\u00e9 pay\u00e9, pour ces absences.<\/p>\n<p>Bien que la plupart des membres indiquent que ces recommandations sont suivies sur leur lieu de travail, nous avons identifi\u00e9 quelques cas o\u00f9 cela n&rsquo;\u00e9tait pas le cas, et le Conseil du Tr\u00e9sor a clarifi\u00e9 ses instructions \u00e0 ces unit\u00e9s de travail. Bien qu&rsquo;il y ait des exceptions l\u00e9gitimes aux protocoles de travail \u00e0 domicile en raison d&rsquo;exigences op\u00e9rationnelles, je vous encourage \u00e0 contacter notre directrice ex\u00e9cutive, Kim Coles (<a href=\"mailto:kim.coles@pafso.com\">kim.coles@pafso.com<\/a>) pour obtenir de l&rsquo;aide si vous pensez que ces exceptions sont appliqu\u00e9es de mani\u00e8re dangereuse ou discriminatoire.<\/p>\n<p>Nous sommes \u00e9galement conscients qu&rsquo;au cours des prochains jours, un nombre sans pr\u00e9c\u00e9dent de membres de l&rsquo;APASE et de leurs personnes \u00e0 charge arriveront au Canada apr\u00e8s avoir \u00e9t\u00e9 \u00e9vacu\u00e9s des missions \u00e0 l&rsquo;\u00e9tranger et seront confront\u00e9s \u00e0 l&rsquo;auto-isolement et \u00e0 un avenir incertain. Notre \u00e9quipe a d\u00e9j\u00e0 aid\u00e9 un certain nombre d&rsquo;entre vous \u00e0 faire face \u00e0 des pr\u00e9occupations allant de la s\u00e9paration de la famille \u00e0 l&rsquo;obtention de soins m\u00e9dicaux essentiels \u00e0 l&rsquo;arriv\u00e9e au Canada, et nous continuerons \u00e0 travailler avec l&#8217;employeur pour nous assurer que vous recevez tous l&rsquo;aide et le soutien dont vous avez besoin. N&rsquo;h\u00e9sitez pas \u00e0 contacter Kim et le bureau de l&rsquo;APASE pour obtenir de l&rsquo;aide concernant la DSE64 ou toute autre question.<\/p>\n<p>Nous faisons de notre mieux pour suivre le flux d&rsquo;informations, mais comme les choses changent tous les jours, nous avons cr\u00e9\u00e9 un forum sur monAPASE pour les derni\u00e8res nouvelles <a href=\"https:\/\/pafso.com\/forums\/topic\/discussion-covid-19\/\">https:\/\/pafso.com\/forums\/topic\/discussion-covid-19\/<\/a> ainsi qu&rsquo;un Wiki pour les pairs afin de partager des informations utiles sur des sujets tels que le travail \u00e0 domicile, l&rsquo;acc\u00e8s aux technologies de l&rsquo;information, etc. <a href=\"https:\/\/pafso.com\/wiki\/informations-utiles-pour-le-travail-a-domicile-useful-information-for-working-from-home\/\">https:\/\/pafso.com\/wiki\/informations-utiles-pour-le-travail-a-domicile-useful-information-for-working-from-home\/<\/a> . Le forum contient \u00e9galement des d\u00e9tails des d\u00e9tails sur la mani\u00e8re de vous inscrire \u00e0 nos caf\u00e9s\/check-ins virtuels en semaine, pour les membres qui souhaitent se connecter \u00e0 la communaut\u00e9.<\/p>\n<p>Nous vous recommandons \u00e9galement de consulter le site principal d&rsquo;information de l&#8217;employeur pour les employ\u00e9s du gouvernement du Canada, qui comprend les directives envoy\u00e9es par le Bureau du directeur des ressources humaines aux gestionnaires <a href=\"https:\/\/can01.safelinks.protection.outlook.com\/?url=https%3A%2F%2Fwww.canada.ca%2Ffr%2Fgouvernement%2Ffonctionpublique%2Fcovid-19.html&#038;data=02%7C01%7CSean.Ross%40njc-cnm.gc.ca%7Ca3c260ae0bdb4b4ac87b08d7ccfe7d1b%7Cbcc5538a1d6a4e87a29e7d706ae6de4f%7C0%7C0%7C637203265702049048&#038;sdata=ozSZS%2BNdsZ8KOO1RVmDWGyWD%2FxKXMqby5U77RJ8121w%3D&#038;reserved=0\">https:\/\/www.canada.ca\/fr\/gouvernement\/fonctionpublique\/covid-19.htm<\/a>\u00a0ainsi que des d\u00e9tails sur la fa\u00e7on d&rsquo;acc\u00e9der aux services de sant\u00e9 mentale disponibles.<\/p>\n<p>Alors que nous naviguons sur ces eaux difficiles et inexplor\u00e9es, je suis continuellement impressionn\u00e9 par la compassion et le professionnalisme dont font preuve les membres et le personnel de l&rsquo;APASE.\u00a0 Je sais que vous devez tous vous battre contre vos propres inqui\u00e9tudes et incertitudes, mais je vous ai vus vous rassembler pour soutenir vos coll\u00e8gues, prendre soin de votre famille et de vos proches, tout en poursuivant votre important travail au service du Canada et des Canadiens, au pays et \u00e0 l&rsquo;\u00e9tranger.<\/p>\n<p>Vous \u00eates vraiment le Service ext\u00e9rieur professionnel, et je n&rsquo;ai jamais \u00e9t\u00e9 aussi fi\u00e8re d&rsquo;en \u00eatre membre.<\/p>\n<p>Prenez soin de vous et des autres.<\/p>\n<p><strong><br \/>\nPam Isfeld<\/strong><br \/>\n<strong>Pr\u00e9sidente de l&rsquo;APASE<\/strong><\/p>\n","protected":false},"excerpt":{"rendered":"<p>Chers membres: Il est difficile de croire qu&rsquo;une semaine seulement s&rsquo;est \u00e9coul\u00e9e depuis ma derni\u00e8re mise \u00e0 jour sur la r\u00e9ponse de l&rsquo;APASE \u00e0 la pand\u00e9mie COVID-19. Depuis mon dernier message, la situation est pass\u00e9e de pr\u00e9occupante \u00e0 une situation qui touche directement chacun d&rsquo;entre nous, \u00e0 la fois comme membres de l&rsquo;APASE et comme [&hellip;]<\/p>\n","protected":false},"author":1,"featured_media":0,"comment_status":"closed","ping_status":"closed","sticky":false,"template":"","format":"standard","meta":{"_acf_changed":false,"_seopress_robots_primary_cat":"","_seopress_titles_title":"","_seopress_titles_desc":"","_seopress_robots_index":"","footnotes":""},"categories":[41],"tags":[],"class_list":["post-4090","post","type-post","status-publish","format-standard","hentry","category-mise-a-jour-de-la-presidente"],"acf":[],"_links":{"self":[{"href":"https:\/\/pafso.com\/fr\/wp-json\/wp\/v2\/posts\/4090","targetHints":{"allow":["GET"]}}],"collection":[{"href":"https:\/\/pafso.com\/fr\/wp-json\/wp\/v2\/posts"}],"about":[{"href":"https:\/\/pafso.com\/fr\/wp-json\/wp\/v2\/types\/post"}],"author":[{"embeddable":true,"href":"https:\/\/pafso.com\/fr\/wp-json\/wp\/v2\/users\/1"}],"replies":[{"embeddable":true,"href":"https:\/\/pafso.com\/fr\/wp-json\/wp\/v2\/comments?post=4090"}],"version-history":[{"count":1,"href":"https:\/\/pafso.com\/fr\/wp-json\/wp\/v2\/posts\/4090\/revisions"}],"predecessor-version":[{"id":4448,"href":"https:\/\/pafso.com\/fr\/wp-json\/wp\/v2\/posts\/4090\/revisions\/4448"}],"wp:attachment":[{"href":"https:\/\/pafso.com\/fr\/wp-json\/wp\/v2\/media?parent=4090"}],"wp:term":[{"taxonomy":"category","embeddable":true,"href":"https:\/\/pafso.com\/fr\/wp-json\/wp\/v2\/categories?post=4090"},{"taxonomy":"post_tag","embeddable":true,"href":"https:\/\/pafso.com\/fr\/wp-json\/wp\/v2\/tags?post=4090"}],"curies":[{"name":"wp","href":"https:\/\/api.w.org\/{rel}","templated":true}]}}