{"id":4089,"date":"2020-03-13T17:19:26","date_gmt":"2020-03-13T17:19:26","guid":{"rendered":"https:\/\/pafso.aponiawebsolutions.ca\/non-classifiee\/un-message-important-de-la-presidente-portant-sur-la-pandemie-covid-19\/"},"modified":"2023-08-23T20:24:22","modified_gmt":"2023-08-23T20:24:22","slug":"un-message-important-de-la-presidente-portant-sur-la-pandemie-covid-19","status":"publish","type":"post","link":"https:\/\/pafso.com\/fr\/mise-a-jour-de-la-presidente\/un-message-important-de-la-presidente-portant-sur-la-pandemie-covid-19\/","title":{"rendered":"Un message important de la pr\u00e9sidente portant sur la pand\u00e9mie COVID-19"},"content":{"rendered":"<p>Chers membres :<\/p>\n<p>La pand\u00e9mie COVID-19 est inqui\u00e9tante pour nous tous, en particulier pour ceux qui sont malades, qui ont \u00e9t\u00e9 potentiellement expos\u00e9s \u00e0 une personne malade ou qui s&rsquo;occupent d&rsquo;une personne vuln\u00e9rable. L&rsquo;APASE, de concert avec les autres agents n\u00e9gociateurs f\u00e9d\u00e9raux, \u00e9value la situation quotidiennement et suit les recommandations scientifiques de tous les niveaux de gouvernement.<\/p>\n<p>Par cons\u00e9quent, nous nous sommes joints \u00e0 17 autres agents n\u00e9gociateurs pour demander \u00e0 l&#8217;employeur de suivre les lignes directrices de l&rsquo;Agence de sant\u00e9 publique du Canada (ASPC) sur la mise en \u0153uvre de la distanciation sociale et de l&rsquo;auto-isolement afin d'\u00a0\u00bb aplatir la courbe \u00a0\u00bb et d&rsquo;att\u00e9nuer les risques associ\u00e9s \u00e0 une vaste \u00e9pid\u00e9mie virale.<\/p>\n<p>Nous avons demand\u00e9 que les employ\u00e9s de tous les minist\u00e8res et agences, y compris Affaires mondiales Canada et Immigration, R\u00e9fugi\u00e9s et Citoyennet\u00e9 Canada, soient encourag\u00e9s \u00e0 s&rsquo;isoler de mani\u00e8re proactive, et que tous ceux qui sont en mesure de t\u00e9l\u00e9travailler soient encourag\u00e9s \u00e0 le faire. Ceux qui ne sont pas en mesure de t\u00e9l\u00e9travailler, mais qui s&rsquo;isolent d&rsquo;eux-m\u00eames conform\u00e9ment aux directives de l&rsquo;ASPC, ne devraient pas \u00eatre oblig\u00e9s d&rsquo;utiliser un cong\u00e9 ou de prendre une absence sans salaire s&rsquo;ils ne sont pas en mesure de travailler. Nous pensons que ces principes devraient s&rsquo;appliquer \u00e0 toutes les unit\u00e9s de travail, y compris les missions \u00e0 l&rsquo;\u00e9tranger.<\/p>\n<p>Nous appliquons ces principes \u00e0 notre propre bureau de l&rsquo;APASE en nous effor\u00e7ant de limiter les d\u00e9placements et l&rsquo;exposition en g\u00e9n\u00e9ral. Les activit\u00e9s li\u00e9es \u00e0 l&rsquo;APASE se d\u00e9rouleront virtuellement dans la mesure du possible. Nos employ\u00e9s qui sont en mesure de travailler \u00e0 partir de leur domicile le feront, bien que certains d&rsquo;entre eux puissent devoir se rendre au bureau pour des raisons particuli\u00e8res.<\/p>\n<p>Pendant cette p\u00e9riode, l&rsquo;\u00e9quipe du bureau de l&rsquo;APASE et moi-m\u00eame sommes d\u00e9termin\u00e9s \u00e0 appuyer nos membres et nous continuerons d&rsquo;\u00eatre disponibles par courriel et par t\u00e9l\u00e9phone. Je continuerai d&rsquo;assister aux r\u00e9unions pertinentes avec l&#8217;employeur au sujet de COVID-19 et sur d&rsquo;autres questions, et notre \u00e9quipe pour les Relations de travail continuera leur travail afin de vous aider \u00e0 r\u00e9soudre toute difficult\u00e9 li\u00e9e \u00e0 la convention collective, aux Directives sur le service ext\u00e9rieur ou \u00e0 toute autre question. Heureusement, gr\u00e2ce \u00e0 une r\u00e9cente mise \u00e0 niveau de nos syst\u00e8mes informatiques de bureau, nous sommes en mesure de rester connect\u00e9s et ainsi de continuer \u00e0 travailler dur en votre nom.<\/p>\n<p>Ces mesures seront en place jusqu&rsquo;\u00e0 la fin du mois de mars, lorsque nous r\u00e9\u00e9valuerons la situation et nous vous tiendrons au courant, le cas \u00e9ch\u00e9ant. Veuillez continuer \u00e0 surveiller votre courrier \u00e9lectronique et ce site web pour de plus amples informations.<\/p>\n<p>Je reconnais que cette situation est extr\u00eamement difficile pour bon nombre d&rsquo;entre vous et je vous invite \u00e0 communiquer avec moi ou avec le bureau de l&rsquo;APASE, au besoin. Je vous encourage \u00e9galement \u00e0 profiter des services offerts dans le cadre de votre r\u00e9gime d&rsquo;aide aux employ\u00e9s et \u00e0 consulter <a href=\"https:\/\/www.canada.ca\/fr\/sante-publique\/services\/maladies\/2019-nouveau-coronavirus\/preparation.html\">le site principal d&rsquo;information de l&rsquo;ASPC<\/a> pour obtenir les derni\u00e8res informations scientifiques en mati\u00e8re de sant\u00e9 publique.<\/p>\n<p>Nous avons \u00e9galement cr\u00e9\u00e9 un <a href=\"https:\/\/pafso.com\/forums\/topic\/discussion-covid-19\/\">forum sur monAPASE<\/a> pour discuter de la situation et de son impact sur les membres de l&rsquo;APASE.<\/p>\n<p>Prenez soin de vous et des autres.<\/p>\n<p><strong>Pam Isfeld<\/strong><br \/>\n<strong>Pr\u00e9sidente<\/strong><\/p>\n","protected":false},"excerpt":{"rendered":"<p>Chers membres : La pand\u00e9mie COVID-19 est inqui\u00e9tante pour nous tous, en particulier pour ceux qui sont malades, qui ont \u00e9t\u00e9 potentiellement expos\u00e9s \u00e0 une personne malade ou qui s&rsquo;occupent d&rsquo;une personne vuln\u00e9rable. L&rsquo;APASE, de concert avec les autres agents n\u00e9gociateurs f\u00e9d\u00e9raux, \u00e9value la situation quotidiennement et suit les recommandations scientifiques de tous les niveaux [&hellip;]<\/p>\n","protected":false},"author":1,"featured_media":0,"comment_status":"closed","ping_status":"closed","sticky":false,"template":"","format":"standard","meta":{"_acf_changed":false,"_seopress_robots_primary_cat":"","_seopress_titles_title":"","_seopress_titles_desc":"","_seopress_robots_index":"","footnotes":""},"categories":[41],"tags":[],"class_list":["post-4089","post","type-post","status-publish","format-standard","hentry","category-mise-a-jour-de-la-presidente"],"acf":[],"_links":{"self":[{"href":"https:\/\/pafso.com\/fr\/wp-json\/wp\/v2\/posts\/4089","targetHints":{"allow":["GET"]}}],"collection":[{"href":"https:\/\/pafso.com\/fr\/wp-json\/wp\/v2\/posts"}],"about":[{"href":"https:\/\/pafso.com\/fr\/wp-json\/wp\/v2\/types\/post"}],"author":[{"embeddable":true,"href":"https:\/\/pafso.com\/fr\/wp-json\/wp\/v2\/users\/1"}],"replies":[{"embeddable":true,"href":"https:\/\/pafso.com\/fr\/wp-json\/wp\/v2\/comments?post=4089"}],"version-history":[{"count":1,"href":"https:\/\/pafso.com\/fr\/wp-json\/wp\/v2\/posts\/4089\/revisions"}],"predecessor-version":[{"id":4449,"href":"https:\/\/pafso.com\/fr\/wp-json\/wp\/v2\/posts\/4089\/revisions\/4449"}],"wp:attachment":[{"href":"https:\/\/pafso.com\/fr\/wp-json\/wp\/v2\/media?parent=4089"}],"wp:term":[{"taxonomy":"category","embeddable":true,"href":"https:\/\/pafso.com\/fr\/wp-json\/wp\/v2\/categories?post=4089"},{"taxonomy":"post_tag","embeddable":true,"href":"https:\/\/pafso.com\/fr\/wp-json\/wp\/v2\/tags?post=4089"}],"curies":[{"name":"wp","href":"https:\/\/api.w.org\/{rel}","templated":true}]}}