{"id":4085,"date":"2019-11-28T21:45:03","date_gmt":"2019-11-28T21:45:03","guid":{"rendered":"https:\/\/pafso.aponiawebsolutions.ca\/non-classifiee\/resultats-du-concours-de-photos-2019-de-lapase\/"},"modified":"2023-08-23T20:24:22","modified_gmt":"2023-08-23T20:24:22","slug":"resultats-du-concours-de-photos-2019-de-lapase","status":"publish","type":"post","link":"https:\/\/pafso.com\/fr\/non-classifiee\/resultats-du-concours-de-photos-2019-de-lapase\/","title":{"rendered":"R\u00e9sultats du Concours de photos 2019 de l\u2019APASE"},"content":{"rendered":"<p>\u00a0<\/p>\n<figure id=\"attachment_6540\" aria-describedby=\"caption-attachment-6540\" style=\"width: 672px\" class=\"wp-caption aligncenter\"><img fetchpriority=\"high\" decoding=\"async\" class=\"wp-image-6540 size-full\" src=\"https:\/\/pafso.com\/wp-content\/uploads\/2019\/10\/Corina_Pinto_Sky-Above-Sand-Below-Peace-Within_Erg-Chebbi_Morocco.jpg\" alt=\"\" width=\"672\" height=\"504\" \/><figcaption id=\"caption-attachment-6540\" class=\"wp-caption-text\">Photo gagnante: \u00ab En haut, le ciel; en bas, le sable; \u00e0 l\u2019int\u00e9rieur, la paix, l\u2019erg Chebbi, Maroc \u00bb par Corina Pinto.<\/figcaption><\/figure>\n<p>L\u2019Association professionnelle des agents du Service ext\u00e9rieur (APASE) est heureuse d\u2019annoncer les laur\u00e9ats du concours annuel de photos 2019 tenu plus t\u00f4t cette ann\u00e9e.<\/p>\n<p>Le th\u00e8me du concours cette ann\u00e9e, <strong>Vu d&rsquo;ici<\/strong>, visait \u00e0 donner aux membres de l\u2019APASE une occasion de d\u00e9montrer leurs comp\u00e9tences photographiques en captant leur exp\u00e9rience unique de la vie des agents du service ext\u00e9rieur dans des photos prises partout dans le monde.<\/p>\n<p>Le jury de cette ann\u00e9e a octroy\u00e9 le premier prix \u00e0 l\u2019\u0153uvre de Corina Pinto, \u00ab En haut, le ciel; en bas, le sable; \u00e0 l\u2019int\u00e9rieur, la paix, l\u2019erg Chebbi, Maroc \u00bb. \u00ab Lorsque cette photo fut prise, la \u201cvu d\u2019ici\u201d \u00e9tait litt\u00e9ralement l&rsquo;image de mon conjoint \u00e0 dos de chameau \u00bb, se rappelle-t-elle. \u00ab Mais maintenant, je vois les dunes de sable \u00e0 couper le souffle, les costumes traditionnels bleu indigo ; je sens la menthe et les tajines; j&rsquo;entends g\u00e9mir les chameaux et les nuages de poussi\u00e8re. Et je ne peux m&#8217;emp\u00eacher de penser \u00e0 tout les interactions avec les habitants qui nous ont amen\u00e9s jusque l\u00e0. En fin de compte, ce sont les personnes que vous rencontrez en chemin qui importent plus que la destination. \u00bb<\/p>\n<p>Le deuxi\u00e8me prix a \u00e9t\u00e9 d\u00e9cern\u00e9 \u00e0 Julie Sirois pour sa photo intitul\u00e9e \u00ab Chevaliers du ciel, Al Fursan, \u00c9mirats Arabes Unis \u00bb. Et \u00ab Jockey en formation, Mongolie \u00bb, par Kimberly Phillips, a remport\u00e9 le troisi\u00e8me prix.<\/p>\n<p>Les laur\u00e9ats du concours recevront chacun et chacune un certificat-cadeau de chez Henry\u2019s, un grand d\u00e9taillant canadien d\u2019\u00e9quipement photographique et \u00e9lectronique (150\u00a0$ pour le premier prix, 100\u00a0$ pour le deuxi\u00e8me prix et 50\u00a0$ pour le troisi\u00e8me prix).<\/p>\n<p>Des mentions honorables ont \u00e9t\u00e9 d\u00e9cern\u00e9es \u00e0 Gurvir Khosa, Joshua Hodgson, Chris Gravel, Karim Am\u00e9gan, Claudio Ramirez, Melissa Tam, Nicolas St-Pierre et Sabine Nolke..<\/p>\n<p>Cette ann\u00e9e encore, les photos soumises serviront \u00e0 illustrer le calendrier de bureau 2020 pour les membres de l\u2019APASE. Certaines d\u2019entre elles seront aussi publi\u00e9es dans un num\u00e9ro \u00e0 venir de <strong><em>bout de papier<\/em><\/strong>, le magazine canadien de la diplomatie et du Service ext\u00e9rieur.<\/p>\n<p>F\u00e9licitations \u00e0 tous les laur\u00e9ats et aux r\u00e9cipiendaires des mentions honorables!<\/p>\n<p><strong>Le comit\u00e9 executif de l&rsquo;APASE<\/strong><\/p>\n","protected":false},"excerpt":{"rendered":"<p>\u00a0 L\u2019Association professionnelle des agents du Service ext\u00e9rieur (APASE) est heureuse d\u2019annoncer les laur\u00e9ats du concours annuel de photos 2019 tenu plus t\u00f4t cette ann\u00e9e. Le th\u00e8me du concours cette ann\u00e9e, Vu d&rsquo;ici, visait \u00e0 donner aux membres de l\u2019APASE une occasion de d\u00e9montrer leurs comp\u00e9tences photographiques en captant leur exp\u00e9rience unique de la vie [&hellip;]<\/p>\n","protected":false},"author":1,"featured_media":0,"comment_status":"closed","ping_status":"closed","sticky":false,"template":"","format":"standard","meta":{"_acf_changed":false,"_seopress_robots_primary_cat":"","_seopress_titles_title":"","_seopress_titles_desc":"","_seopress_robots_index":"","footnotes":""},"categories":[31],"tags":[],"class_list":["post-4085","post","type-post","status-publish","format-standard","hentry","category-non-classifiee"],"acf":[],"_links":{"self":[{"href":"https:\/\/pafso.com\/fr\/wp-json\/wp\/v2\/posts\/4085","targetHints":{"allow":["GET"]}}],"collection":[{"href":"https:\/\/pafso.com\/fr\/wp-json\/wp\/v2\/posts"}],"about":[{"href":"https:\/\/pafso.com\/fr\/wp-json\/wp\/v2\/types\/post"}],"author":[{"embeddable":true,"href":"https:\/\/pafso.com\/fr\/wp-json\/wp\/v2\/users\/1"}],"replies":[{"embeddable":true,"href":"https:\/\/pafso.com\/fr\/wp-json\/wp\/v2\/comments?post=4085"}],"version-history":[{"count":1,"href":"https:\/\/pafso.com\/fr\/wp-json\/wp\/v2\/posts\/4085\/revisions"}],"predecessor-version":[{"id":4451,"href":"https:\/\/pafso.com\/fr\/wp-json\/wp\/v2\/posts\/4085\/revisions\/4451"}],"wp:attachment":[{"href":"https:\/\/pafso.com\/fr\/wp-json\/wp\/v2\/media?parent=4085"}],"wp:term":[{"taxonomy":"category","embeddable":true,"href":"https:\/\/pafso.com\/fr\/wp-json\/wp\/v2\/categories?post=4085"},{"taxonomy":"post_tag","embeddable":true,"href":"https:\/\/pafso.com\/fr\/wp-json\/wp\/v2\/tags?post=4085"}],"curies":[{"name":"wp","href":"https:\/\/api.w.org\/{rel}","templated":true}]}}