{"id":4080,"date":"2019-06-26T12:00:22","date_gmt":"2019-06-26T12:00:22","guid":{"rendered":"https:\/\/pafso.aponiawebsolutions.ca\/non-classifiee\/les-diplomates-ratifient-par-vote-une-entente-de-principe-avec-le-secretariat-du-conseil-du-tresor\/"},"modified":"2023-08-23T20:24:23","modified_gmt":"2023-08-23T20:24:23","slug":"les-diplomates-ratifient-par-vote-une-entente-de-principe-avec-le-secretariat-du-conseil-du-tresor","status":"publish","type":"post","link":"https:\/\/pafso.com\/fr\/non-classifiee\/les-diplomates-ratifient-par-vote-une-entente-de-principe-avec-le-secretariat-du-conseil-du-tresor\/","title":{"rendered":"Les diplomates ratifient par vote une entente de principe avec le Secr\u00e9tariat du Conseil du Tr\u00e9sor"},"content":{"rendered":"<p>OTTAWA (ONTARIO) \u2013 Les membres de l\u2019Association professionnelle des agents du Service ext\u00e9rieur (APASE) ont ratifi\u00e9 une entente de principe avec le Secr\u00e9tariat du Conseil du Tr\u00e9sor (SCT). \u00c0 la cl\u00f4ture du vote de ratification, \u00e0 16 h 00, le 25 juin, une nette majorit\u00e9 avait vot\u00e9 en faveur de l\u2019entente conclue au d\u00e9but du mois.<\/p>\n<p>L\u2019APASE, le syndicat repr\u00e9sentant les 1600 fonctionnaire du service diplomatique du canada, avait d\u00e9clar\u00e9 une impasse dans les n\u00e9gociations collectives plus t\u00f4t cette ann\u00e9e. Au cours de la p\u00e9riode pr\u00e9c\u00e9dant l\u2019arbitrage qui devait avoir lieu plus tard cet \u00e9t\u00e9, le comit\u00e9 de n\u00e9gociation collective de l\u2019APASE a travaill\u00e9 d\u2019arrache-pied avec ses homologues de la partie patronale afin d\u2019en arriver \u00e0 cette entente de principe.<\/p>\n<p>\u00ab\u00a0Je suis heureuse de souligner que nous avons ratifi\u00e9 une entente qui, en plus de nombreuses augmentations \u00e9conomiques importantes, contient plusieurs autres am\u00e9liorations significatives\u00a0\u00bb, a d\u00e9clar\u00e9 Pamela Isfeld, pr\u00e9sidente de l\u2019APASE. \u00ab\u00a0De par ses dispositions concernant la sant\u00e9 et la s\u00e9curit\u00e9 de nos membres et ses am\u00e9liorations au cong\u00e9 de maternit\u00e9 et au cong\u00e9 parental, sans oublier un important article pr\u00e9voyant un nouveau cong\u00e9 pour violence familiale, cette entente constitue un grand pas en avant pour nos membres.\u00a0\u00bb<\/p>\n<p>L\u2019APASE et le SCT ont actuellement des entretiens afin de fixer une date de signature officielle de la convention collective.<\/p>\n<p>En net contraste avec les conventions collectives ant\u00e9rieures qui venaient \u00e0 expiration quelques jours apr\u00e8s leur date de signature, la nouvelle restera en vigueur jusqu\u2019au 30 juin 2022.<\/p>\n<p>\u00ab\u00a0Pour la premi\u00e8re de ma carri\u00e8re d\u2019agente du service ext\u00e9rieur, si ma m\u00e9moire est bonne, le groupe FS aura une convention collective en vigueur pour plus que quelques mois \u00e0 la fois\u00a0\u00bb, a conclu M<sup>me<\/sup> Isfeld.<\/p>\n","protected":false},"excerpt":{"rendered":"<p>OTTAWA (ONTARIO) \u2013 Les membres de l\u2019Association professionnelle des agents du Service ext\u00e9rieur (APASE) ont ratifi\u00e9 une entente de principe avec le Secr\u00e9tariat du Conseil du Tr\u00e9sor (SCT). \u00c0 la cl\u00f4ture du vote de ratification, \u00e0 16 h 00, le 25 juin, une nette majorit\u00e9 avait vot\u00e9 en faveur de l\u2019entente conclue au d\u00e9but du [&hellip;]<\/p>\n","protected":false},"author":1,"featured_media":0,"comment_status":"closed","ping_status":"closed","sticky":false,"template":"","format":"standard","meta":{"_acf_changed":false,"_seopress_robots_primary_cat":"","_seopress_titles_title":"","_seopress_titles_desc":"","_seopress_robots_index":"","footnotes":""},"categories":[31],"tags":[],"class_list":["post-4080","post","type-post","status-publish","format-standard","hentry","category-non-classifiee"],"acf":[],"_links":{"self":[{"href":"https:\/\/pafso.com\/fr\/wp-json\/wp\/v2\/posts\/4080","targetHints":{"allow":["GET"]}}],"collection":[{"href":"https:\/\/pafso.com\/fr\/wp-json\/wp\/v2\/posts"}],"about":[{"href":"https:\/\/pafso.com\/fr\/wp-json\/wp\/v2\/types\/post"}],"author":[{"embeddable":true,"href":"https:\/\/pafso.com\/fr\/wp-json\/wp\/v2\/users\/1"}],"replies":[{"embeddable":true,"href":"https:\/\/pafso.com\/fr\/wp-json\/wp\/v2\/comments?post=4080"}],"version-history":[{"count":1,"href":"https:\/\/pafso.com\/fr\/wp-json\/wp\/v2\/posts\/4080\/revisions"}],"predecessor-version":[{"id":4459,"href":"https:\/\/pafso.com\/fr\/wp-json\/wp\/v2\/posts\/4080\/revisions\/4459"}],"wp:attachment":[{"href":"https:\/\/pafso.com\/fr\/wp-json\/wp\/v2\/media?parent=4080"}],"wp:term":[{"taxonomy":"category","embeddable":true,"href":"https:\/\/pafso.com\/fr\/wp-json\/wp\/v2\/categories?post=4080"},{"taxonomy":"post_tag","embeddable":true,"href":"https:\/\/pafso.com\/fr\/wp-json\/wp\/v2\/tags?post=4080"}],"curies":[{"name":"wp","href":"https:\/\/api.w.org\/{rel}","templated":true}]}}