{"id":4079,"date":"2019-06-14T04:00:01","date_gmt":"2019-06-14T04:00:01","guid":{"rendered":"https:\/\/pafso.aponiawebsolutions.ca\/non-classifiee\/les-prix-des-agents-du-service-exterieur-canadien-fetent-leur-30-ans\/"},"modified":"2023-08-23T20:24:24","modified_gmt":"2023-08-23T20:24:24","slug":"les-prix-des-agents-du-service-exterieur-canadien-fetent-leur-30-ans","status":"publish","type":"post","link":"https:\/\/pafso.com\/fr\/non-classifiee\/les-prix-des-agents-du-service-exterieur-canadien-fetent-leur-30-ans\/","title":{"rendered":"Les prix des agents du Service ext\u00e9rieur canadien f\u00eatent leur 30 ans"},"content":{"rendered":"<p>Hier soir, l\u2019Association professionnelle des agents du Service ext\u00e9rieur (APASE) a tenu la 30<sup>e<\/sup> \u00e9dition du d\u00eener de la remise des prix de l\u2019APASE au Centre Shaw \u00e0 Ottawa. Institu\u00e9 en 1989, les prix servent \u00e0 souligner les r\u00e9alisations exceptionnelles d\u2019agents du Service ext\u00e9rieur canadien d\u2019Affaires mondiales Canada et d\u2019Immigration, R\u00e9fugi\u00e9s et Citoyennet\u00e9 Canada.<\/p>\n<p>\u00ab\u00a0Je suis tr\u00e8s fi\u00e8re d\u2019\u00eatre ici pour c\u00e9l\u00e9brer le 30<sup>e<\/sup> anniversaire des Prix de l\u2019APASE, qui soulignent le travail exceptionnel de nos coll\u00e8gues en mati\u00e8re de d\u00e9fense et de promotion des int\u00e9r\u00eats du Canada \u00e0 l\u2019\u00e9tranger, de m\u00eame qu\u2019au service des Canadiens et des Canadiennes, souvent dans des circonstances tr\u00e8s difficiles\u00a0\u00bb, a d\u00e9clar\u00e9 Pam Isfeld, pr\u00e9sidente de l\u2019APASE. \u00ab\u00a0Cette ann\u00e9e, l\u2019absence de notre ami et coll\u00e8gue Michael Kovrig, actuellement d\u00e9tenu dans une prison en Chine, constitue un rappel brutal des dangers auxquels la collectivit\u00e9 du service ext\u00e9rieur est expos\u00e9e. Alors que nous c\u00e9l\u00e9brons l\u2019excellence du travail de nos laur\u00e9ats, nous pensons \u00e0 Michael et nous demandons sa lib\u00e9ration.\u00a0\u00bb<\/p>\n<p>Les laur\u00e9ats des Prix de l\u2019APASE pour 2019 sont :<\/p>\n<p><strong>PATRICIA ATKINSON<br \/>\n<\/strong>Patricia Atkinson, chef du Groupe de travail du Venezuela, a \u00e9t\u00e9 un \u00e9l\u00e9ment cl\u00e9 dans la conception et la mise en \u0153uvre de la strat\u00e9gie du Canada pour la promotion de la d\u00e9mocratie et la d\u00e9fense des droits de la personne au Venezuela, tout en positionnant le Canada comme un chef de file dans cet h\u00e9misph\u00e8re.<\/p>\n<p>Patricia et la superbe \u00e9quipe qu\u2019elle a assembl\u00e9e et dirig\u00e9e ont appuy\u00e9 l\u2019engagement de la ministre et jou\u00e9 des r\u00f4les cruciaux dans la teneur et l\u2019organisation de 11 rencontres des 13 pays membres du groupe de Lima qui coordonne les actions concernant le Venezuela. Elle a pr\u00eat\u00e9 mainforte dans l\u2019\u00e9laboration de trois s\u00e9ries de sanctions contre le r\u00e9gime et pilot\u00e9 des travaux qui ont abouti \u00e0 des mesures d\u2019aide d\u2019une valeur de 53 millions de dollars pour les victimes v\u00e9n\u00e9zu\u00e9liennes et qui ont eu des incidences sur les pays avoisinants. Elle a fait preuve de d\u00e9licatesse dans son soutien \u00e0 l\u2019ambassade \u00e0 Caracas durant cette p\u00e9riode difficile.<\/p>\n<p>Pour les qualit\u00e9s exceptionnelles en mati\u00e8re de pens\u00e9e strat\u00e9gique, de leadership et de gestion d\u2019\u00e9quipe dont elle a fait preuve, Patricia Atkinson est laur\u00e9ate du Prix de l\u2019APASE 2019.<\/p>\n<p>\u00a0<\/p>\n<p><strong>MALCOLM CAMPBELL<br \/>\n<\/strong>\u00c0 Beijing, l\u2019agent du service ext\u00e9rieur Malcolm Campbell a dirig\u00e9 la conception de CAN+, un programme novateur destin\u00e9 \u00e0 rationaliser la d\u00e9livrance de visas aux voyageurs \u00e0 faible risque. Ainsi, 40\u00a0% des requ\u00e9rants ont obtenu un traitement acc\u00e9l\u00e9r\u00e9, ce qui a lib\u00e9r\u00e9 les agents des visas pour des cas plus complexes.<\/p>\n<p>Durant l\u2019Op\u00e9ration r\u00e9fugi\u00e9s syriens, Malcolm a cr\u00e9\u00e9 un syst\u00e8me qui a consolid\u00e9 l\u2019information sur les r\u00e9fugi\u00e9s syriens obtenue de sources vari\u00e9es, de sorte que les centres des op\u00e9rations \u00e0 Beyrouth et au Canada puissent se partager le traitement.<\/p>\n<p>De retour \u00e0 Ottawa en 2017, Malcolm a coordonn\u00e9 une \u00e9quipe disparate charg\u00e9e de concevoir \u00ab\u00a0Chinook\u00a0\u00bb, un outil visant \u00e0 faciliter des milliers de d\u00e9cisions relatives \u00e0 des demandes de visa de r\u00e9sident temporaire. Tout en donnant acc\u00e8s \u00e0 un plus grand nombre de donn\u00e9es, en facilitant le partage des t\u00e2ches et en augmentant l\u2019uniformit\u00e9, Chinook s\u2019est traduit par un gain de productivit\u00e9 de 25\u00a0% et une am\u00e9lioration du moral et de la confiance des agents. Malcolm doit la r\u00e9ussite de ses projets \u00e0 ses connaissances sp\u00e9cialis\u00e9es, \u00e0 son habile coordination et \u00e0 sa d\u00e9licatesse dans les communications.<\/p>\n<p>Pour sa cr\u00e9ativit\u00e9 exceptionnelle, sa virtuosit\u00e9 sur le plan technique et ses qualit\u00e9s de communicateur exceptionnelles, sans oublier ses qualit\u00e9s de leader de l\u2019innovation, Malcolm Campbell re\u00e7oit le Prix de l\u2019APASE 2019.<\/p>\n<p><strong>\u00a0<\/strong><\/p>\n<p><strong>SUZANNE ELLIOTT<br \/>\n<\/strong>En sa qualit\u00e9 de directrice adjointe de la Section des cas familiaux aux Op\u00e9rations consulaires, Suzanne Elliott g\u00e8re un exigeant portefeuille et elle fait constamment preuve de beaucoup d\u2019initiative et de cr\u00e9ativit\u00e9, d\u2019engagement envers les Canadiens et les Canadiennes, d\u2019une efficacit\u00e9 interculturelle intense et d\u2019une capacit\u00e9 unique d\u2019inspirer autrui. L\u2019\u00e9quipe de Suzanne fournit des services consulaires aux enfants canadiens victimes d\u2019abus ou abandonn\u00e9s \u00e0 l\u2019\u00e9tranger et elle s\u2019occupe des cas d\u2019enl\u00e8vement international d\u2019enfant par l\u2019un des deux parents. Son \u00e9quipe a rapatri\u00e9 des centaines d\u2019enfants au Canada au cours des quatre derni\u00e8res ann\u00e9es.<\/p>\n<p>Un grand nombre de cas que Suzanne a g\u00e9r\u00e9s mettaient en cause des femmes victimes de violence fond\u00e9e sur le sexe et\/ou en situation de danger physique imminent. Il n\u2019existe souvent aucune marge de man\u0153uvre et qu\u2019une seule chance d\u2019intervenir.<\/p>\n<p>Pour son engagement ind\u00e9fectible \u00e0 venir en aide \u00e0 des enfants, femmes et familles canadiens d\u00e9sesp\u00e9r\u00e9s et pour avoir ouvert la voie \u00e0 de nouveaux moyens d\u2019\u00e9largir le rayonnement consulaire du Canada aux plus vuln\u00e9rables, Suzanne Elliott se voit d\u00e9cerner le Prix de l\u2019APASE 2019.<\/p>\n<p>&#8212;&#8212;&#8212;&#8212;<\/p>\n<p>Le jury de s\u00e9lection de 2018 \u00e9tait compos\u00e9 de\u00a0: D<sup>r<\/sup> Roland Paris (pr\u00e9sident), M<sup>me<\/sup> Anne Arnott, M.\u00a0Yves Brodeur, D<sup>r <\/sup>Linda Duxbury, M. Tom MacDonald et M<sup>me<\/sup> Emmanuelle Latraverse.<\/p>\n","protected":false},"excerpt":{"rendered":"<p>Hier soir, l\u2019Association professionnelle des agents du Service ext\u00e9rieur (APASE) a tenu la 30e \u00e9dition du d\u00eener de la remise des prix de l\u2019APASE au Centre Shaw \u00e0 Ottawa. Institu\u00e9 en 1989, les prix servent \u00e0 souligner les r\u00e9alisations exceptionnelles d\u2019agents du Service ext\u00e9rieur canadien d\u2019Affaires mondiales Canada et d\u2019Immigration, R\u00e9fugi\u00e9s et Citoyennet\u00e9 Canada. \u00ab\u00a0Je [&hellip;]<\/p>\n","protected":false},"author":1,"featured_media":0,"comment_status":"closed","ping_status":"closed","sticky":false,"template":"","format":"standard","meta":{"_acf_changed":false,"_seopress_robots_primary_cat":"","_seopress_titles_title":"","_seopress_titles_desc":"","_seopress_robots_index":"","footnotes":""},"categories":[31],"tags":[],"class_list":["post-4079","post","type-post","status-publish","format-standard","hentry","category-non-classifiee"],"acf":[],"_links":{"self":[{"href":"https:\/\/pafso.com\/fr\/wp-json\/wp\/v2\/posts\/4079","targetHints":{"allow":["GET"]}}],"collection":[{"href":"https:\/\/pafso.com\/fr\/wp-json\/wp\/v2\/posts"}],"about":[{"href":"https:\/\/pafso.com\/fr\/wp-json\/wp\/v2\/types\/post"}],"author":[{"embeddable":true,"href":"https:\/\/pafso.com\/fr\/wp-json\/wp\/v2\/users\/1"}],"replies":[{"embeddable":true,"href":"https:\/\/pafso.com\/fr\/wp-json\/wp\/v2\/comments?post=4079"}],"version-history":[{"count":1,"href":"https:\/\/pafso.com\/fr\/wp-json\/wp\/v2\/posts\/4079\/revisions"}],"predecessor-version":[{"id":4460,"href":"https:\/\/pafso.com\/fr\/wp-json\/wp\/v2\/posts\/4079\/revisions\/4460"}],"wp:attachment":[{"href":"https:\/\/pafso.com\/fr\/wp-json\/wp\/v2\/media?parent=4079"}],"wp:term":[{"taxonomy":"category","embeddable":true,"href":"https:\/\/pafso.com\/fr\/wp-json\/wp\/v2\/categories?post=4079"},{"taxonomy":"post_tag","embeddable":true,"href":"https:\/\/pafso.com\/fr\/wp-json\/wp\/v2\/tags?post=4079"}],"curies":[{"name":"wp","href":"https:\/\/api.w.org\/{rel}","templated":true}]}}