{"id":4071,"date":"2018-06-19T14:36:48","date_gmt":"2018-06-19T14:36:48","guid":{"rendered":"https:\/\/pafso.aponiawebsolutions.ca\/non-classifiee\/la-convention-collective-du-groupe-fs-a-ete-signee\/"},"modified":"2023-08-23T20:24:25","modified_gmt":"2023-08-23T20:24:25","slug":"la-convention-collective-du-groupe-fs-a-ete-signee","status":"publish","type":"post","link":"https:\/\/pafso.com\/fr\/non-classifiee\/la-convention-collective-du-groupe-fs-a-ete-signee\/","title":{"rendered":"La convention collective du groupe FS \u00e0 \u00e9t\u00e9 sign\u00e9e"},"content":{"rendered":"<p>Je suis heureux d\u2019annoncer que la convention collective pour le groupe FS a officiellement \u00e9t\u00e9 sign\u00e9e ce matin. Cela met le point final \u00e0 quatre longues ann\u00e9es de n\u00e9gociations et est le fruit du travail ardu de chacune et chacun des membres de l\u2019\u00e9quipe de n\u00e9gociation.<\/p>\n<p>Conform\u00e9ment \u00e0 la convention, l\u2019Employeur dispose de 120 jours pour la mettre int\u00e9gralement en \u0153uvre. Mme Sandra Hassan, sous-ministre adjointe, Conseil du Tr\u00e9sor du Canada, a signal\u00e9 que tout le monde ne verra pas les incidences de la nouvelle convention sur sa paye en m\u00eame temps, car la mise en \u0153uvre se fera au moyen du nouveau syst\u00e8me de paye par \u00e9quipes mixtes en vue de r\u00e9duire les probl\u00e8mes li\u00e9s \u00e0 Ph\u00e9nix. Elle a aussi demand\u00e9 que les membres attendent apr\u00e8s la fin de la p\u00e9riode de mise en \u0153uvre, le 17 octobre 2018, pour ouvrir un dossier aupr\u00e8s du Centre des services de paye.<\/p>\n<p>En outre, comme cette convention doit venir \u00e0 expiration \u00e0 la fin du mois, l\u2019APASE a signifi\u00e9 \u00e0 l\u2019Employeur son intention d\u2019entamer des n\u00e9gociations. La prochaine ronde de n\u00e9gociations d\u00e9butera d\u2019ici peu, et nous vous tiendrons au courant des d\u00e9veloppements.<\/p>\n<p>Merci, et f\u00e9licitations \u00e0 toutes et \u00e0 tous.<\/p>\n<p><strong>Ron Cochrane<\/strong><br \/>\nPr\u00e9sident de l\u2019\u00e9quipe de n\u00e9gociation<\/p>\n","protected":false},"excerpt":{"rendered":"<p>Je suis heureux d\u2019annoncer que la convention collective pour le groupe FS a officiellement \u00e9t\u00e9 sign\u00e9e ce matin. Cela met le point final \u00e0 quatre longues ann\u00e9es de n\u00e9gociations et est le fruit du travail ardu de chacune et chacun des membres de l\u2019\u00e9quipe de n\u00e9gociation. Conform\u00e9ment \u00e0 la convention, l\u2019Employeur dispose de 120 jours [&hellip;]<\/p>\n","protected":false},"author":1,"featured_media":0,"comment_status":"closed","ping_status":"closed","sticky":false,"template":"","format":"standard","meta":{"_acf_changed":false,"_seopress_robots_primary_cat":"","_seopress_titles_title":"","_seopress_titles_desc":"","_seopress_robots_index":"","footnotes":""},"categories":[31],"tags":[],"class_list":["post-4071","post","type-post","status-publish","format-standard","hentry","category-non-classifiee"],"acf":[],"_links":{"self":[{"href":"https:\/\/pafso.com\/fr\/wp-json\/wp\/v2\/posts\/4071","targetHints":{"allow":["GET"]}}],"collection":[{"href":"https:\/\/pafso.com\/fr\/wp-json\/wp\/v2\/posts"}],"about":[{"href":"https:\/\/pafso.com\/fr\/wp-json\/wp\/v2\/types\/post"}],"author":[{"embeddable":true,"href":"https:\/\/pafso.com\/fr\/wp-json\/wp\/v2\/users\/1"}],"replies":[{"embeddable":true,"href":"https:\/\/pafso.com\/fr\/wp-json\/wp\/v2\/comments?post=4071"}],"version-history":[{"count":1,"href":"https:\/\/pafso.com\/fr\/wp-json\/wp\/v2\/posts\/4071\/revisions"}],"predecessor-version":[{"id":4468,"href":"https:\/\/pafso.com\/fr\/wp-json\/wp\/v2\/posts\/4071\/revisions\/4468"}],"wp:attachment":[{"href":"https:\/\/pafso.com\/fr\/wp-json\/wp\/v2\/media?parent=4071"}],"wp:term":[{"taxonomy":"category","embeddable":true,"href":"https:\/\/pafso.com\/fr\/wp-json\/wp\/v2\/categories?post=4071"},{"taxonomy":"post_tag","embeddable":true,"href":"https:\/\/pafso.com\/fr\/wp-json\/wp\/v2\/tags?post=4071"}],"curies":[{"name":"wp","href":"https:\/\/api.w.org\/{rel}","templated":true}]}}