{"id":4069,"date":"2018-06-14T18:14:05","date_gmt":"2018-06-14T18:14:05","guid":{"rendered":"https:\/\/pafso.aponiawebsolutions.ca\/non-classifiee\/mur-du-souvenir\/"},"modified":"2023-08-23T20:24:26","modified_gmt":"2023-08-23T20:24:26","slug":"mur-du-souvenir","status":"publish","type":"post","link":"https:\/\/pafso.com\/fr\/non-classifiee\/mur-du-souvenir\/","title":{"rendered":"Un monument permanent \u00e0 la m\u00e9moire des membres du Service ext\u00e9rieur du Canada qui ont perdu la vie \u00e0 l\u2019\u00e9tranger dans des circonstances violentes ou tragiques a \u00e9t\u00e9 d\u00e9voil\u00e9 \u00e0 Affaires mondiales Canada le lundi 11 juin."},"content":{"rendered":"<p><img fetchpriority=\"high\" decoding=\"async\" class=\"aligncenter size-large wp-image-5447\" src=\"https:\/\/pafso.com\/wp-content\/uploads\/2018\/06\/Plaque-1024x590.jpg\" alt=\"\" width=\"1024\" height=\"590\" \/><\/p>\n<p>L\u2019Association professionnelle des agents du Service ext\u00e9rieur (l\u2019APASE) et l\u2019Association des chefs de mission \u00e0 la retraite (l\u2019ACMAR) ont le privil\u00e8ge d\u2019annoncer qu\u2019en \u00e9troite collaboration avec le gouvernement du Canada, un <em>Mur du souvenir <\/em>permanent a \u00e9t\u00e9 d\u00e9voil\u00e9 \u00e0 Affaires mondiales Canada le 11 juin 2018.<\/p>\n<p>Ce monument comm\u00e9moratif a \u00e9t\u00e9 \u00e9tabli \u00e0 la m\u00e9moire des membres de notre Service ext\u00e9rieur, tant les fonctionnaires canadiens que le personnel recrut\u00e9 sur place, qui ont perdu la vie lors d\u2019hostilit\u00e9s ou dans des circonstances violentes ou tragiques au service du Canada \u00e0 l\u2019\u00e9tranger.<\/p>\n<p>\u00ab\u00a0Dans un monde plus en plus volatil et incertain, les personnes qui \u0153uvrent \u00e0 promouvoir et \u00e0 d\u00e9fendre les int\u00e9r\u00eats du Canada outre-mer sont beaucoup plus expos\u00e9es \u00e0 un risque de danger que lorsqu\u2019elles vivent et travaillent au Canada\u00a0\u00bb, a d\u00e9clar\u00e9 Pamela Isfeld, pr\u00e9sidente de l\u2019APASE. \u00ab\u00a0Malheureusement, nous avons au fil des ans perdu un certain nombre de coll\u00e8gues du Service ext\u00e9rieur dans des circonstances violentes ou tragiques, les plus r\u00e9cents \u00e9tant M. Glyn Berry en 2006 en Afghanistan and Mme Annemarie Desloges au Kenya en 2013\u00a0\u00bb, a-t-elle poursuivi.<\/p>\n<p>Le pr\u00e9sident de l\u2019ACMAR, Gilles Rivard, a d\u00e9clar\u00e9\u00a0: \u00ab\u00a0La communaut\u00e9 du Service ext\u00e9rieur du Canada estime que le temps est venu d\u2019\u00e9tablir cet important monument comm\u00e9morant individuellement tous ceux et celles qui ont perdu la vie au service du Canada. Il s\u2019agit l\u00e0 d\u2019une excellente fa\u00e7on de rendre hommage au sacrifice ultime qu\u2019ils ont fait, ainsi qu&rsquo;aux membres de leur famille.\u00a0\u00bb<\/p>\n<p>De hauts fonctionnaires des minist\u00e8res qui ont perdu des employ\u00e9s ont \u00e9voqu\u00e9 des souvenirs \u00e9mouvants des huit personnes comm\u00e9mor\u00e9es cette ann\u00e9e, en pr\u00e9sence des membres des familles \u00e9prouv\u00e9es et de bon nombre de leurs amis et coll\u00e8gues. Tous et toutes ont \u00e9t\u00e9 touch\u00e9s par la c\u00e9r\u00e9monie \u00e0 la fois simple et digne.<\/p>\n<p>Le mur du souvenir int\u00e8gre aussi une plaque comm\u00e9morative de 2006 qui soulignait collectivement les fonctionnaires canadiens et leurs proches d\u00e9c\u00e9d\u00e9s dans des circonstances exceptionnelles dans l\u2019exercice de leurs fonctions \u00e0 l\u2019\u00e9tranger.<\/p>\n<p>\u00c0 l\u2019avenir, une c\u00e9r\u00e9monie annuelle du souvenir se tiendra devant le mur et d\u2019autres noms viendront s\u2019y ajouter, venant des r\u00e9seaux du gouvernement du Canada, de l\u2019ACMAR et de l\u2019APASE. Le mur est situ\u00e9 dans le hall d\u2019entr\u00e9e principal de l\u2019administration centrale d\u2019Affaires mondiales Canada, au 125 promenade Sussex.<\/p>\n<p>Le projet de mur du souvenir est le fruit de longues discussions et de la collaboration avec le minist\u00e8re responsable, Affaires mondiales Canada, les familles des victimes, Immigration, R\u00e9fugi\u00e9s et Citoyennet\u00e9 Canada, l\u2019APASE et l\u2019ACMAR.<\/p>\n<p>Des monuments comm\u00e9moratifs semblables ont \u00e9t\u00e9 \u00e9tablis par le Foreign and Commonwealth Office du R.-U. et le D\u00e9partement d\u2019\u00c9tat des \u00c9.-U. \u00e0 la m\u00e9moire de leurs coll\u00e8gues d\u00e9c\u00e9d\u00e9s.<\/p>\n<p>Affaires mondiales Canada a aussi saisi l\u2019occasion du d\u00e9voilement pour annoncer qu\u2019il envisage \u00e9galement l\u2019\u00e9tablissement d\u2019un monument plus accessible au public \u00e0 la m\u00e9moire des fonctionnaires qui ont perdu la vie \u00e0 l\u2019\u00e9tranger.<\/p>\n<p>L\u2019APASE et l\u2019ACMAR profitent de l\u2019occasion pour exprimer leur plus vive gratitude \u00e0 tous les fonctionnaires du gouvernement du Canada, en particulier \u00e0 Affaires mondiales Canada, et aux familles qui ont perdu des proches dans des circonstances tragiques et qui ont si g\u00e9n\u00e9reusement contribu\u00e9 \u00e0 la r\u00e9alisation de ce noble projet.<\/p>\n","protected":false},"excerpt":{"rendered":"<p>L\u2019Association professionnelle des agents du Service ext\u00e9rieur (l\u2019APASE) et l\u2019Association des chefs de mission \u00e0 la retraite (l\u2019ACMAR) ont le privil\u00e8ge d\u2019annoncer qu\u2019en \u00e9troite collaboration avec le gouvernement du Canada, un Mur du souvenir permanent a \u00e9t\u00e9 d\u00e9voil\u00e9 \u00e0 Affaires mondiales Canada le 11 juin 2018. Ce monument comm\u00e9moratif a \u00e9t\u00e9 \u00e9tabli \u00e0 la m\u00e9moire [&hellip;]<\/p>\n","protected":false},"author":1,"featured_media":0,"comment_status":"closed","ping_status":"closed","sticky":false,"template":"","format":"standard","meta":{"_acf_changed":false,"_seopress_robots_primary_cat":"","_seopress_titles_title":"","_seopress_titles_desc":"","_seopress_robots_index":"","footnotes":""},"categories":[31],"tags":[],"class_list":["post-4069","post","type-post","status-publish","format-standard","hentry","category-non-classifiee"],"acf":[],"_links":{"self":[{"href":"https:\/\/pafso.com\/fr\/wp-json\/wp\/v2\/posts\/4069","targetHints":{"allow":["GET"]}}],"collection":[{"href":"https:\/\/pafso.com\/fr\/wp-json\/wp\/v2\/posts"}],"about":[{"href":"https:\/\/pafso.com\/fr\/wp-json\/wp\/v2\/types\/post"}],"author":[{"embeddable":true,"href":"https:\/\/pafso.com\/fr\/wp-json\/wp\/v2\/users\/1"}],"replies":[{"embeddable":true,"href":"https:\/\/pafso.com\/fr\/wp-json\/wp\/v2\/comments?post=4069"}],"version-history":[{"count":1,"href":"https:\/\/pafso.com\/fr\/wp-json\/wp\/v2\/posts\/4069\/revisions"}],"predecessor-version":[{"id":4470,"href":"https:\/\/pafso.com\/fr\/wp-json\/wp\/v2\/posts\/4069\/revisions\/4470"}],"wp:attachment":[{"href":"https:\/\/pafso.com\/fr\/wp-json\/wp\/v2\/media?parent=4069"}],"wp:term":[{"taxonomy":"category","embeddable":true,"href":"https:\/\/pafso.com\/fr\/wp-json\/wp\/v2\/categories?post=4069"},{"taxonomy":"post_tag","embeddable":true,"href":"https:\/\/pafso.com\/fr\/wp-json\/wp\/v2\/tags?post=4069"}],"curies":[{"name":"wp","href":"https:\/\/api.w.org\/{rel}","templated":true}]}}